{"id":140127,"date":"2025-08-27T10:40:27","date_gmt":"2025-08-27T08:40:27","guid":{"rendered":"https:\/\/www.mojevrijeme.hr\/magazin\/?p=140127"},"modified":"2025-08-27T10:43:06","modified_gmt":"2025-08-27T08:43:06","slug":"umjesto-sa-65-hrvati-bi-u-mirovinu-10-godina-ranije","status":"publish","type":"post","link":"https:\/\/www.mojevrijeme.hr\/magazin\/2025\/08\/umjesto-sa-65-hrvati-bi-u-mirovinu-10-godina-ranije\/","title":{"rendered":"Umjesto sa 65, Hrvati bi u mirovinu 10 godina ranije"},"content":{"rendered":"\n<p>Ako je pitati hrvatske gra\u0111ane, aktualna propisana dob za starosnu mirovinu je previsoka. Podsjetimo, sindikati su 2019. godine referendumskom inicijativom \u201c67 je previ\u0161e\u201d zaustavili planirano pove\u0107anje granice na 67 godina pa je ta granica i danas postavljena na 65. Prosje\u010dna dob korisnika sveukupne starosne mirovine koji su pravo na mirovinu ostvarili u 2025. godini je 64 godine, pokazuju to najnoviji podaci Hrvatskog zavoda za mirovinsko osiguranje.<\/p>\n\n\n\n<p>No anketa koju smo proveli pokazuje da mnogi \u017eele prestati raditi znatno ranije i to prvenstveno zbog zdravih godina koje bi mogli provesti u mirovini i u\u017eivati. Naime, prema OECD-u, Hrvati u dobi od 65 godina mogu o\u010dekivati tek oko 5,2 godine \u017eivota u dobrom zdravlju, \u0161to je malo u usporedbi sa zemljama u kojima se du\u017ee radi. Na primjer, u \u0160vedskoj, Francuskoj ili Norve\u0161koj taj broj iznosi od 9 do 10 godina.<\/p>\n\n\n\n<h3 class=\"wp-block-heading\">Naj\u010de\u0161\u0107i odgovor \u2013 55 godina<\/h3>\n\n\n\n<p>Velik broj na\u0161ih ispitanika, njih \u010dak 40 posto, isti\u010de 55. godinu \u017eivota kao idealnu za umirovljenje. Dragica nam tako ka\u017ee: &#8220;Taman da ti ostane jo\u0161 ne\u0161to zdravog \u017eivota. Jer te na poslu iscijede pa dok se i dokopa\u0161 dana\u0161nje mirovine samo obilazi\u0161 doktore.&#8221; Sli\u010dno misli i Goranka: &#8220;Do 55, sve dalje je patnja. Tko ho\u0107e, neka radi i dalje. Ovo danas je zlostavljanje! Ja \u0107u sa 64 i tri mjeseca, ali to nije normalno!&#8221;<\/p><div id=\"mojev-756603903\" class=\"mojev-u-tekstu mojev-entity-placement\" style=\"margin-left: auto;margin-right: auto;text-align: center;\"><div class=\"mojev-adlabel\">oglas<\/div><div style=\"height: 250px;\"><script async src=\"https:\/\/pagead2.googlesyndication.com\/pagead\/js\/adsbygoogle.js?client=ca-pub-8106111766207173\"\r\n     crossorigin=\"anonymous\"><\/script>\r\n<!-- Prikazni 1 u tekstu -->\r\n<ins class=\"adsbygoogle\"\r\n     style=\"display:block\"\r\n     data-ad-client=\"ca-pub-8106111766207173\"\r\n     data-ad-slot=\"8535551207\"\r\n     data-ad-format=\"auto\"\r\n     data-full-width-responsive=\"true\"><\/ins>\r\n<script>\r\n     (adsbygoogle = window.adsbygoogle || []).push({});\r\n<\/script><\/div><\/div><br style=\"clear: both; display: block; float: none;\"\/>\n\n\n\n<p>Beti nagla\u0161ava kako bi od 55. godine radije radila na pola radnog vremena: &#8220;<em>Satrali <\/em>su du\u0161u u meni. Mo\u017eda bih radila na \u010detiri sata. Ima opcija. Ne mora biti dosadno u penziji.&#8221; Ka\u017ee, posvetila bi se \u010ditanju, \u0161etnji s psom ili vo\u017enji motorom.<\/p>\n\n\n\n<h3 class=\"wp-block-heading\">Neki bi jo\u0161 ranije \u2013 ve\u0107 sa 50<\/h3>\n\n\n\n<p>Dio smatra da bi bilo idealno oti\u0107i ve\u0107 s 50 godina. Tako nam Silvana ka\u017ee: &#8220;\u0160ta manje raditi i \u0161ta ranije u mirovinu. Da, umiroviti se s 50 godina. Dosta brate.&#8221; Branka nagla\u0161ava da bi s ranim po\u010detkom rada to bilo sasvim po\u0161teno: &#8220;Ako po\u010dne\u0161 raditi s 15 ili 18, do 50 je taman. Ostane jo\u0161 malo vremena za u\u017eivanje.<\/p>\n\n\n\n<h3 class=\"wp-block-heading\">Zdrava mjera \u2013 60 godina<\/h3>\n\n\n\n<p>Nekima se \u010dini da je kompromis oko 60. Slavica to obrazla\u017ee ovako: &#8220;Stresni posao izaziva prebrza oboljenja, a te\u0161ki fizi\u010dki poslovi tjelesna. Po meni treba raditi do 60 godina. Nakon toga ostaje jo\u0161 snage za dru\u017eenja, putovanja i unuke.&#8221; An\u0111elka danas \u017eali \u0161to nije mogla ranije: &#8220;Oti\u0161la sam sa 64. Zadnje dvije su mi bile najte\u017ee, mislim da bi bilo bolje da sam mogla oti\u0107i sa 60.&#8221;<\/p>\n\n\n\n<p><strong>I<\/strong>ako zakon ka\u017ee 65, Hrvati bi najradije mirovinu vidjeli barem deset godina ranije. No to je u ovom trenutku tek pusti sanak.<\/p>\n<div id=\"mojev-154097312\" class=\"mojev-kraj-teksta mojev-entity-placement\" style=\"margin-bottom: 20px;margin-left: auto;margin-right: auto;text-align: center;\"><div class=\"mojev-adlabel\">oglas<\/div><div style=\"height: 250px;\"><script async src=\"https:\/\/pagead2.googlesyndication.com\/pagead\/js\/adsbygoogle.js?client=ca-pub-8106111766207173\"\r\n     crossorigin=\"anonymous\"><\/script>\r\n<!-- Display-1 -->\r\n<ins class=\"adsbygoogle\"\r\n     style=\"display:block\"\r\n     data-ad-client=\"ca-pub-8106111766207173\"\r\n     data-ad-slot=\"1465712950\"\r\n     data-ad-format=\"auto\"\r\n     data-full-width-responsive=\"true\"><\/ins>\r\n<script>\r\n     (adsbygoogle = window.adsbygoogle || []).push({});\r\n<\/script><\/div><\/div>","protected":false},"excerpt":{"rendered":"<p>Gotovo polovica na\u0161ih ispitanika smatra da bi se u mirovinu trebalo i\u0107i sa 55 godina. Ka\u017eu da im nakon 65. godine ostaju samo lije\u010dnici i bolnice.<\/p>\n","protected":false},"author":1,"featured_media":82197,"comment_status":"closed","ping_status":"closed","sticky":false,"template":"","format":"standard","meta":{"footnotes":""},"categories":[9],"tags":[1231,2706],"class_list":["post-140127","post","type-post","status-publish","format-standard","has-post-thumbnail","hentry","category-vijesti","tag-anketa","tag-dob-za-umirovljenje"],"_links":{"self":[{"href":"https:\/\/www.mojevrijeme.hr\/magazin\/wp-json\/wp\/v2\/posts\/140127","targetHints":{"allow":["GET"]}}],"collection":[{"href":"https:\/\/www.mojevrijeme.hr\/magazin\/wp-json\/wp\/v2\/posts"}],"about":[{"href":"https:\/\/www.mojevrijeme.hr\/magazin\/wp-json\/wp\/v2\/types\/post"}],"author":[{"embeddable":true,"href":"https:\/\/www.mojevrijeme.hr\/magazin\/wp-json\/wp\/v2\/users\/1"}],"replies":[{"embeddable":true,"href":"https:\/\/www.mojevrijeme.hr\/magazin\/wp-json\/wp\/v2\/comments?post=140127"}],"version-history":[{"count":11,"href":"https:\/\/www.mojevrijeme.hr\/magazin\/wp-json\/wp\/v2\/posts\/140127\/revisions"}],"predecessor-version":[{"id":140138,"href":"https:\/\/www.mojevrijeme.hr\/magazin\/wp-json\/wp\/v2\/posts\/140127\/revisions\/140138"}],"wp:featuredmedia":[{"embeddable":true,"href":"https:\/\/www.mojevrijeme.hr\/magazin\/wp-json\/wp\/v2\/media\/82197"}],"wp:attachment":[{"href":"https:\/\/www.mojevrijeme.hr\/magazin\/wp-json\/wp\/v2\/media?parent=140127"}],"wp:term":[{"taxonomy":"category","embeddable":true,"href":"https:\/\/www.mojevrijeme.hr\/magazin\/wp-json\/wp\/v2\/categories?post=140127"},{"taxonomy":"post_tag","embeddable":true,"href":"https:\/\/www.mojevrijeme.hr\/magazin\/wp-json\/wp\/v2\/tags?post=140127"}],"curies":[{"name":"wp","href":"https:\/\/api.w.org\/{rel}","templated":true}]}}