{"id":140261,"date":"2025-08-30T00:16:00","date_gmt":"2025-08-29T22:16:00","guid":{"rendered":"https:\/\/www.mojevrijeme.hr\/magazin\/?p=140261"},"modified":"2025-08-30T00:16:02","modified_gmt":"2025-08-29T22:16:02","slug":"antonija-68-sin-je-razveden-poveo-me-na-more-da-mu-cuvam-djecu-2","status":"publish","type":"post","link":"https:\/\/www.mojevrijeme.hr\/magazin\/2025\/08\/antonija-68-sin-je-razveden-poveo-me-na-more-da-mu-cuvam-djecu-2\/","title":{"rendered":"Antonija (68): &#8216;Sin me poveo na more da kuham i pazim na djecu&#8217;"},"content":{"rendered":"\n<p>Na dan razgovora, gospo\u0111a Antonija je provodila peti dan na moru s unucima i sinom. &#8220;Starija unuka \u2013 sedam joj je godina &#8211; u po\u010detku je malo izvoljevala, mislila je da \u0107u je slu\u017eiti. Odmah sam joj dala do znanja da sa mnom ne mo\u017ee tako. Postavila sam pravila, sada zna gdje stoje sandale, gdje se sla\u017ee odje\u0107a, kad je vrijeme ru\u010dka, a kad sladoleda i pogotovo kad se ide na spavanje. I sad smo si super. A mali, koji ima tri godine, on je stvarno dobrica&#8221;, ispri\u010dala nam je.<\/p>\n\n\n\n<p>Rekla je sinu, govori nam, da ode sam s njima, da on to sve mo\u017ee i bez mene. &#8220;Popustila sam kad mi je rekao da mu je va\u017eno da im svaki dan skuham neki zdraviji ru\u010dak. Naravno da sad samo ne kuham, treba i oprati su\u0111e i malo pospremiti i na pla\u017ei sam puno s njima. Problem mi je dr\u017eati ih u hladu, a ja se ne osje\u0107am dobro na suncu zbog visokog tlaka pa \u010dim iza\u0111em iz vode, sklanjam se. Tu ih onda prepustim sinu, nek&#8217; ih on malo lovi. Ionako je previ\u0161e na mobitelu, nekad pomislim da sam s troje male djece tu&#8221;, rekla je.<\/p>\n\n\n\n<h3 class=\"wp-block-heading\">Sin ne voli kuhati<\/h3>\n\n\n\n<p>Nave\u010der, ka\u017ee, malo pro\u0161e\u0107u do mjesta, odu na sladoled i djeca jedva do\u010dekaju krevet. &#8220;Izmori ih sunce, more, stalno ska\u010du i u pokretu su. Ja onda malo predahnem, sjednem na balkon, pogledam malo vijesti na mobitelu. Sin je jednu ve\u010der iza\u0161ao u bar, a ostale dane je bio s nama&#8221;, ka\u017ee nam gospo\u0111a Antonija.<\/p><div id=\"mojev-2266918052\" class=\"mojev-u-tekstu mojev-entity-placement\" style=\"margin-left: auto;margin-right: auto;text-align: center;\"><div class=\"mojev-adlabel\">oglas<\/div><div style=\"height: 250px;\"><script async src=\"https:\/\/pagead2.googlesyndication.com\/pagead\/js\/adsbygoogle.js?client=ca-pub-8106111766207173\"\r\n     crossorigin=\"anonymous\"><\/script>\r\n<!-- Prikazni 1 u tekstu -->\r\n<ins class=\"adsbygoogle\"\r\n     style=\"display:block\"\r\n     data-ad-client=\"ca-pub-8106111766207173\"\r\n     data-ad-slot=\"8535551207\"\r\n     data-ad-format=\"auto\"\r\n     data-full-width-responsive=\"true\"><\/ins>\r\n<script>\r\n     (adsbygoogle = window.adsbygoogle || []).push({});\r\n<\/script><\/div><\/div><br style=\"clear: both; display: block; float: none;\"\/>\n\n\n\n<p>\u017dao joj je, govori, kad ga vidi utu\u010denog. &#8220;Ovo mu je prvo ljeto da je sam s djecom, vidim da ga sve to jo\u0161 mu\u010di, nijedan razvod nije bezbolan pa nije bio ni njegov. Ina\u010de je odgovoran prema djeci, sve bi dao za njih, zato sam i i\u0161la s njima, nek&#8217; ih se malo nau\u017eiva dok ja kuham i pospremam. Ne bi on financijski izdr\u017eao da se oni hrane vani po restoranima, a za nakuhavanje nema volje. Poku\u0161avam ga malo nagovarati da po\u010dne kuhati, zbog djece i sebe, ali ne \u017eeli&#8221;, doznajemo od na\u0161e sugovornice.<\/p>\n\n\n\n<p>Jednom dnevno, ka\u017ee, nazove ju i snaha. &#8220;Ja bih voljela da ona nazove njega kao biv\u0161eg supruga i majka zajedni\u010dke djece, ali se inate jedno drugome pa s njim komunicira samo kad mora. Ina\u010de zove mene, pita za djecu, strepi previ\u0161e, nema povjerenja u njega. To je i prije bio veliki problem kod njih, htjela je da sve bude po njenom, a sada kad ne mo\u017ee u\u017eivo kontrolirati, zove i ispituje, ne\u0107u re\u0107i pametuje, majka im je! Ja stvarno mislim da nema razloga za brigu&#8221;, govori nam.<\/p>\n\n\n\n<h3 class=\"wp-block-heading\">Pretrpjela kao majka i svekrva<\/h3>\n\n\n\n<p>Pretrpjela je, ka\u017ee, i ona dosta dok su sin i snaha imali problema u braku, i poslije dok su se razvodili. &#8220;Bilo je dana kad me zvala ona pa se \u017ealila na njega, a nakon nje me zvao on pa govorio protiv nje. Molila sam ih da mi dovedu djecu na sat, dva, tri, da se u miru dogovaraju \u0161to \u0107e i kako \u0107e, a ne pred djecom. Njezini ne \u017eive u istome gradu, a mi smo si bile u korektnim odnosima. Mislim da je mene \u010de\u0161\u0107e zvala i da bi mi ukazala na to da je moj sin kriv za njihov razvod, no ja ga mijenjati ne mogu&#8221;, rekla je.<\/p>\n\n\n\n<p>&#8220;Kako si prostru, tako \u0107e i le\u0107i, to im ja mogu re\u0107i. Majka sam, sina ni unu\u010dadi se odre\u0107i ne\u0107u. Pomo\u0107i \u0107u im koliko god mogu. Udovica sam i imam vremena, a imam jo\u0161 i malo snage za njih. Najvi\u0161e \u017eelim da djeca stasaju u normalne, zdrave i po\u0161tene ljude. Sada ih rje\u0111e vi\u0111am, ali imamo lijep odnos&#8221;, rekla je gospo\u0111a Antonija i vratila se svojim morskim radostima s dje\u010dicom. <em>(r)<\/em><\/p>\n\n\n\n<div id=\"crveno\"><\/p>\n\n\n\n<h3 class=\"wp-block-heading\">Zanima nas va\u0161a pri\u010da<\/h3>\n\n\n\n<p>\u017delite li i vi, posve anonimno, podijeliti svoje iskustvo i vi\u0111enje ove teme s nama i na\u0161im \u010ditateljima, mo\u017eete to u\u010diniti putem web obrasca <a rel=\"noreferrer noopener\" href=\"https:\/\/www.mojevrijeme.hr\/magazin\/povjerljivo\/\" target=\"_blank\">Povjerljivo<\/a>. Napi\u0161ite svoju pri\u010du!<\/p>\n\n\n\n<p><\/div>\n<div id=\"mojev-4106513535\" class=\"mojev-kraj-teksta mojev-entity-placement\" style=\"margin-bottom: 20px;margin-left: auto;margin-right: auto;text-align: center;\"><div class=\"mojev-adlabel\">oglas<\/div><div style=\"height: 250px;\"><script async src=\"https:\/\/pagead2.googlesyndication.com\/pagead\/js\/adsbygoogle.js?client=ca-pub-8106111766207173\"\r\n     crossorigin=\"anonymous\"><\/script>\r\n<!-- Display-1 -->\r\n<ins class=\"adsbygoogle\"\r\n     style=\"display:block\"\r\n     data-ad-client=\"ca-pub-8106111766207173\"\r\n     data-ad-slot=\"1465712950\"\r\n     data-ad-format=\"auto\"\r\n     data-full-width-responsive=\"true\"><\/ins>\r\n<script>\r\n     (adsbygoogle = window.adsbygoogle || []).push({});\r\n<\/script><\/div><\/div>","protected":false},"excerpt":{"rendered":"<p>Umirovljenica Antonija (68) ljetuje na otoku Ugljanu, a na tjedan dana u apartman ju je poveo i sve platio njezin sin Neven. Kako nam je ispri\u010dala, on je rastavljen, a djeca jo\u0161 mala pa je lak\u0161e kad je ona s njima. Malo se u po\u010detku brinula kako \u0107e taj odmor izgledati, ali, ka\u017ee, &#8216;ekipa se uhodala&#8217;.<\/p>\n","protected":false},"author":17,"featured_media":84164,"comment_status":"closed","ping_status":"closed","sticky":false,"template":"","format":"standard","meta":{"footnotes":""},"categories":[3552],"tags":[1353,252],"class_list":["post-140261","post","type-post","status-publish","format-standard","has-post-thumbnail","hentry","category-povjerljivo","tag-baka-servis","tag-razvod"],"_links":{"self":[{"href":"https:\/\/www.mojevrijeme.hr\/magazin\/wp-json\/wp\/v2\/posts\/140261","targetHints":{"allow":["GET"]}}],"collection":[{"href":"https:\/\/www.mojevrijeme.hr\/magazin\/wp-json\/wp\/v2\/posts"}],"about":[{"href":"https:\/\/www.mojevrijeme.hr\/magazin\/wp-json\/wp\/v2\/types\/post"}],"author":[{"embeddable":true,"href":"https:\/\/www.mojevrijeme.hr\/magazin\/wp-json\/wp\/v2\/users\/17"}],"replies":[{"embeddable":true,"href":"https:\/\/www.mojevrijeme.hr\/magazin\/wp-json\/wp\/v2\/comments?post=140261"}],"version-history":[{"count":1,"href":"https:\/\/www.mojevrijeme.hr\/magazin\/wp-json\/wp\/v2\/posts\/140261\/revisions"}],"predecessor-version":[{"id":140263,"href":"https:\/\/www.mojevrijeme.hr\/magazin\/wp-json\/wp\/v2\/posts\/140261\/revisions\/140263"}],"wp:featuredmedia":[{"embeddable":true,"href":"https:\/\/www.mojevrijeme.hr\/magazin\/wp-json\/wp\/v2\/media\/84164"}],"wp:attachment":[{"href":"https:\/\/www.mojevrijeme.hr\/magazin\/wp-json\/wp\/v2\/media?parent=140261"}],"wp:term":[{"taxonomy":"category","embeddable":true,"href":"https:\/\/www.mojevrijeme.hr\/magazin\/wp-json\/wp\/v2\/categories?post=140261"},{"taxonomy":"post_tag","embeddable":true,"href":"https:\/\/www.mojevrijeme.hr\/magazin\/wp-json\/wp\/v2\/tags?post=140261"}],"curies":[{"name":"wp","href":"https:\/\/api.w.org\/{rel}","templated":true}]}}