{"id":140275,"date":"2025-08-30T11:07:35","date_gmt":"2025-08-30T09:07:35","guid":{"rendered":"https:\/\/www.mojevrijeme.hr\/magazin\/?p=140275"},"modified":"2025-08-30T11:14:43","modified_gmt":"2025-08-30T09:14:43","slug":"draga-ksenija-kcer-me-odbacila-jer-kucu-i-vikendicu-ostavljam-crkvi","status":"publish","type":"post","link":"https:\/\/www.mojevrijeme.hr\/magazin\/2025\/08\/draga-ksenija-kcer-me-odbacila-jer-kucu-i-vikendicu-ostavljam-crkvi\/","title":{"rendered":"Draga Ksenija: K\u0107i me odbacila jer ku\u0107u i vikendicu ostavljam Crkvi"},"content":{"rendered":"\n<p><strong>Draga Ksenija<\/strong>, moja k\u0107i ima 30 godina, dobar posao i pristojnu pla\u0107u. Pokojni mu\u017e i ja dali smo joj sve \u0161to smo mogli; fakultet i komforan stan. Smatram da je time imala puno bolji start od ve\u0107ine svojih vr\u0161njaka.<\/p>\n\n\n\n<p>Nedavno sam pravno uredila da nakon moje smrti moja ku\u0107a i skromna vikendica kraj Ra\u017eanca pripadnu \u010dasnim sestrama. Vjerujem da \u0107e one znati iskoristiti tu imovinu za op\u0107e dobro. \u017delim ostaviti trag dobrote u svijetu. Tu odluku sam donijela samostalno i za nju jako malo ljudi zna.<\/p>\n\n\n\n<p>Kad sam to rekla k\u0107eri, reagirala je burno. Rekla mi je da se nikada nije trebala odre\u0107i o\u010deve ostavine u moju korist. Ona i ina\u010de nije sklona religiji, iako je i\u0161la na vjeronauk i ima sakramente. Mislim da ju je ba\u0161 to razjarilo. Rekla mi je da sam luda. Od tada ne razgovara sa mnom, ne zove me niti me obilazi. Osje\u0107am se povrije\u0111eno jer mislim da, s obzirom na sve \u0161to sam joj dala, ne zaslu\u017eujem takav odnos. Ne znam kako dalje i \u0161to u\u010diniti. Oprostila sam joj sve. \u010cak sam u\u010dinila i prvi korak prema njoj, ali bez uspjeha. <em>Blagoslovljena, ali tu\u017ena<\/em><\/p><div id=\"mojev-939194818\" class=\"mojev-u-tekstu mojev-entity-placement\" style=\"margin-left: auto;margin-right: auto;text-align: center;\"><div class=\"mojev-adlabel\">oglas<\/div><div style=\"height: 250px;\"><script async src=\"https:\/\/pagead2.googlesyndication.com\/pagead\/js\/adsbygoogle.js?client=ca-pub-8106111766207173\"\r\n     crossorigin=\"anonymous\"><\/script>\r\n<!-- Prikazni 1 u tekstu -->\r\n<ins class=\"adsbygoogle\"\r\n     style=\"display:block\"\r\n     data-ad-client=\"ca-pub-8106111766207173\"\r\n     data-ad-slot=\"8535551207\"\r\n     data-ad-format=\"auto\"\r\n     data-full-width-responsive=\"true\"><\/ins>\r\n<script>\r\n     (adsbygoogle = window.adsbygoogle || []).push({});\r\n<\/script><\/div><\/div><br style=\"clear: both; display: block; float: none;\"\/>\n\n\n\n<h3 class=\"wp-block-heading\">&#8220;Va\u0161i razlozi su osobni, ali trebate ih objasniti k\u0107eri&#8221;<\/h3>\n\n\n\n<p><strong>Draga Blagoslovljena, ali tu\u017ena<\/strong>, imate pravo raspolagati svojom imovinom kako \u017eelite pa \u010dak i kada kr\u0161ite nekakve obi\u010daje dru\u0161tva u kojem \u017eivimo. Mogu razumjeti da je va\u0161u k\u0107er ta vijest zatekla i da se osje\u0107a pomalo izdano. Ne opravdavam njezinu burnu reakciju, ali svi smo mi ljudi. I ja bih, da sam na njezinu mjestu, ostala bez rije\u010di. Pogotovo ako joj odluku niste prethodno objasnili.<\/p>\n\n\n\n<p>Pisali ste mi o \u017eelji da ostavite trag dobrote, ali ne znam ni\u0161ta o va\u0161oj pravoj motivaciji za ovaj \u010din. Vjerujem da su ti razlozi vrlo osobni i da biste o njima trebali porazgovarati s k\u0107eri; ne da je pridobijete, nego da vas bolje razumije. Mo\u017eda biste i vi trebali saslu\u0161ati nju.<\/p>\n\n\n\n<p>Rekla bih i da ste djelomi\u010dno pogrije\u0161ili. Ako je rije\u010d o imovini koju ste stjecali zajedno s njenim ocem, trebali ste i nju uklju\u010diti u dono\u0161enje odluke, \u010dak i ako se odrekla ostavine u va\u0161u korist. Sigurno je to u\u010dinila jer je ra\u010dunala da \u0107e joj jednog dana sve pripasti. <\/p>\n\n\n\n<p>No va\u0161a k\u0107i bi trebala biti svjesna da ste joj ve\u0107 pribavili stan i da u cijeloj pri\u010di ne ostaje &#8220;kratkih rukava&#8221;. Za sada joj, ako mo\u017eete, dajte vremena. Povla\u010denje i \u0161utnja ne zna\u010de trajni prekid. Vi ste dobra majka. A kad se emocije slegnu, i ona \u0107e to ponovno vidjeti. A i relativno ste mladi pa se oko svega jo\u0161 stignete dogovoriti i predomisliti. <em>Ksenija<\/em><\/p>\n\n\n\n<div id=\"crveno\"><\/p>\n\n\n\n<h3 class=\"wp-block-heading\">Pi\u0161ite Kseniji!<\/h3>\n\n\n\n<p>\u017delite li <strong>anonimno<\/strong> postaviti pitanje i posavjetovati se s na\u0161om kolumnisticom i \u017eivotnom savjetnicom Ksenijom Habunek ili samo ispri\u010dati svoju pri\u010du i vi\u0111enje ove teme, mo\u017eete to u\u010diniti putem internetskog obrasca klikom na <a href=\"https:\/\/www.mojevrijeme.hr\/magazin\/draga-ksenija\/\"><strong>ovu poveznicu<\/strong><\/a>.<\/p>\n\n\n\n<p>Ostala pitanja i Ksenijine odgovore potra\u017eite na <a href=\"https:\/\/www.mojevrijeme.hr\/magazin\/category\/povjerljivo\/draga-ksenija\/\"><strong>ovoj poveznici<\/strong><\/a>.<\/p>\n\n\n\n<p><\/div>\n\n\n\n<p><\/p>\n<div id=\"mojev-1967093276\" class=\"mojev-kraj-teksta mojev-entity-placement\" style=\"margin-bottom: 20px;margin-left: auto;margin-right: auto;text-align: center;\"><div class=\"mojev-adlabel\">oglas<\/div><div style=\"height: 250px;\"><script async src=\"https:\/\/pagead2.googlesyndication.com\/pagead\/js\/adsbygoogle.js?client=ca-pub-8106111766207173\"\r\n     crossorigin=\"anonymous\"><\/script>\r\n<!-- Display-1 -->\r\n<ins class=\"adsbygoogle\"\r\n     style=\"display:block\"\r\n     data-ad-client=\"ca-pub-8106111766207173\"\r\n     data-ad-slot=\"1465712950\"\r\n     data-ad-format=\"auto\"\r\n     data-full-width-responsive=\"true\"><\/ins>\r\n<script>\r\n     (adsbygoogle = window.adsbygoogle || []).push({});\r\n<\/script><\/div><\/div>","protected":false},"excerpt":{"rendered":"<p>\u010citateljica je odlu\u010dila nekretnine darovati religijskoj zajednici kojoj pripada, no s tim se ne sla\u017ee k\u0107i koja se osje\u0107a izdano. \u017divotna savjetnica Ksenija Habunek sagledava situaciju s obje strane i nudi put ka oporavku odnosa. <\/p>\n","protected":false},"author":11,"featured_media":140289,"comment_status":"closed","ping_status":"closed","sticky":false,"template":"","format":"standard","meta":{"footnotes":""},"categories":[4133],"tags":[739,3600,2748],"class_list":["post-140275","post","type-post","status-publish","format-standard","has-post-thumbnail","hentry","category-draga-ksenija","tag-crkva","tag-majke-i-kceri","tag-raspolaganje-imovinom"],"_links":{"self":[{"href":"https:\/\/www.mojevrijeme.hr\/magazin\/wp-json\/wp\/v2\/posts\/140275","targetHints":{"allow":["GET"]}}],"collection":[{"href":"https:\/\/www.mojevrijeme.hr\/magazin\/wp-json\/wp\/v2\/posts"}],"about":[{"href":"https:\/\/www.mojevrijeme.hr\/magazin\/wp-json\/wp\/v2\/types\/post"}],"author":[{"embeddable":true,"href":"https:\/\/www.mojevrijeme.hr\/magazin\/wp-json\/wp\/v2\/users\/11"}],"replies":[{"embeddable":true,"href":"https:\/\/www.mojevrijeme.hr\/magazin\/wp-json\/wp\/v2\/comments?post=140275"}],"version-history":[{"count":19,"href":"https:\/\/www.mojevrijeme.hr\/magazin\/wp-json\/wp\/v2\/posts\/140275\/revisions"}],"predecessor-version":[{"id":140297,"href":"https:\/\/www.mojevrijeme.hr\/magazin\/wp-json\/wp\/v2\/posts\/140275\/revisions\/140297"}],"wp:featuredmedia":[{"embeddable":true,"href":"https:\/\/www.mojevrijeme.hr\/magazin\/wp-json\/wp\/v2\/media\/140289"}],"wp:attachment":[{"href":"https:\/\/www.mojevrijeme.hr\/magazin\/wp-json\/wp\/v2\/media?parent=140275"}],"wp:term":[{"taxonomy":"category","embeddable":true,"href":"https:\/\/www.mojevrijeme.hr\/magazin\/wp-json\/wp\/v2\/categories?post=140275"},{"taxonomy":"post_tag","embeddable":true,"href":"https:\/\/www.mojevrijeme.hr\/magazin\/wp-json\/wp\/v2\/tags?post=140275"}],"curies":[{"name":"wp","href":"https:\/\/api.w.org\/{rel}","templated":true}]}}