{"id":140423,"date":"2025-09-01T16:35:02","date_gmt":"2025-09-01T14:35:02","guid":{"rendered":"https:\/\/www.mojevrijeme.hr\/magazin\/?p=140423"},"modified":"2025-09-01T16:35:18","modified_gmt":"2025-09-01T14:35:18","slug":"milka-pred-sudom-pakiranje-isto-a-gramaza-manja","status":"publish","type":"post","link":"https:\/\/www.mojevrijeme.hr\/magazin\/2025\/09\/milka-pred-sudom-pakiranje-isto-a-gramaza-manja\/","title":{"rendered":"Milka pred sudom: Pakiranje isto, a grama\u017ea manja"},"content":{"rendered":"\n<p>Hambur\u0161ka udruga za za\u0161titu potro\u0161a\u010da tu\u017eila je proizvo\u0111a\u010da \u010dokolade Mondelez pred Zemaljskim sudom u Bremenu. Naime, rije\u010d je o kompaniji koja proizvodi popularnu Milku. Potro\u0161a\u010di proizvo\u0111a\u010du zamjeraju navodno nelojalnu konkurenciju jer se, prema njihovom mi\u0161ljenju, radi o zavaravaju\u0107em pakiranju.<\/p>\n\n\n\n<p>Razlika izme\u0111u starih i novih plo\u010dica \u010dokolade te\u0161ko je uo\u010dljiva: ambala\u017ea i dizajn ostali su isti, dok je nova plo\u010dica samo oko jedan milimetar tanja. To je rezultiralo time da je masa sa 100 pala na 90 grama, javlja portal za informiranje potro\u0161a\u010da <a href=\"https:\/\/koliko.hr\/2025\/09\/01\/potrosaci-tuze-milku-plocice-manje-cijena-ista\/\">Koliko.HR<\/a>.<\/p>\n\n\n\n<p>&#8220;Brojni potro\u0161a\u010di ve\u0107 godinama kupuju Milka \u010dokolade u poznatom pakiranju i polaze od toga da se koli\u010dina nije promijenila&#8221;, rekao je <strong>Armin Valet<\/strong>, stru\u010dnjak za prehrambene proizvode pri hambur\u0161koj udruzi za za\u0161titu potro\u0161a\u010da. &#8220;No oni su prevareni jer mnoge vrste sada sadr\u017ee samo 90 grama i to po istoj ili \u010dak vi\u0161oj cijeni.&#8221; Na ambala\u017ei nema jasne obavijesti o smanjenju sadr\u017eaja, a upravo takvu oznaku \u017eele ishoditi tu\u017ebom. Tako\u0111er je te\u017eina ve\u0107ih plo\u010dica smanjena s 270 na 250 grama.<\/p><div id=\"mojev-4050674954\" class=\"mojev-u-tekstu mojev-entity-placement\" style=\"margin-left: auto;margin-right: auto;text-align: center;\"><div class=\"mojev-adlabel\">oglas<\/div><div style=\"height: 250px;\"><script async src=\"https:\/\/pagead2.googlesyndication.com\/pagead\/js\/adsbygoogle.js?client=ca-pub-8106111766207173\"\r\n     crossorigin=\"anonymous\"><\/script>\r\n<!-- Prikazni 1 u tekstu -->\r\n<ins class=\"adsbygoogle\"\r\n     style=\"display:block\"\r\n     data-ad-client=\"ca-pub-8106111766207173\"\r\n     data-ad-slot=\"8535551207\"\r\n     data-ad-format=\"auto\"\r\n     data-full-width-responsive=\"true\"><\/ins>\r\n<script>\r\n     (adsbygoogle = window.adsbygoogle || []).push({});\r\n<\/script><\/div><\/div><br style=\"clear: both; display: block; float: none;\"\/>\n\n\n\n<p>Osim toga, hambur\u0161ka udruga tra\u017ei od Savezne vlade uvo\u0111enje obvezuju\u0107ih pravila za smanjivanje pakiranja. Proizvo\u0111a\u010di bi morali najmanje \u0161est mjeseci stavljati upozorenje na pakiranje, a i sama ambala\u017ea trebala bi biti proporcionalno manja s obzirom na smanjeni sadr\u017eaj. Udruga ve\u0107 vodi popis zavaravaju\u0107ih pakiranja s vi\u0161e od 1.000 proizvoda.<\/p>\n\n\n\n<h2 class=\"wp-block-heading\">\u0160to ka\u017ee proizvo\u0111a\u010d?<\/h2>\n\n\n\n<p>Tvrtka Mondelez Deutschland navodi da je nova te\u017eina jasno ozna\u010dena na pakiranju te da su potro\u0161a\u010di o promjenama bili informirani putem dru\u0161tvenih mre\u017ea. Pove\u0107anje cijena, tvrde, povezano je s rastom tro\u0161kova u opskrbnom lancu i poskupljenjem sastojaka poput kakaa.<\/p>\n\n\n\n<p>Prema podacima suda u Bremenu, Mondelez Deutschland imat \u0107e priliku o\u010ditovati se o tu\u017ebi, nakon \u010dega \u0107e sudsko vije\u0107e odlu\u010diti o daljnjem postupku.<\/p>\n\n\n\n<p>Podsjetimo, 2024. godine Mondelez je u drugom postupku morao platiti kaznu: Europska komisija optu\u017eila je koncern da je godinama naru\u0161avao tr\u017ei\u0161no natjecanje i zlorabio svoju tr\u017ei\u0161nu mo\u0107 kako bi umjetno pove\u0107ao cijene proizvoda. Tvrtki je tada izre\u010dena nov\u010dana kazna od 337,5 milijuna eura.<\/p>\n<div id=\"mojev-3941577868\" class=\"mojev-kraj-teksta mojev-entity-placement\" style=\"margin-bottom: 20px;margin-left: auto;margin-right: auto;text-align: center;\"><div class=\"mojev-adlabel\">oglas<\/div><div style=\"height: 250px;\"><script async src=\"https:\/\/pagead2.googlesyndication.com\/pagead\/js\/adsbygoogle.js?client=ca-pub-8106111766207173\"\r\n     crossorigin=\"anonymous\"><\/script>\r\n<!-- Display-1 -->\r\n<ins class=\"adsbygoogle\"\r\n     style=\"display:block\"\r\n     data-ad-client=\"ca-pub-8106111766207173\"\r\n     data-ad-slot=\"1465712950\"\r\n     data-ad-format=\"auto\"\r\n     data-full-width-responsive=\"true\"><\/ins>\r\n<script>\r\n     (adsbygoogle = window.adsbygoogle || []).push({});\r\n<\/script><\/div><\/div>","protected":false},"excerpt":{"rendered":"<p>Udruga za za\u0161titu potro\u0161a\u010da tvrdi da Milka kupce dovodi u zabludu jer su plo\u010dice smanjene s 100 na 90 grama, dok su cijena i pakiranje ostali isti.<\/p>\n","protected":false},"author":1,"featured_media":136831,"comment_status":"closed","ping_status":"closed","sticky":false,"template":"","format":"standard","meta":{"footnotes":""},"categories":[9],"tags":[366,4704,4783,4020],"class_list":["post-140423","post","type-post","status-publish","format-standard","has-post-thumbnail","hentry","category-vijesti","tag-cokolada","tag-kolikohr","tag-milka","tag-zastita-potrosaca"],"_links":{"self":[{"href":"https:\/\/www.mojevrijeme.hr\/magazin\/wp-json\/wp\/v2\/posts\/140423","targetHints":{"allow":["GET"]}}],"collection":[{"href":"https:\/\/www.mojevrijeme.hr\/magazin\/wp-json\/wp\/v2\/posts"}],"about":[{"href":"https:\/\/www.mojevrijeme.hr\/magazin\/wp-json\/wp\/v2\/types\/post"}],"author":[{"embeddable":true,"href":"https:\/\/www.mojevrijeme.hr\/magazin\/wp-json\/wp\/v2\/users\/1"}],"replies":[{"embeddable":true,"href":"https:\/\/www.mojevrijeme.hr\/magazin\/wp-json\/wp\/v2\/comments?post=140423"}],"version-history":[{"count":4,"href":"https:\/\/www.mojevrijeme.hr\/magazin\/wp-json\/wp\/v2\/posts\/140423\/revisions"}],"predecessor-version":[{"id":140427,"href":"https:\/\/www.mojevrijeme.hr\/magazin\/wp-json\/wp\/v2\/posts\/140423\/revisions\/140427"}],"wp:featuredmedia":[{"embeddable":true,"href":"https:\/\/www.mojevrijeme.hr\/magazin\/wp-json\/wp\/v2\/media\/136831"}],"wp:attachment":[{"href":"https:\/\/www.mojevrijeme.hr\/magazin\/wp-json\/wp\/v2\/media?parent=140423"}],"wp:term":[{"taxonomy":"category","embeddable":true,"href":"https:\/\/www.mojevrijeme.hr\/magazin\/wp-json\/wp\/v2\/categories?post=140423"},{"taxonomy":"post_tag","embeddable":true,"href":"https:\/\/www.mojevrijeme.hr\/magazin\/wp-json\/wp\/v2\/tags?post=140423"}],"curies":[{"name":"wp","href":"https:\/\/api.w.org\/{rel}","templated":true}]}}