{"id":140484,"date":"2025-09-02T14:16:50","date_gmt":"2025-09-02T12:16:50","guid":{"rendered":"https:\/\/www.mojevrijeme.hr\/magazin\/?p=140484"},"modified":"2025-09-02T14:18:25","modified_gmt":"2025-09-02T12:18:25","slug":"grad-zagreb-izdao-preporuku-mobiteli-van-iz-skola","status":"publish","type":"post","link":"https:\/\/www.mojevrijeme.hr\/magazin\/2025\/09\/grad-zagreb-izdao-preporuku-mobiteli-van-iz-skola\/","title":{"rendered":"Grad Zagreb izdao preporuku: Mobitele van iz \u0161kola!"},"content":{"rendered":"\n<p>Grad Zagreb izdao je preporuku zagreba\u010dkim osnovnim \u0161kolama da zabrane kori\u0161tenje mobitela, rekla je zamjenica gradona\u010delnika Zagreba Danijela Dolenec. Naime, do sada je ve\u0107i broj \u0161kola samoinicijativno uveo pravilo &#8220;bez mobitela&#8221;, a nakon gradske preporuke trebale bi to u\u010diniti i preostale \u0161kole. <\/p>\n\n\n\n<p>Dolenec ka\u017ee da je to pripremano tijekom protekle \u0161kolske godine, anketirane su \u0161kole i aktivirano gradsko Povjerenstvo za prevenciju ovisnosti koje je dalo stru\u010dnu preporuku.<\/p>\n\n\n\n<p>&#8220;Kori\u0161tenje mobitela i pametnih telefona ima niz negativnih posljedica, na mentalno zdravlje, spavanje, koncentraciju, obiteljske odnose, izlo\u017eenost online nasilju, \u0161to su pokazala brojna istra\u017eivanja, te je ve\u0107i broj zemalja pokrenuo razli\u010dite inicijative u vezi s ograni\u010davanjem ili zabranom kori\u0161tenja mobitela u \u0161kolama&#8221;, rekla je Dolenec.<\/p><div id=\"mojev-2663252258\" class=\"mojev-u-tekstu mojev-entity-placement\" style=\"margin-left: auto;margin-right: auto;text-align: center;\"><div class=\"mojev-adlabel\">oglas<\/div><div style=\"height: 250px;\"><script async src=\"https:\/\/pagead2.googlesyndication.com\/pagead\/js\/adsbygoogle.js?client=ca-pub-8106111766207173\"\r\n     crossorigin=\"anonymous\"><\/script>\r\n<!-- Prikazni 1 u tekstu -->\r\n<ins class=\"adsbygoogle\"\r\n     style=\"display:block\"\r\n     data-ad-client=\"ca-pub-8106111766207173\"\r\n     data-ad-slot=\"8535551207\"\r\n     data-ad-format=\"auto\"\r\n     data-full-width-responsive=\"true\"><\/ins>\r\n<script>\r\n     (adsbygoogle = window.adsbygoogle || []).push({});\r\n<\/script><\/div><\/div><br style=\"clear: both; display: block; float: none;\"\/>\n\n\n\n<p>&#8220;Prili\u010dno smo sigurni da je to dobar korak, on sigurno sam po sebi ne rje\u0161ava pitanja kori\u0161tenja dru\u0161tvenih mre\u017ea u premladoj dobi i pitanja mentalnog zdravlja kod djece zbog velike koli\u010dine vremena koje provode online, ali je korak u dobrom smjeru&#8221;, izjavila je dogradona\u010delnica.<\/p>\n<div id=\"mojev-3952555630\" class=\"mojev-kraj-teksta mojev-entity-placement\" style=\"margin-bottom: 20px;margin-left: auto;margin-right: auto;text-align: center;\"><div class=\"mojev-adlabel\">oglas<\/div><div style=\"height: 250px;\"><script async src=\"https:\/\/pagead2.googlesyndication.com\/pagead\/js\/adsbygoogle.js?client=ca-pub-8106111766207173\"\r\n     crossorigin=\"anonymous\"><\/script>\r\n<!-- Display-1 -->\r\n<ins class=\"adsbygoogle\"\r\n     style=\"display:block\"\r\n     data-ad-client=\"ca-pub-8106111766207173\"\r\n     data-ad-slot=\"1465712950\"\r\n     data-ad-format=\"auto\"\r\n     data-full-width-responsive=\"true\"><\/ins>\r\n<script>\r\n     (adsbygoogle = window.adsbygoogle || []).push({});\r\n<\/script><\/div><\/div>","protected":false},"excerpt":{"rendered":"<p>Prema istra\u017eivanju Instituta za dru\u0161tvena istra\u017eivanja u Zagrebu iz 2022. godine, vi\u0161e od 85 posto nastavnika podr\u017eava zabranu kori\u0161tenja mobitela u \u0161kolama, kao i ve\u0107ina djece do petog razreda.<\/p>\n","protected":false},"author":1,"featured_media":85215,"comment_status":"closed","ping_status":"closed","sticky":false,"template":"","format":"standard","meta":{"footnotes":""},"categories":[9],"tags":[543,434,39],"class_list":["post-140484","post","type-post","status-publish","format-standard","has-post-thumbnail","hentry","category-vijesti","tag-mobiteli","tag-skola","tag-zagreb"],"_links":{"self":[{"href":"https:\/\/www.mojevrijeme.hr\/magazin\/wp-json\/wp\/v2\/posts\/140484","targetHints":{"allow":["GET"]}}],"collection":[{"href":"https:\/\/www.mojevrijeme.hr\/magazin\/wp-json\/wp\/v2\/posts"}],"about":[{"href":"https:\/\/www.mojevrijeme.hr\/magazin\/wp-json\/wp\/v2\/types\/post"}],"author":[{"embeddable":true,"href":"https:\/\/www.mojevrijeme.hr\/magazin\/wp-json\/wp\/v2\/users\/1"}],"replies":[{"embeddable":true,"href":"https:\/\/www.mojevrijeme.hr\/magazin\/wp-json\/wp\/v2\/comments?post=140484"}],"version-history":[{"count":3,"href":"https:\/\/www.mojevrijeme.hr\/magazin\/wp-json\/wp\/v2\/posts\/140484\/revisions"}],"predecessor-version":[{"id":140487,"href":"https:\/\/www.mojevrijeme.hr\/magazin\/wp-json\/wp\/v2\/posts\/140484\/revisions\/140487"}],"wp:featuredmedia":[{"embeddable":true,"href":"https:\/\/www.mojevrijeme.hr\/magazin\/wp-json\/wp\/v2\/media\/85215"}],"wp:attachment":[{"href":"https:\/\/www.mojevrijeme.hr\/magazin\/wp-json\/wp\/v2\/media?parent=140484"}],"wp:term":[{"taxonomy":"category","embeddable":true,"href":"https:\/\/www.mojevrijeme.hr\/magazin\/wp-json\/wp\/v2\/categories?post=140484"},{"taxonomy":"post_tag","embeddable":true,"href":"https:\/\/www.mojevrijeme.hr\/magazin\/wp-json\/wp\/v2\/tags?post=140484"}],"curies":[{"name":"wp","href":"https:\/\/api.w.org\/{rel}","templated":true}]}}