{"id":140687,"date":"2025-09-06T09:19:19","date_gmt":"2025-09-06T07:19:19","guid":{"rendered":"https:\/\/www.mojevrijeme.hr\/magazin\/?p=140687"},"modified":"2025-09-06T20:45:08","modified_gmt":"2025-09-06T18:45:08","slug":"preminula-je-baddie-winkle-zabavna-prabaka-koja-je-stilom-osvojila-svijet","status":"publish","type":"post","link":"https:\/\/www.mojevrijeme.hr\/magazin\/2025\/09\/preminula-je-baddie-winkle-zabavna-prabaka-koja-je-stilom-osvojila-svijet\/","title":{"rendered":"Preminula je Baddie Winkle, zabavna prabaka koja je stilom osvojila svijet"},"content":{"rendered":"\n<p>Internetska senzacija <strong>Baddie Winkle<\/strong>, prabaka poznata po rasko\u0161nim i upadljivim odjevnim kombinacijama, preminula je u 97. godini \u017eivota.<\/p>\n\n\n\n<p>Vijest o njezinoj smrti u petak je na Instagramu objavila njezina praunuka. &#8220;Ju\u010der je zavr\u0161ila jedna era i zvijezda se popela na nebo. Moja prabaka Helen Ruth Elam Vanwinkle otplesala je svoj put u raj. Bila je radost, bunt i nje\u017enost ujedinjeni u jednoj osobi&#8221;, napisala je. \u201cKruna je vje\u010dna, a njezina ljubav na mnogim razinama \u017eivjet \u0107e zauvijek. Ovo nije zbogom. Vidimo se kasnije, moja superzvijezdo&#8221;, dodala je praunuka. U objavi uzrok smrti nije priop\u0107en.<\/p>\n\n\n\n<p>Van Winkle, koja je u biografiji \u0161aljivo napisala da &#8220;krade mu\u017eeve od 1928.&#8221;, ostat \u0107e zapam\u0107ena kao simbol veselja i slobode koji je u poznim godinama inspirirao milijune ljudi diljem svijeta. Na prva fotografiranja za dru\u0161tvene mre\u017ee nagovorila ju je praunuka, nakon \u010dega je postala senzacija i vode\u0107e lice nekoliko modnih kampanja.<\/p><div id=\"mojev-887811146\" class=\"mojev-u-tekstu mojev-entity-placement\" style=\"margin-left: auto;margin-right: auto;text-align: center;\"><div class=\"mojev-adlabel\">oglas<\/div><div style=\"height: 250px;\"><script async src=\"https:\/\/pagead2.googlesyndication.com\/pagead\/js\/adsbygoogle.js?client=ca-pub-8106111766207173\"\r\n     crossorigin=\"anonymous\"><\/script>\r\n<!-- Prikazni 1 u tekstu -->\r\n<ins class=\"adsbygoogle\"\r\n     style=\"display:block\"\r\n     data-ad-client=\"ca-pub-8106111766207173\"\r\n     data-ad-slot=\"8535551207\"\r\n     data-ad-format=\"auto\"\r\n     data-full-width-responsive=\"true\"><\/ins>\r\n<script>\r\n     (adsbygoogle = window.adsbygoogle || []).push({});\r\n<\/script><\/div><\/div><br style=\"clear: both; display: block; float: none;\"\/>\n\n\n\n<p>&#8220;Va\u017eno je sanjati i \u017eeljeti velike stvari jer \u017eivite samo jednom i svaki dan se ra\u010duna. U\u017eivam do daske. Nikada niste prestari da ostvarite snove. Sanjati velike stvari je dobro, sanjati male stvari je tako\u0111er dobro. \u017divite svoje snove. Planirajte budu\u0107nost i vi\u0161e \u0107ete se zabavljati. Vi\u0161e sam se zabavila kao \u2018Baddie Winkle\u2019 nego ikad prije&#8221;, izjavila je svojevremeno.<\/p>\n\n\n\n<figure class=\"wp-block-image size-large\"><img loading=\"lazy\" decoding=\"async\" width=\"740\" height=\"410\" src=\"https:\/\/www.mojevrijeme.hr\/magazin\/wp-content\/uploads\/2018\/12\/baddie-winkle-740x410.jpg\" alt=\"moda za starije\" class=\"wp-image-19896\" srcset=\"https:\/\/www.mojevrijeme.hr\/magazin\/wp-content\/uploads\/2018\/12\/baddie-winkle.jpg 740w, https:\/\/www.mojevrijeme.hr\/magazin\/wp-content\/uploads\/2018\/12\/baddie-winkle-636x352.jpg 636w\" sizes=\"auto, (max-width: 740px) 100vw, 740px\" \/><figcaption class=\"wp-element-caption\">Baddie Winkle (foto: baddiewinkle\/Instagram)<\/figcaption><\/figure>\n\n\n\n<p>K\u0107i siroma\u0161nog rudara iz Isto\u010dnog Kentuckyja svojim vr\u0161njacima je govorila: &#8220;\u010cak i ako ste stari poput mene, budite aktivni, umjesto da cijeli dan kunjate u naslonja\u010du prave\u0107i se da je \u017eivot gotov!&#8221; Svojim mrziteljima je odgovarala: &#8220;Molim za vas.&#8221;<\/p>\n<div id=\"mojev-1474075348\" class=\"mojev-kraj-teksta mojev-entity-placement\" style=\"margin-bottom: 20px;margin-left: auto;margin-right: auto;text-align: center;\"><div class=\"mojev-adlabel\">oglas<\/div><div style=\"height: 250px;\"><script async src=\"https:\/\/pagead2.googlesyndication.com\/pagead\/js\/adsbygoogle.js?client=ca-pub-8106111766207173\"\r\n     crossorigin=\"anonymous\"><\/script>\r\n<!-- Display-1 -->\r\n<ins class=\"adsbygoogle\"\r\n     style=\"display:block\"\r\n     data-ad-client=\"ca-pub-8106111766207173\"\r\n     data-ad-slot=\"1465712950\"\r\n     data-ad-format=\"auto\"\r\n     data-full-width-responsive=\"true\"><\/ins>\r\n<script>\r\n     (adsbygoogle = window.adsbygoogle || []).push({});\r\n<\/script><\/div><\/div>","protected":false},"excerpt":{"rendered":"<p>Baddie Winkle, buntovna prabaka koja je postala ikona Instagrama, preminula je u 97. godini. Njezina poruka bila je jasna: nikad nije kasno za snove, zabavu i \u017eivot pun boja.<\/p>\n","protected":false},"author":1,"featured_media":140688,"comment_status":"closed","ping_status":"closed","sticky":false,"template":"","format":"standard","meta":{"footnotes":""},"categories":[84],"tags":[1177,724],"class_list":["post-140687","post","type-post","status-publish","format-standard","has-post-thumbnail","hentry","category-show","tag-baddie-winkle","tag-in-memoriam"],"_links":{"self":[{"href":"https:\/\/www.mojevrijeme.hr\/magazin\/wp-json\/wp\/v2\/posts\/140687","targetHints":{"allow":["GET"]}}],"collection":[{"href":"https:\/\/www.mojevrijeme.hr\/magazin\/wp-json\/wp\/v2\/posts"}],"about":[{"href":"https:\/\/www.mojevrijeme.hr\/magazin\/wp-json\/wp\/v2\/types\/post"}],"author":[{"embeddable":true,"href":"https:\/\/www.mojevrijeme.hr\/magazin\/wp-json\/wp\/v2\/users\/1"}],"replies":[{"embeddable":true,"href":"https:\/\/www.mojevrijeme.hr\/magazin\/wp-json\/wp\/v2\/comments?post=140687"}],"version-history":[{"count":10,"href":"https:\/\/www.mojevrijeme.hr\/magazin\/wp-json\/wp\/v2\/posts\/140687\/revisions"}],"predecessor-version":[{"id":140723,"href":"https:\/\/www.mojevrijeme.hr\/magazin\/wp-json\/wp\/v2\/posts\/140687\/revisions\/140723"}],"wp:featuredmedia":[{"embeddable":true,"href":"https:\/\/www.mojevrijeme.hr\/magazin\/wp-json\/wp\/v2\/media\/140688"}],"wp:attachment":[{"href":"https:\/\/www.mojevrijeme.hr\/magazin\/wp-json\/wp\/v2\/media?parent=140687"}],"wp:term":[{"taxonomy":"category","embeddable":true,"href":"https:\/\/www.mojevrijeme.hr\/magazin\/wp-json\/wp\/v2\/categories?post=140687"},{"taxonomy":"post_tag","embeddable":true,"href":"https:\/\/www.mojevrijeme.hr\/magazin\/wp-json\/wp\/v2\/tags?post=140687"}],"curies":[{"name":"wp","href":"https:\/\/api.w.org\/{rel}","templated":true}]}}