{"id":140889,"date":"2025-09-10T22:28:01","date_gmt":"2025-09-10T20:28:01","guid":{"rendered":"https:\/\/www.mojevrijeme.hr\/magazin\/?p=140889"},"modified":"2025-09-10T22:28:02","modified_gmt":"2025-09-10T20:28:02","slug":"grad-varazdin-poveo-umirovljenike-na-besplatno-brckanje-platio-je-i-rucak","status":"publish","type":"post","link":"https:\/\/www.mojevrijeme.hr\/magazin\/2025\/09\/grad-varazdin-poveo-umirovljenike-na-besplatno-brckanje-platio-je-i-rucak\/","title":{"rendered":"Grad Vara\u017edin poveo umirovljenike na besplatno br\u010dkanje, platio je i ru\u010dak"},"content":{"rendered":"\n<p>Utorak, 9. rujna, bio je poseban dan za \u010dak 350 vara\u017edinskih umirovljenika koji su rano ujutro krenuli na jednodnevni izlet na more u organizaciji Grada Vara\u017edina.<\/p>\n\n\n\n<p>S parkirali\u0161ta u Graberju u 5:45 sati krenulo je sedam autobusa, a umirovljenike je na put ispratio i pozdravio zamjenik gradona\u010delnika i saborski zastupnik <strong>Miroslav Markovi\u0107<\/strong>. Na sjedalima autobusa do\u010dekao ih je i novi broj gradskog komunalnog lista Verglec, koji je poslu\u017eio kao zabavno \u0161tivo na putu prema moru.<\/p>\n\n\n\n<p>Prema fotografijama koje je gradona\u010delniku poslala umirovljena novinarka Karmen Gumbas, Vara\u017edinci su imali sre\u0107e s vremenom pa su u\u017eivali u kupanju, \u0161etnjama i dru\u017eenju u Mo\u0161\u0107eni\u010dkoj Dragi. Grad Vara\u017edin pokrio je sve tro\u0161kove izleta iz prora\u010duna; organizaciju puta, klipi\u0107e za doru\u010dak, ru\u010dak s pi\u0107em; u ukupnom iznosu od 24.150 eura. <\/p><div id=\"mojev-3713745962\" class=\"mojev-u-tekstu mojev-entity-placement\" style=\"margin-left: auto;margin-right: auto;text-align: center;\"><div class=\"mojev-adlabel\">oglas<\/div><div style=\"height: 250px;\"><script async src=\"https:\/\/pagead2.googlesyndication.com\/pagead\/js\/adsbygoogle.js?client=ca-pub-8106111766207173\"\r\n     crossorigin=\"anonymous\"><\/script>\r\n<!-- Prikazni 1 u tekstu -->\r\n<ins class=\"adsbygoogle\"\r\n     style=\"display:block\"\r\n     data-ad-client=\"ca-pub-8106111766207173\"\r\n     data-ad-slot=\"8535551207\"\r\n     data-ad-format=\"auto\"\r\n     data-full-width-responsive=\"true\"><\/ins>\r\n<script>\r\n     (adsbygoogle = window.adsbygoogle || []).push({});\r\n<\/script><\/div><\/div><br style=\"clear: both; display: block; float: none;\"\/>\n\n\n\n<p>Povratak umirovljenika u Vara\u017edin bio je oko 22 sata, \u010dime je zaklju\u010den jo\u0161 jedan uspje\u0161an projekt namijenjen pobolj\u0161anju kvalitete \u017eivota starijih sugra\u0111ana. Naime, boravak uz more dokazano povoljno djeluje na di\u0161ni sustav, poti\u010de cirkulaciju te olak\u0161ava kretanje jer voda rastere\u0107uje zglobove i mi\u0161i\u0107e. <\/p>\n\n\n\n<p>Jednako va\u017ean je i utjecaj na psihi\u010dko zdravlje. Zvuk valova, miris mora i sun\u010deva toplina podi\u017eu raspolo\u017eenje, a zajedni\u010dki izlet pru\u017ea osje\u0107aj zajedni\u0161tva i priliku za dru\u017eenje. Upravo zato ovakvi izleti imaju vrijednost koja nadilazi jednodnevno putovanje; oni donose osje\u0107aj vedrine i motivacije koji umirovljenicima ostaje i nakon povratka ku\u0107i.<\/p>\n<div id=\"mojev-2943021047\" class=\"mojev-kraj-teksta mojev-entity-placement\" style=\"margin-bottom: 20px;margin-left: auto;margin-right: auto;text-align: center;\"><div class=\"mojev-adlabel\">oglas<\/div><div style=\"height: 250px;\"><script async src=\"https:\/\/pagead2.googlesyndication.com\/pagead\/js\/adsbygoogle.js?client=ca-pub-8106111766207173\"\r\n     crossorigin=\"anonymous\"><\/script>\r\n<!-- Display-1 -->\r\n<ins class=\"adsbygoogle\"\r\n     style=\"display:block\"\r\n     data-ad-client=\"ca-pub-8106111766207173\"\r\n     data-ad-slot=\"1465712950\"\r\n     data-ad-format=\"auto\"\r\n     data-full-width-responsive=\"true\"><\/ins>\r\n<script>\r\n     (adsbygoogle = window.adsbygoogle || []).push({});\r\n<\/script><\/div><\/div>","protected":false},"excerpt":{"rendered":"<p>Vara\u017edinski umirovljenici znaju iskoristiti najbolje dane za odmor; kad ljetne vru\u0107ine popuste, a more je i dalje dovoljno toplo za kupanje i dru\u017eenje. Upravo takav ugo\u0111aj imali su na jednodnevnom izletu u Mo\u0161\u0107eni\u010dkoj Dragi.<\/p>\n","protected":false},"author":1,"featured_media":140890,"comment_status":"closed","ping_status":"closed","sticky":false,"template":"","format":"standard","meta":{"footnotes":""},"categories":[9],"tags":[4480,77,877],"class_list":["post-140889","post","type-post","status-publish","format-standard","has-post-thumbnail","hentry","category-vijesti","tag-izleti","tag-umirovljenici","tag-varazdin"],"_links":{"self":[{"href":"https:\/\/www.mojevrijeme.hr\/magazin\/wp-json\/wp\/v2\/posts\/140889","targetHints":{"allow":["GET"]}}],"collection":[{"href":"https:\/\/www.mojevrijeme.hr\/magazin\/wp-json\/wp\/v2\/posts"}],"about":[{"href":"https:\/\/www.mojevrijeme.hr\/magazin\/wp-json\/wp\/v2\/types\/post"}],"author":[{"embeddable":true,"href":"https:\/\/www.mojevrijeme.hr\/magazin\/wp-json\/wp\/v2\/users\/1"}],"replies":[{"embeddable":true,"href":"https:\/\/www.mojevrijeme.hr\/magazin\/wp-json\/wp\/v2\/comments?post=140889"}],"version-history":[{"count":2,"href":"https:\/\/www.mojevrijeme.hr\/magazin\/wp-json\/wp\/v2\/posts\/140889\/revisions"}],"predecessor-version":[{"id":140892,"href":"https:\/\/www.mojevrijeme.hr\/magazin\/wp-json\/wp\/v2\/posts\/140889\/revisions\/140892"}],"wp:featuredmedia":[{"embeddable":true,"href":"https:\/\/www.mojevrijeme.hr\/magazin\/wp-json\/wp\/v2\/media\/140890"}],"wp:attachment":[{"href":"https:\/\/www.mojevrijeme.hr\/magazin\/wp-json\/wp\/v2\/media?parent=140889"}],"wp:term":[{"taxonomy":"category","embeddable":true,"href":"https:\/\/www.mojevrijeme.hr\/magazin\/wp-json\/wp\/v2\/categories?post=140889"},{"taxonomy":"post_tag","embeddable":true,"href":"https:\/\/www.mojevrijeme.hr\/magazin\/wp-json\/wp\/v2\/tags?post=140889"}],"curies":[{"name":"wp","href":"https:\/\/api.w.org\/{rel}","templated":true}]}}