{"id":140961,"date":"2025-09-12T12:54:25","date_gmt":"2025-09-12T10:54:25","guid":{"rendered":"https:\/\/www.mojevrijeme.hr\/magazin\/?p=140961"},"modified":"2025-09-12T14:18:36","modified_gmt":"2025-09-12T12:18:36","slug":"jesu-li-umirovljenici-upropastili-sebe-mirovinski-sustav-i-svoju-djecu","status":"publish","type":"post","link":"https:\/\/www.mojevrijeme.hr\/magazin\/2025\/09\/jesu-li-umirovljenici-upropastili-sebe-mirovinski-sustav-i-svoju-djecu\/","title":{"rendered":"Jesu li umirovljenici upropastili mirovinski sustav, budu\u0107nost djece i unuka?"},"content":{"rendered":"\n<p>Pitanje odr\u017eivosti mirovinskog sustava ne postavlja se samo u Hrvatskoj. Europa sjedi na socijalnoj bombi koja bi mogla svaki \u010das eksplodirati, a zovemo ju mirovinskim sustavom. Sve \u010de\u0161\u0107e se u prvi plan stavlja neugodno pitanje: snose li dio odgovornosti za dana\u0161nju krizu upravo aktualni i skori umirovljenici, takozvana <em>bejbibum<\/em> generacija?<\/p>\n\n\n\n<p>To je generacija ro\u0111ena izme\u0111u 1945. i 1964. godine koja je odrastala u vremenu gospodarskog uzleta, kada su pla\u0107e i standard rasli, a dr\u017eave su se zadu\u017eivale bez ve\u0107ih ograni\u010denja; na o\u010digled svih i uz pre\u0161utno odobravanje svih.<\/p>\n\n\n\n<p>Te generacije su imale priliku oti\u0107i u mirovinu znatno ranije nego dana\u0161nji radnici i bili su uvjereni da se dr\u017eava mora pobrinuti za njihovu starost. Uz to, u novi \u017eivotni komfor nije se uklapala slika obitelji u kakvim su odrastali. Zato su imali manje djece nego njihovi roditelji, \u0161to zna\u010di da na jednog umirovljenika danas dolazi sve manje zaposlenih koji upla\u0107uju doprinose i tako financiraju mirovine.<\/p><div id=\"mojev-3086990076\" class=\"mojev-u-tekstu mojev-entity-placement\" style=\"margin-left: auto;margin-right: auto;text-align: center;\"><div class=\"mojev-adlabel\">oglas<\/div><div style=\"height: 250px;\"><script async src=\"https:\/\/pagead2.googlesyndication.com\/pagead\/js\/adsbygoogle.js?client=ca-pub-8106111766207173\"\r\n     crossorigin=\"anonymous\"><\/script>\r\n<!-- Prikazni 1 u tekstu -->\r\n<ins class=\"adsbygoogle\"\r\n     style=\"display:block\"\r\n     data-ad-client=\"ca-pub-8106111766207173\"\r\n     data-ad-slot=\"8535551207\"\r\n     data-ad-format=\"auto\"\r\n     data-full-width-responsive=\"true\"><\/ins>\r\n<script>\r\n     (adsbygoogle = window.adsbygoogle || []).push({});\r\n<\/script><\/div><\/div><br style=\"clear: both; display: block; float: none;\"\/>\n\n\n\n<p>Sada se, me\u0111utim, ra\u010dun ispostavlja. Hrvatske mirovine ple\u0161u na rubu bijede, Njema\u010dka tra\u017ei rje\u0161enja za galopiraju\u0107e siroma\u0161tvo tamo\u0161njih starih, a sli\u010dne vijesti dolaze i iz drugih europskih zemalja. Istovremeno, mladi s niskim pla\u0107ama i nestabilnim ugovorima, u prekarnom <em>modu <\/em>\u017eivota, sve \u010de\u0161\u0107e sumnjaju da \u0107e sami ikada primati mirovinu. Neravnote\u017ea izme\u0111u generacija postaje sve o\u010ditija, a nezadovoljstvo sse prelijeva dru\u0161tvenim mre\u017eama, ponekad i ulicama.<\/p>\n\n\n\n<h3 class=\"wp-block-heading\">Tko \u0107e ponijeti teret?<\/h3>\n\n\n\n<p>U Njema\u010dkoj je vode\u0107i ekonomski institut DIW predlo\u017eio uvo\u0111enje posebnog &#8220;solidarnog doprinosa <em>bejbibumera<\/em>\u201d. \u201c<strong>Bejbibumeri<\/strong> bi trebali stajati iza svojih odluka&#8221;, poru\u010dio je \u0161ef DIW-a <strong>Marcel Fratzscher<\/strong> za <em>S\u00fcddeutsche Zeitung<\/em>.<\/p>\n\n\n\n<p>&#8220;Imali su malo djece, a radni vijek jedva je rastao u skladu s o\u010dekivanim \u017eivotnim vijekom. Zato bi trebali pla\u0107ati dodatni porez&#8221;, ka\u017ee Fratzscher. Upozorio je i da s produljenjem \u017eivota naglo rastu tro\u0161kovi zdravstva i skrbi, koje nije mogu\u0107e trajno prebacivati na mla\u0111e generacije. Je li uop\u0107e po\u0161teno taj teret prebaciti na le\u0111a djece i unuka? Pitanje je koje se sve \u010de\u0161\u0107e postavlja. <\/p>\n\n\n\n<h3 class=\"wp-block-heading\">Desnica koristi bijes mladih<\/h3>\n\n\n\n<p>Sli\u010dan generacijski sukob tinja i u Francuskoj. Ondje je za\u017eivio pokret <em>#NicolasQuiPaie<\/em> (Nicolas pla\u0107a ra\u010dun) u kojem milenijalci prozivaju <em>bejbibumere <\/em>da \u017eive od izda\u0161nih mirovina i subvencija dok upravo mla\u0111i radnici pla\u0107aju ceh za to. Neki politi\u010dari s desnice poku\u0161avaju zajahati taj val nezadovoljstva mladih, dok ljevica optu\u017euje da se takva kampanja pretvara u otvoreno neprijateljstvo prema starijima.<\/p>\n\n\n\n<p>Hrvatski umirovljenici nerijetko isti\u010du kako su cijeli radni vijek upla\u0107ivali doprinose i odgajali nove generacije, gradili zemlju, pre\u017eivjeli mu\u010dnu tranziciju i privatizacijsku plja\u010dku. No brojke pokazuju da je odnos radnika i umirovljenika danas gotovo izjedna\u010den, dok je o\u010dekivani \u017eivotni vijek znatno du\u017ei. Rezultat su sve ve\u0107i izdaci za mirovine i zdravstvo.<\/p>\n\n\n\n<p>Sustav je stabilan do 2070. godine, upozoravaju vladaju\u0107i politi\u010dari. No mladi\u0107i i djevojke koji danas stupaju na tr\u017ei\u0161te rada imaju se pravo pitati: \u0161to \u0107e se dogoditi te 2070. godine? Ako \u0107e do tada sve ve\u0107im doprinosima i porezima financirati sada\u0161nje i budu\u0107e mirovine, a bit \u0107e ih razmjerno sve vi\u0161e i vi\u0161e, tko \u0107e financirati njihovu starost?<\/p>\n<div id=\"mojev-4269311179\" class=\"mojev-kraj-teksta mojev-entity-placement\" style=\"margin-bottom: 20px;margin-left: auto;margin-right: auto;text-align: center;\"><div class=\"mojev-adlabel\">oglas<\/div><div style=\"height: 250px;\"><script async src=\"https:\/\/pagead2.googlesyndication.com\/pagead\/js\/adsbygoogle.js?client=ca-pub-8106111766207173\"\r\n     crossorigin=\"anonymous\"><\/script>\r\n<!-- Display-1 -->\r\n<ins class=\"adsbygoogle\"\r\n     style=\"display:block\"\r\n     data-ad-client=\"ca-pub-8106111766207173\"\r\n     data-ad-slot=\"1465712950\"\r\n     data-ad-format=\"auto\"\r\n     data-full-width-responsive=\"true\"><\/ins>\r\n<script>\r\n     (adsbygoogle = window.adsbygoogle || []).push({});\r\n<\/script><\/div><\/div>","protected":false},"excerpt":{"rendered":"<p>Bejbibumeri su u\u017eivali u sigurnim poslovima, ranom odlasku u mirovinu i povoljnim kreditima, a sve \u010de\u0161\u0107e im se predbacuje da su svojim odlukama i demografskim navikama pridonijeli uru\u0161avanju mirovinskog sustava i ostavili mla\u0111im generacijama neizvjesnu budu\u0107nost.<\/p>\n","protected":false},"author":1,"featured_media":133892,"comment_status":"closed","ping_status":"closed","sticky":false,"template":"","format":"standard","meta":{"footnotes":""},"categories":[9],"tags":[4665,1082,18,3446],"class_list":["post-140961","post","type-post","status-publish","format-standard","has-post-thumbnail","hentry","category-vijesti","tag-bejbibumeri","tag-komentar","tag-mirovine","tag-mirovinski-sustavi"],"_links":{"self":[{"href":"https:\/\/www.mojevrijeme.hr\/magazin\/wp-json\/wp\/v2\/posts\/140961","targetHints":{"allow":["GET"]}}],"collection":[{"href":"https:\/\/www.mojevrijeme.hr\/magazin\/wp-json\/wp\/v2\/posts"}],"about":[{"href":"https:\/\/www.mojevrijeme.hr\/magazin\/wp-json\/wp\/v2\/types\/post"}],"author":[{"embeddable":true,"href":"https:\/\/www.mojevrijeme.hr\/magazin\/wp-json\/wp\/v2\/users\/1"}],"replies":[{"embeddable":true,"href":"https:\/\/www.mojevrijeme.hr\/magazin\/wp-json\/wp\/v2\/comments?post=140961"}],"version-history":[{"count":14,"href":"https:\/\/www.mojevrijeme.hr\/magazin\/wp-json\/wp\/v2\/posts\/140961\/revisions"}],"predecessor-version":[{"id":140983,"href":"https:\/\/www.mojevrijeme.hr\/magazin\/wp-json\/wp\/v2\/posts\/140961\/revisions\/140983"}],"wp:featuredmedia":[{"embeddable":true,"href":"https:\/\/www.mojevrijeme.hr\/magazin\/wp-json\/wp\/v2\/media\/133892"}],"wp:attachment":[{"href":"https:\/\/www.mojevrijeme.hr\/magazin\/wp-json\/wp\/v2\/media?parent=140961"}],"wp:term":[{"taxonomy":"category","embeddable":true,"href":"https:\/\/www.mojevrijeme.hr\/magazin\/wp-json\/wp\/v2\/categories?post=140961"},{"taxonomy":"post_tag","embeddable":true,"href":"https:\/\/www.mojevrijeme.hr\/magazin\/wp-json\/wp\/v2\/tags?post=140961"}],"curies":[{"name":"wp","href":"https:\/\/api.w.org\/{rel}","templated":true}]}}