{"id":141029,"date":"2025-09-14T08:08:37","date_gmt":"2025-09-14T06:08:37","guid":{"rendered":"https:\/\/www.mojevrijeme.hr\/magazin\/?p=141029"},"modified":"2025-09-14T08:09:12","modified_gmt":"2025-09-14T06:09:12","slug":"strah-zbog-pletenja-je-li-rucni-rad-nedjeljom-grijeh-2","status":"publish","type":"post","link":"https:\/\/www.mojevrijeme.hr\/magazin\/2025\/09\/strah-zbog-pletenja-je-li-rucni-rad-nedjeljom-grijeh-2\/","title":{"rendered":"Volim plesti i heklati nedjeljom, je li to grijeh?"},"content":{"rendered":"\n<p>Na\u0161e su bake i majke odlagale pleta\u0107e igle nedjeljom uz obrazlo\u017eenje kako je baviti se ru\u010dnim radom ba\u0161 toga dana u tjednu &#8211; grijeh. Dapa\u010de, i svojim su k\u0107erima usadile tu navadu koja se uspje\u0161no prenosi iz generacije u generaciju, iako su se \u017eivotni stilovi bitno promijenili.<\/p>\n\n\n\n<p>Jedna se vjerna \u010ditateljica s tim problemom javila <a href=\"https:\/\/www.glas-koncila.hr\/dan-za-boga-i-obitelj-sto-se-smije-raditi-nedjeljom\/\" target=\"_blank\" rel=\"noreferrer noopener\">Glasu Koncila<\/a>. &#8220;Volim raditi ru\u010dne radove \u2013 vez, pletenje, ka\u010dkanje\u2026 U mojoj se okolini smatra da je grijeh raditi to nedjeljom. No ako je nedjelja dan odmora, a mene to veseli, rekreira, odmara \u2013 je li to onda dopu\u0161teno ili je grijeh? Napominjem da to radim samo za poklone dragim ljudima i za svoje zadovoljstvo&#8221;, napisala je u pismu.<\/p>\n\n\n\n<p>&#8220;Ako se mislima vratimo u dane na\u0161ih krizmani\u010dkih vjeronauka, sigurno \u0107emo se prisjetiti kako su nas na\u0161i vjerou\u010ditelji i katehete pou\u010davali da ne postoji crkveni propis koji odre\u0111uje ili nala\u017ee \u0161to nedjeljom smijemo, a \u0161to ne smijemo raditi. No znamo da je nedjelja posebno dan za bogo\u0161tovlje \u2013 za misu i molitvu, za \u010ditanje duhovnoga \u0161tiva, za obitelj, rodbinu i prijatelje. I za odmor, a Vi pi\u0161ete da Vas vezenje, pletenje i ka\u010dkanje odmara i veseli, pa ne vidimo u \u010demu bi to bio grijeh&#8221;, odgovorili su joj iz dugovje\u010dnog katoli\u010dkog tjednika. <\/p><div id=\"mojev-252772100\" class=\"mojev-u-tekstu mojev-entity-placement\" style=\"margin-left: auto;margin-right: auto;text-align: center;\"><div class=\"mojev-adlabel\">oglas<\/div><div style=\"height: 250px;\"><script async src=\"https:\/\/pagead2.googlesyndication.com\/pagead\/js\/adsbygoogle.js?client=ca-pub-8106111766207173\"\r\n     crossorigin=\"anonymous\"><\/script>\r\n<!-- Prikazni 1 u tekstu -->\r\n<ins class=\"adsbygoogle\"\r\n     style=\"display:block\"\r\n     data-ad-client=\"ca-pub-8106111766207173\"\r\n     data-ad-slot=\"8535551207\"\r\n     data-ad-format=\"auto\"\r\n     data-full-width-responsive=\"true\"><\/ins>\r\n<script>\r\n     (adsbygoogle = window.adsbygoogle || []).push({});\r\n<\/script><\/div><\/div><br style=\"clear: both; display: block; float: none;\"\/>\n\n\n\n<p>Nadalje Koncil navodi da Katekizam propisuje da nedjeljom vjernici sudjeluju ponajprije u euharistijskom slavlju na kojemu se sabire kr\u0161\u0107anska zajednica te da se trebaju odmoriti od onih radova i poslova koji bi mogli sprije\u010diti takvo svetkovanje tih dana.<\/p>\n\n\n\n<p>&#8220;Kako mislimo da Vas vezenje, pletenje i ka\u010dkanje ne odvra\u0107a niti sprje\u010dava od sudjelovanja na misi i svetkovanja, ne vidimo za\u0161to bi to bio grijeh, tim vi\u0161e \u0161to uz osobnu radost i drugima donosite veselje daruju\u0107i im ono \u0161to ste izradili. Pri tome, dakako, nemojte zaboraviti ni na obitelj, rodbinu i prijatelje i na potrebu da se u nedjelju posvetimo i njima i dru\u017eenju s njima&#8221;, stoji zaklju\u010dno u odgovoru. <em>(r)<\/em><\/p>\n<div id=\"mojev-3070765378\" class=\"mojev-kraj-teksta mojev-entity-placement\" style=\"margin-bottom: 20px;margin-left: auto;margin-right: auto;text-align: center;\"><div class=\"mojev-adlabel\">oglas<\/div><div style=\"height: 250px;\"><script async src=\"https:\/\/pagead2.googlesyndication.com\/pagead\/js\/adsbygoogle.js?client=ca-pub-8106111766207173\"\r\n     crossorigin=\"anonymous\"><\/script>\r\n<!-- Display-1 -->\r\n<ins class=\"adsbygoogle\"\r\n     style=\"display:block\"\r\n     data-ad-client=\"ca-pub-8106111766207173\"\r\n     data-ad-slot=\"1465712950\"\r\n     data-ad-format=\"auto\"\r\n     data-full-width-responsive=\"true\"><\/ins>\r\n<script>\r\n     (adsbygoogle = window.adsbygoogle || []).push({});\r\n<\/script><\/div><\/div>","protected":false},"excerpt":{"rendered":"<p>Nekad je nedjelja bila dan kada su se pleta\u0107e igle odlagale u ladicu,. No jedna vjernica pita: Ako me pletenje i heklanje opu\u0161ta i veseli, radim li ipak ne\u0161to pogre\u0161no?<\/p>\n","protected":false},"author":1,"featured_media":115764,"comment_status":"closed","ping_status":"closed","sticky":false,"template":"","format":"standard","meta":{"footnotes":""},"categories":[2],"tags":[1070,4215,2802,303,4214,713],"class_list":["post-141029","post","type-post","status-publish","format-standard","has-post-thumbnail","hentry","category-mozaik","tag-katolici","tag-kukicanje","tag-pletenje","tag-religija","tag-rucni-rad","tag-vjera"],"_links":{"self":[{"href":"https:\/\/www.mojevrijeme.hr\/magazin\/wp-json\/wp\/v2\/posts\/141029","targetHints":{"allow":["GET"]}}],"collection":[{"href":"https:\/\/www.mojevrijeme.hr\/magazin\/wp-json\/wp\/v2\/posts"}],"about":[{"href":"https:\/\/www.mojevrijeme.hr\/magazin\/wp-json\/wp\/v2\/types\/post"}],"author":[{"embeddable":true,"href":"https:\/\/www.mojevrijeme.hr\/magazin\/wp-json\/wp\/v2\/users\/1"}],"replies":[{"embeddable":true,"href":"https:\/\/www.mojevrijeme.hr\/magazin\/wp-json\/wp\/v2\/comments?post=141029"}],"version-history":[{"count":2,"href":"https:\/\/www.mojevrijeme.hr\/magazin\/wp-json\/wp\/v2\/posts\/141029\/revisions"}],"predecessor-version":[{"id":141031,"href":"https:\/\/www.mojevrijeme.hr\/magazin\/wp-json\/wp\/v2\/posts\/141029\/revisions\/141031"}],"wp:featuredmedia":[{"embeddable":true,"href":"https:\/\/www.mojevrijeme.hr\/magazin\/wp-json\/wp\/v2\/media\/115764"}],"wp:attachment":[{"href":"https:\/\/www.mojevrijeme.hr\/magazin\/wp-json\/wp\/v2\/media?parent=141029"}],"wp:term":[{"taxonomy":"category","embeddable":true,"href":"https:\/\/www.mojevrijeme.hr\/magazin\/wp-json\/wp\/v2\/categories?post=141029"},{"taxonomy":"post_tag","embeddable":true,"href":"https:\/\/www.mojevrijeme.hr\/magazin\/wp-json\/wp\/v2\/tags?post=141029"}],"curies":[{"name":"wp","href":"https:\/\/api.w.org\/{rel}","templated":true}]}}