{"id":141111,"date":"2025-09-15T19:50:00","date_gmt":"2025-09-15T17:50:00","guid":{"rendered":"https:\/\/www.mojevrijeme.hr\/magazin\/?p=141111"},"modified":"2025-09-15T19:50:41","modified_gmt":"2025-09-15T17:50:41","slug":"piletic-o-inkluzivnom-dodatku-pritisak-je-i-dalje-velik-sredstava-je-dovoljno","status":"publish","type":"post","link":"https:\/\/www.mojevrijeme.hr\/magazin\/2025\/09\/piletic-o-inkluzivnom-dodatku-pritisak-je-i-dalje-velik-sredstava-je-dovoljno\/","title":{"rendered":"Pileti\u0107 o inkluzivnom dodatku: Pritisak je i dalje velik, sredstava je dovoljno"},"content":{"rendered":"\n<p>Uvo\u0111enje inkluzivnog dodatka izazvalo je navalu zahtjeva i ozbiljne zastoje u sustavu socijalne skrbi. Dok je potkraj 2023. godine na \u010detiri razli\u010dita prava bilo manje od 150.000 korisnika, dono\u0161enjem novog zakona broj zahtjeva sko\u010dio je na vi\u0161e od 340.000.<\/p>\n\n\n\n<p>Gra\u0111ani na rje\u0161enja \u010dekaju mjesecima, ponekad i du\u017ee od godine, a iz Zavoda za socijalnu skrb obja\u0161njavaju da su preoptere\u0107eni golemim priljevom predmeta. Pitanje koje se sve \u010de\u0161\u0107e postavlja jest ho\u0107e li dr\u017eava imati dovoljno sredstava za sve korisnike. Iz Ministarstva rada i socijalne politike tvrde da razloga za zabrinutost nema. U prora\u010dunu je ve\u0107 osigurano 726 milijuna eura, a rebalansom bi se taj iznos trebao pove\u0107ati na oko 900 milijuna. <\/p>\n\n\n\n<p>I ministar <strong>Marin Pileti\u0107<\/strong> danas je u Saboru poslao umiruju\u0107u poruku osobama s invaliditetom i njihovim obiteljima. Enormne gu\u017eve u sustavu vje\u0161ta\u010denja glavni su razlog dugog \u010dekanja na rje\u0161enja o inkluzivnom dodatku, priznao je tijekom saborskog aktualnog prijepodneva.<\/p><div id=\"mojev-3037817823\" class=\"mojev-u-tekstu mojev-entity-placement\" style=\"margin-left: auto;margin-right: auto;text-align: center;\"><div class=\"mojev-adlabel\">oglas<\/div><div style=\"height: 250px;\"><script async src=\"https:\/\/pagead2.googlesyndication.com\/pagead\/js\/adsbygoogle.js?client=ca-pub-8106111766207173\"\r\n     crossorigin=\"anonymous\"><\/script>\r\n<!-- Prikazni 1 u tekstu -->\r\n<ins class=\"adsbygoogle\"\r\n     style=\"display:block\"\r\n     data-ad-client=\"ca-pub-8106111766207173\"\r\n     data-ad-slot=\"8535551207\"\r\n     data-ad-format=\"auto\"\r\n     data-full-width-responsive=\"true\"><\/ins>\r\n<script>\r\n     (adsbygoogle = window.adsbygoogle || []).push({});\r\n<\/script><\/div><\/div><br style=\"clear: both; display: block; float: none;\"\/>\n\n\n\n<p>Podsjetio je kako je zakon planiran jo\u0161 krajem 2022. godine, kada je premijer na Povjerenstvu za osobe s invaliditetom dao smjernice za dono\u0161enje dvaju zakona: o osobnoj asistenciji i o inkluzivnom dodatku. Zakon o osobnoj asistenciji stupio je na snagu u srpnju 2023., a inkluzivni dodatak od 1. sije\u010dnja 2024.<\/p>\n\n\n\n<p>&#8220;Problem oko inkluzivnog dodatka nastao je zato \u0161to veliki broj tra\u017eitelja nije imao va\u017ee\u0107i nalaz i mi\u0161ljenje. Zbog toga se u na\u0161em Zavodu za vje\u0161ta\u010denje stvorila enormna gu\u017eva&#8221;, rekao je Pileti\u0107. Dodao je kako je tijekom godine i pol primjene zakona lista \u010dekanja smanjena, ali je pritisak i dalje velik. &#8220;Rekli smo dono\u0161enjem zakona da nitko ne\u0107e ostati zakinut, nego \u0107e pravo na inkluzivni dodatak osoba s invaliditetom vrijediti od dana podno\u0161enja zahtjeva&#8221;, istaknuo je ministar. <\/p>\n\n\n\n<p>Kako bi otklonio zabrinutost korisnika, Pileti\u0107 je naglasio da je dr\u017eava osigurala dovoljno sredstava. &#8220;U suradnji s Ministarstvom financija i potpredsjednikom Primorcem izdvojili smo dostatna sredstva da se isplate svi zaostaci na ime prava inkluzivnog dodatka od dana podno\u0161enja&#8221;, poru\u010dio je. Ministar o\u010dekuje da \u0107e se u nadolaze\u0107em razdoblju gu\u017eve smanjiti, a postupak postati jednostavniji i br\u017ei.<\/p>\n<div id=\"mojev-3970049090\" class=\"mojev-kraj-teksta mojev-entity-placement\" style=\"margin-bottom: 20px;margin-left: auto;margin-right: auto;text-align: center;\"><div class=\"mojev-adlabel\">oglas<\/div><div style=\"height: 250px;\"><script async src=\"https:\/\/pagead2.googlesyndication.com\/pagead\/js\/adsbygoogle.js?client=ca-pub-8106111766207173\"\r\n     crossorigin=\"anonymous\"><\/script>\r\n<!-- Display-1 -->\r\n<ins class=\"adsbygoogle\"\r\n     style=\"display:block\"\r\n     data-ad-client=\"ca-pub-8106111766207173\"\r\n     data-ad-slot=\"1465712950\"\r\n     data-ad-format=\"auto\"\r\n     data-full-width-responsive=\"true\"><\/ins>\r\n<script>\r\n     (adsbygoogle = window.adsbygoogle || []).push({});\r\n<\/script><\/div><\/div>","protected":false},"excerpt":{"rendered":"<p>Ministar rada Marin Pileti\u0107 priznao je da je enormna gu\u017eva u vje\u0161ta\u010denjima glavni razlog ka\u0161njenja rje\u0161enja o inkluzivnom dodatku. Dodaje da nitko ne\u0107e ostati zakinut jer su osigurana sredstva za isplatu svih zaostataka od dana podno\u0161enja zahtjeva.<\/p>\n","protected":false},"author":1,"featured_media":139920,"comment_status":"closed","ping_status":"closed","sticky":false,"template":"","format":"standard","meta":{"footnotes":""},"categories":[9],"tags":[4299,3231],"class_list":["post-141111","post","type-post","status-publish","format-standard","has-post-thumbnail","hentry","category-vijesti","tag-inkluzivni-dodatak","tag-marin-piletic"],"_links":{"self":[{"href":"https:\/\/www.mojevrijeme.hr\/magazin\/wp-json\/wp\/v2\/posts\/141111","targetHints":{"allow":["GET"]}}],"collection":[{"href":"https:\/\/www.mojevrijeme.hr\/magazin\/wp-json\/wp\/v2\/posts"}],"about":[{"href":"https:\/\/www.mojevrijeme.hr\/magazin\/wp-json\/wp\/v2\/types\/post"}],"author":[{"embeddable":true,"href":"https:\/\/www.mojevrijeme.hr\/magazin\/wp-json\/wp\/v2\/users\/1"}],"replies":[{"embeddable":true,"href":"https:\/\/www.mojevrijeme.hr\/magazin\/wp-json\/wp\/v2\/comments?post=141111"}],"version-history":[{"count":6,"href":"https:\/\/www.mojevrijeme.hr\/magazin\/wp-json\/wp\/v2\/posts\/141111\/revisions"}],"predecessor-version":[{"id":141117,"href":"https:\/\/www.mojevrijeme.hr\/magazin\/wp-json\/wp\/v2\/posts\/141111\/revisions\/141117"}],"wp:featuredmedia":[{"embeddable":true,"href":"https:\/\/www.mojevrijeme.hr\/magazin\/wp-json\/wp\/v2\/media\/139920"}],"wp:attachment":[{"href":"https:\/\/www.mojevrijeme.hr\/magazin\/wp-json\/wp\/v2\/media?parent=141111"}],"wp:term":[{"taxonomy":"category","embeddable":true,"href":"https:\/\/www.mojevrijeme.hr\/magazin\/wp-json\/wp\/v2\/categories?post=141111"},{"taxonomy":"post_tag","embeddable":true,"href":"https:\/\/www.mojevrijeme.hr\/magazin\/wp-json\/wp\/v2\/tags?post=141111"}],"curies":[{"name":"wp","href":"https:\/\/api.w.org\/{rel}","templated":true}]}}