{"id":141322,"date":"2025-09-19T17:45:49","date_gmt":"2025-09-19T15:45:49","guid":{"rendered":"https:\/\/www.mojevrijeme.hr\/magazin\/?p=141322"},"modified":"2025-09-20T17:16:00","modified_gmt":"2025-09-20T15:16:00","slug":"strucnjak-otkriva-prve-znakove-da-je-vrijeme-za-pregled-vida","status":"publish","type":"post","link":"https:\/\/www.mojevrijeme.hr\/magazin\/2025\/09\/strucnjak-otkriva-prve-znakove-da-je-vrijeme-za-pregled-vida\/","title":{"rendered":"Stru\u010dnjak otkriva prve znakove da je vrijeme za pregled vida"},"content":{"rendered":"\n<p>S godinama, i oni koji su se cijeli \u017eivot ponosili dobrim vidom bez nao\u010dala ili le\u0107a, polako primijete da im ruke &#8220;postaju prekratke&#8221;, da slova u knjizi ili na mobitelu nisu vi\u0161e tako o\u0161tra kao nekad, a \u010ditanje bez dodatne pomo\u0107i postaje sve te\u017ee. To je prirodan proces starenja oka koji gotovo nikoga ne zaobilazi.<\/p>\n\n\n\n<p>&#8220;Naj\u010de\u0161\u0107e promjene na o\u010dima koje se javljaju nakon pedesete godine \u017eivota su prezbiopija ili stara\u010dka dalekovidnost. U kasnijoj fazi \u017eivota, negdje nakon 70. godine, javlja se i katarakta odnosno takozvana siva mrena&#8221;, ka\u017ee nam in\u017einjer optometrije <strong>Feliks Zupan<\/strong>, ujedno i tehni\u010dar o\u010dne optike. Dodaje, \u010dim \u010dovjek osjeti da predmete &nbsp;udaljava od sebe kako bi jasnije vidio ne\u0161to pro\u010ditati; bez obzira radi li se o knjizi ili mobitelu, to je znak da je vrijeme za posjetiti optometrista.<\/p>\n\n\n\n<p>Probleme s vidom, ka\u017ee na\u0161 sugovornik, sugeriraju i znakovi kao \u0161to su vrtoglavica, naprezanje o\u010diju, iritacija o\u010diju i glavobolja. Iako se sve vi\u0161e ljudi odlu\u010duje za neka od modernih rje\u0161enja &#8220;skidanja dioptrije&#8221;, nao\u010dale su jo\u0161 uvijek prvi izbor. &#8220;Za korekciju vida klju\u010dna su opti\u010dka pomagala kao \u0161to su dioptrijske nao\u010dale i kontaktne le\u0107e, dok bi progresivna stakla recimo bila idealno rje\u0161enje za prezbiopije. Naravno, uz neki laganiji okvir s obzirom na to da su takve nao\u010dale gotovo cijeli dan na glavi&#8221;, ka\u017ee Zupan.<\/p><div id=\"mojev-2010619516\" class=\"mojev-u-tekstu mojev-entity-placement\" style=\"margin-left: auto;margin-right: auto;text-align: center;\"><div class=\"mojev-adlabel\">oglas<\/div><div style=\"height: 250px;\"><script async src=\"https:\/\/pagead2.googlesyndication.com\/pagead\/js\/adsbygoogle.js?client=ca-pub-8106111766207173\"\r\n     crossorigin=\"anonymous\"><\/script>\r\n<!-- Prikazni 1 u tekstu -->\r\n<ins class=\"adsbygoogle\"\r\n     style=\"display:block\"\r\n     data-ad-client=\"ca-pub-8106111766207173\"\r\n     data-ad-slot=\"8535551207\"\r\n     data-ad-format=\"auto\"\r\n     data-full-width-responsive=\"true\"><\/ins>\r\n<script>\r\n     (adsbygoogle = window.adsbygoogle || []).push({});\r\n<\/script><\/div><\/div><br style=\"clear: both; display: block; float: none;\"\/>\n\n\n\n<p>Kad je rije\u010d o mreni ili katarakti, i tu su nao\u010dale nezamjenjive, ali u prevenciji. Sun\u010dane nao\u010dale, naime, nisu samo modni dodatak. &#8220;Prevencija katarakte ili sive mrene je najbolja uz no\u0161enje kvalitetnih odnosno adekvatnih sun\u010danih nao\u010dala, tako\u0111er pravovremena kontrola vida ve\u0107 i nakon 45. godine \u017eivota. Ako se na kontroli poka\u017ee i ona po\u010detna dioptrija, bolje je napraviti kvalitetne dioptrijske nao\u010dale kako bi usporili rast prezbiopije, jer prezbiopija je prvi stadij katarakte. Samim time no\u0161enjem dioptrijskih nao\u010dala usporavamo i rast katarakte&#8221;, doznajemo.<\/p>\n\n\n\n<p>Naj\u010de\u0161\u0107a zabluda na koju na\u0161 sugovornik nailazi je da no\u0161enje nao\u010dala ubrzava rast dioptrije ili pak da u po\u010decima rasta dioptrije ne treba jo\u0161 uvijek nositi nao\u010dale. &#8220;Zapravo, no\u0161enjem adekvatnih dioptrijskih nao\u010dala poma\u017eemo svojim o\u010dima da se dodatno ne optere\u0107uju i umaraju, te samim time usporavamo rast dioptrije, a na kraju krajeva i jasnije i ugodnije vidimo&#8221;, obja\u0161njava.<\/p>\n\n\n\n<h3 class=\"wp-block-heading\">Ekrani i plava svjetlost<\/h3>\n\n\n\n<p>Upotreba ra\u010dunala i mobitela o\u010dni su problem digitalnog doba, budu\u0107i da ekrani emitiraju plavu svjetlost koja umara i iritira oko pa izaziva i zamu\u0107enje vida.&#8221;Ljudsko oko ne mo\u017ee blokirati vidljivo plavo svijetlo pa se za taj problem preporu\u010daju stakla sa <em>BlueGard <\/em>ili <em>BlueProtect <\/em>filterom, bilo sa dioptrijom ili bez dioptrije&#8221;, navodi optometrist Zupan.<\/p>\n\n\n\n<p>\u017divotni stil uvelike utje\u010de na zdravlje o\u010diju, a osobito u dobi nakon pedesete godine preporu\u010da se \u010de\u0161\u0107i boravak na otvorenom u prirodi. Kontrole vida trebalo bi obaviti barem jednom u dvije godine, a i zdrava doma\u0107a hrana tako\u0111er utje\u010de na zdravlje o\u010diju.<\/p>\n\n\n\n<p>&#8220;Naravno, postoje preventivni pregledi koje u na\u0161oj Optici Feliks u Dra\u0161kovi\u0107evoj 60 odra\u0111ujemo potpuno besplatno, uz prethodno dogovoreni termin&#8221;, ka\u017ee in\u017einjer optometrije Feliks Zupan koji \u0107e vam, ne samo pregledati vid, ve\u0107 i dati stru\u010dan savjet pri odabiru nao\u010dala ili kontaktnih le\u0107a.<\/p>\n<div id=\"mojev-2053336517\" class=\"mojev-kraj-teksta mojev-entity-placement\" style=\"margin-bottom: 20px;margin-left: auto;margin-right: auto;text-align: center;\"><div class=\"mojev-adlabel\">oglas<\/div><div style=\"height: 250px;\"><script async src=\"https:\/\/pagead2.googlesyndication.com\/pagead\/js\/adsbygoogle.js?client=ca-pub-8106111766207173\"\r\n     crossorigin=\"anonymous\"><\/script>\r\n<!-- Display-1 -->\r\n<ins class=\"adsbygoogle\"\r\n     style=\"display:block\"\r\n     data-ad-client=\"ca-pub-8106111766207173\"\r\n     data-ad-slot=\"1465712950\"\r\n     data-ad-format=\"auto\"\r\n     data-full-width-responsive=\"true\"><\/ins>\r\n<script>\r\n     (adsbygoogle = window.adsbygoogle || []).push({});\r\n<\/script><\/div><\/div>","protected":false},"excerpt":{"rendered":"<p>S optometristom Feliksom Zupanom razgovarali smo o problemima s vidom koji se naj\u010de\u0161\u0107e javljaju nakon pedesete godine, ali i o zabludama koje primje\u0107uje kod ljudi koji pomo\u0107 potra\u017ee u njegovoj optici u zagreba\u010dkoj Dra\u0161kovi\u0107evoj ulici.<\/p>\n","protected":false},"author":15,"featured_media":141352,"comment_status":"closed","ping_status":"closed","sticky":false,"template":"","format":"standard","meta":{"footnotes":""},"categories":[3],"tags":[469,914,913],"class_list":["post-141322","post","type-post","status-publish","format-standard","has-post-thumbnail","hentry","category-zdravlje","tag-mrena","tag-naocale","tag-vid"],"_links":{"self":[{"href":"https:\/\/www.mojevrijeme.hr\/magazin\/wp-json\/wp\/v2\/posts\/141322","targetHints":{"allow":["GET"]}}],"collection":[{"href":"https:\/\/www.mojevrijeme.hr\/magazin\/wp-json\/wp\/v2\/posts"}],"about":[{"href":"https:\/\/www.mojevrijeme.hr\/magazin\/wp-json\/wp\/v2\/types\/post"}],"author":[{"embeddable":true,"href":"https:\/\/www.mojevrijeme.hr\/magazin\/wp-json\/wp\/v2\/users\/15"}],"replies":[{"embeddable":true,"href":"https:\/\/www.mojevrijeme.hr\/magazin\/wp-json\/wp\/v2\/comments?post=141322"}],"version-history":[{"count":20,"href":"https:\/\/www.mojevrijeme.hr\/magazin\/wp-json\/wp\/v2\/posts\/141322\/revisions"}],"predecessor-version":[{"id":141386,"href":"https:\/\/www.mojevrijeme.hr\/magazin\/wp-json\/wp\/v2\/posts\/141322\/revisions\/141386"}],"wp:featuredmedia":[{"embeddable":true,"href":"https:\/\/www.mojevrijeme.hr\/magazin\/wp-json\/wp\/v2\/media\/141352"}],"wp:attachment":[{"href":"https:\/\/www.mojevrijeme.hr\/magazin\/wp-json\/wp\/v2\/media?parent=141322"}],"wp:term":[{"taxonomy":"category","embeddable":true,"href":"https:\/\/www.mojevrijeme.hr\/magazin\/wp-json\/wp\/v2\/categories?post=141322"},{"taxonomy":"post_tag","embeddable":true,"href":"https:\/\/www.mojevrijeme.hr\/magazin\/wp-json\/wp\/v2\/tags?post=141322"}],"curies":[{"name":"wp","href":"https:\/\/api.w.org\/{rel}","templated":true}]}}