{"id":141537,"date":"2025-09-22T18:27:33","date_gmt":"2025-09-22T16:27:33","guid":{"rendered":"https:\/\/www.mojevrijeme.hr\/magazin\/?p=141537"},"modified":"2025-09-23T08:04:26","modified_gmt":"2025-09-23T06:04:26","slug":"stanisic-suh-crkvi-placam-1-000-eura-za-stan-u-kojem-sam-cijeli-zivot","status":"publish","type":"post","link":"https:\/\/www.mojevrijeme.hr\/magazin\/2025\/09\/stanisic-suh-crkvi-placam-1-000-eura-za-stan-u-kojem-sam-cijeli-zivot\/","title":{"rendered":"Stani\u0161i\u0107 (SUH): Crkvi pla\u0107am 1.000 eura za stan u kojem sam cijeli \u017eivot"},"content":{"rendered":"\n<p><strong>Vi\u0161nja Stani\u0161i\u0107<\/strong>, predsjednica Sindikata umirovljenika Hrvatske (SUH) je za\u0161ti\u0107eni najmoprimac. Na tiskovnoj konferenciji u organizaciji <strong>Stranke umirovljenika<\/strong> (SU) progovorila je u svoje ime, ali i u ime mahom starijeg stanovni\u0161tva koje se bori s posljedicama tzv. Ba\u010di\u0107evog zakona.<\/p>\n\n\n\n<p>Stani\u0161i\u0107 je istaknula da od 1957. godine, a tada je imala samo \u0161est mjeseci, \u017eivi u istom stanu. Danas za njega mora pla\u0107ati Crkvi najamninu od 1.000 eura mjese\u010dno. \u201cCrkva me htjela isplatiti, a ja nisam pristala. U taj smo stan moji roditelji i ja ulagali, taj je stan ure\u0111en sto posto. Ja ka\u017eem, ako do toga do\u0111e, u tom stanu ne\u0107e ostati ni lampa. Ovo je bezobrazluk. Ne mo\u017eete vi ostati bez prava utemeljenog na pravu koje je tada vrijedilo, a naro\u010dito ne da ne vrijedi isto za sve koji su to pravo imali.&#8221;<\/p>\n\n\n\n<p>Podsjetila je da je njezina obitelj u jednom trenutku imala pravo na otkup stana, no zbog obiteljske tragedije nisu imali novaca. Sada \u017eeli otkupiti stan, ali to ne mo\u017ee. Zbog svega se odlu\u010dila za takozvanu &#8220;mjeru 5&#8221;; da dr\u017eava isplati Crkvu, a da ona ostane u stanu i da ga potom otkupi. Do tada je prisiljena pla\u0107ati najam.<\/p><div id=\"mojev-2510938063\" class=\"mojev-u-tekstu mojev-entity-placement\" style=\"margin-left: auto;margin-right: auto;text-align: center;\"><div class=\"mojev-adlabel\">oglas<\/div><div style=\"height: 250px;\"><script async src=\"https:\/\/pagead2.googlesyndication.com\/pagead\/js\/adsbygoogle.js?client=ca-pub-8106111766207173\"\r\n     crossorigin=\"anonymous\"><\/script>\r\n<!-- Prikazni 1 u tekstu -->\r\n<ins class=\"adsbygoogle\"\r\n     style=\"display:block\"\r\n     data-ad-client=\"ca-pub-8106111766207173\"\r\n     data-ad-slot=\"8535551207\"\r\n     data-ad-format=\"auto\"\r\n     data-full-width-responsive=\"true\"><\/ins>\r\n<script>\r\n     (adsbygoogle = window.adsbygoogle || []).push({});\r\n<\/script><\/div><\/div><br style=\"clear: both; display: block; float: none;\"\/>\n\n\n\n<p>&#8220;Osim toga svi mi koji smo radili smo pla\u0107ali doprinose za stanovanje. Nisam mogla dobiti stan od svoje firme jer sam stanovala kod roditelja. Dr\u017eava je trebala donijeti zakon o obe\u0161te\u0107enju vlasnika stanova i gotovo, a ne ovako. Tim prije jer to uop\u0107e vi\u0161e nije velika grupacija ljudi. Nad nama se vr\u0161i prisila, zamjenski stan ili novac, i to samo 60.000 eura. Jednostavno se morate za ne\u0161to opredijeliti.&#8221;<\/p>\n\n\n\n<h3 class=\"wp-block-heading\">&#8220;Pla\u0107am kori\u0161tenje svoga&#8221;<\/h3>\n\n\n\n<p>Naglasila je i apsurdnu situaciju s pla\u0107anjem najamnine: &#8220;Osim toga \u0161to ja pla\u0107am s najamninom? Kada unajmi\u0161 stan dobije\u0161 sve namje\u0161teno. Ja sad pla\u0107am kori\u0161tenje svoje perilice rublja, ako mi krepa ja ne mogu zvati vlasnika, a Crkva je dobila povrat stana.&#8221;<\/p>\n\n\n\n<p>Stani\u0161i\u0107 je opisala i pona\u0161anje vlasnika nakon potresa. Crkvu je naime pitala kako \u0107e obnoviti potresom o\u0161te\u0107eni stan koji joj iznajmljuje, no ka\u017ee da su se &#8220;pravili blesavi&#8221;. Sada je, osim \u0161to pla\u0107a skupu najamninu za stan u koji je njena obitelj ulagala, kreditno zadu\u017eena zbog adaptacije nakon potresa. &#8220;Po \u010demu si ti vlasnik?\u201d zaklju\u010dila je ironi\u010dnim pitanjem Crkvi.<\/p>\n\n\n\n<h3 class=\"wp-block-heading\">Za\u0161ti\u0107eni najmoprimci tra\u017ee pravedno rje\u0161enje<\/h3>\n\n\n\n<p>Tiskovnu konferenciju organizirala je Stranka umirovljenika u suradnji s udrugama stanara i predstavnicima najmoprimaca, kako bi se predo\u010dili konkretni primjeri diskriminacije i zatra\u017eila odgoda primjene zakona dok se ne osigura pravedno i trajno rje\u0161enje za sve za\u0161ti\u0107ene najmoprimce.<\/p>\n\n\n\n<p>Kako je objasnila glasnogovornica SU, <strong>Vesna Horvat<\/strong>, u lipnju 2023. godine bilo je 3.734 za\u0161ti\u0107enih najmoprimaca, a sada ih je po Registru stanova Ministarstva graditeljstva 1.499 manje. Upisano je 2235 najmoprimaca i \u010dlanova ku\u0107anstava i to sve u 47 gradova, najvi\u0161e u Zagrebu, Splitu, Dubrovniku, Rijeci, Osijeku, \u0160ibeniku i Karlovcu. U prosjeku su za\u0161ti\u0107eni stanari ljudi stari od 77 do 85 godina.<\/p>\n\n\n\n<p>Problem s takozvanim Ba\u010di\u0107evim zakonom nastao je jer nala\u017ee iseljenje za\u0161ti\u0107enih najmoprimaca iz stanova u kojima \u017eive desetlje\u0107ima, a da im se zauzvrat nude tek zamjenski dr\u017eavni stanovi ili skromne nov\u010dane naknade.<\/p>\n\n\n\n<h3 class=\"wp-block-heading\">&#8220;Nismo okupatori, otplatili smo vrijednost tih stanova&#8221;<\/h3>\n\n\n\n<p>Predsjednica Hrvatskog saveza stanara &#8211; gra\u0111ana EU,<strong>\u00a0Gordana Vojkovi\u0107<\/strong>,\u00a0ustvrdila je da je sporni zakon suprotan Ustavu i me\u0111unarodnim konvencijama te da pogoduje prekupcima: &#8220;Europske rezolucije jasno ka\u017eu da nema povratka stanova, ve\u0107 samo obe\u0161te\u0107enja. Mi smo tijekom radnog vijeka otplatili 90 posto njihove vrijednosti, a sada nas se izbacuje kao da smo okupatori.&#8221;<\/p>\n\n\n\n<p>Protivno Ustavu i me\u0111unarodnim konvencijama ljudima se oduzima pravo na dom i ravnopravan tretman. Dok su neki gra\u0111ani u pro\u0161losti svoje stanove mogli otkupiti, drugima se to pravo sada uskra\u0107uje, \u0161to se tuma\u010di kao diskriminacija. U praksi se starije i nemo\u0107ne osobe, \u010desto s minimalnim mirovinama, prisiljava na pla\u0107anje visokih najamnina ili preseljenje u neadekvatne dr\u017eavne nekretnine. Zato udruge tra\u017ee da se primjena zakona zaustavi i prona\u0111e pravedno rje\u0161enje koje \u0107e uspostaviti ravnote\u017eu izme\u0111u vlasnika i najmoprimaca.<br><\/p>\n<div id=\"mojev-330527801\" class=\"mojev-kraj-teksta mojev-entity-placement\" style=\"margin-bottom: 20px;margin-left: auto;margin-right: auto;text-align: center;\"><div class=\"mojev-adlabel\">oglas<\/div><div style=\"height: 250px;\"><script async src=\"https:\/\/pagead2.googlesyndication.com\/pagead\/js\/adsbygoogle.js?client=ca-pub-8106111766207173\"\r\n     crossorigin=\"anonymous\"><\/script>\r\n<!-- Display-1 -->\r\n<ins class=\"adsbygoogle\"\r\n     style=\"display:block\"\r\n     data-ad-client=\"ca-pub-8106111766207173\"\r\n     data-ad-slot=\"1465712950\"\r\n     data-ad-format=\"auto\"\r\n     data-full-width-responsive=\"true\"><\/ins>\r\n<script>\r\n     (adsbygoogle = window.adsbygoogle || []).push({});\r\n<\/script><\/div><\/div>","protected":false},"excerpt":{"rendered":"<p>Predsjednica Sindikata umirovljenika Hrvatske, Vi\u0161nja Stani\u0161i\u0107, ve\u0107 68 godina \u017eivi u istom stanu, a danas za njega crkvi mora pla\u0107ati 1.000 eura mjese\u010dne najamnine. Uz sve to, morala se kreditno zadu\u017eiti da ga obnovi nakon potresa.<\/p>\n","protected":false},"author":1,"featured_media":138734,"comment_status":"closed","ping_status":"closed","sticky":false,"template":"","format":"standard","meta":{"footnotes":""},"categories":[9],"tags":[739,188,1684,4801],"class_list":["post-141537","post","type-post","status-publish","format-standard","has-post-thumbnail","hentry","category-vijesti","tag-crkva","tag-jugoslavija","tag-visnja-stanisic","tag-zasticeni-najmoprimci"],"_links":{"self":[{"href":"https:\/\/www.mojevrijeme.hr\/magazin\/wp-json\/wp\/v2\/posts\/141537","targetHints":{"allow":["GET"]}}],"collection":[{"href":"https:\/\/www.mojevrijeme.hr\/magazin\/wp-json\/wp\/v2\/posts"}],"about":[{"href":"https:\/\/www.mojevrijeme.hr\/magazin\/wp-json\/wp\/v2\/types\/post"}],"author":[{"embeddable":true,"href":"https:\/\/www.mojevrijeme.hr\/magazin\/wp-json\/wp\/v2\/users\/1"}],"replies":[{"embeddable":true,"href":"https:\/\/www.mojevrijeme.hr\/magazin\/wp-json\/wp\/v2\/comments?post=141537"}],"version-history":[{"count":11,"href":"https:\/\/www.mojevrijeme.hr\/magazin\/wp-json\/wp\/v2\/posts\/141537\/revisions"}],"predecessor-version":[{"id":141551,"href":"https:\/\/www.mojevrijeme.hr\/magazin\/wp-json\/wp\/v2\/posts\/141537\/revisions\/141551"}],"wp:featuredmedia":[{"embeddable":true,"href":"https:\/\/www.mojevrijeme.hr\/magazin\/wp-json\/wp\/v2\/media\/138734"}],"wp:attachment":[{"href":"https:\/\/www.mojevrijeme.hr\/magazin\/wp-json\/wp\/v2\/media?parent=141537"}],"wp:term":[{"taxonomy":"category","embeddable":true,"href":"https:\/\/www.mojevrijeme.hr\/magazin\/wp-json\/wp\/v2\/categories?post=141537"},{"taxonomy":"post_tag","embeddable":true,"href":"https:\/\/www.mojevrijeme.hr\/magazin\/wp-json\/wp\/v2\/tags?post=141537"}],"curies":[{"name":"wp","href":"https:\/\/api.w.org\/{rel}","templated":true}]}}