{"id":141567,"date":"2025-09-24T11:41:22","date_gmt":"2025-09-24T09:41:22","guid":{"rendered":"https:\/\/www.mojevrijeme.hr\/magazin\/?p=141567"},"modified":"2025-09-24T11:41:51","modified_gmt":"2025-09-24T09:41:51","slug":"7-razloga-zasto-cak-i-dobri-ljudi-ponekad-rade-lose-stvari","status":"publish","type":"post","link":"https:\/\/www.mojevrijeme.hr\/magazin\/2025\/09\/7-razloga-zasto-cak-i-dobri-ljudi-ponekad-rade-lose-stvari\/","title":{"rendered":"7 razloga za\u0161to \u010dak i dobri ljudi ponekad rade lo\u0161e stvari"},"content":{"rendered":"\n<p>\u010cak i najpravedniji me\u0111u nama ponekad posrnu. Svi smo donosili pogre\u0161ne odluke ili izgovorili rije\u010di zbog kojih smo kasnije po\u017ealili. Iako to ponekad mo\u017ee biti te\u0161ko, poku\u0161aj razumijevanja i opra\u0161tanja sebi i drugima od velike je va\u017enosti jer takva pona\u0161anja \u010desto proizlaze iz stresa, pritisaka i razli\u010ditih \u017eivotnih okolnosti.<\/p>\n\n\n\n<p>Ameri\u010dka psihologinja <strong>Kendra Kubala<\/strong> za <em><a href=\"https:\/\/psychcentral.com\/\" target=\"_blank\" rel=\"noreferrer noopener\">PsychCentral<\/a><\/em> isti\u010de da svijest o tome za\u0161to dobri ljudi ponekad grije\u0161e poma\u017ee razvijati vlastitu empatiju i obazrivost, a navodi i sedam naj\u010de\u0161\u0107ih faktora koji utje\u010du na ne\u010dije lo\u0161e postupke.<\/p>\n\n\n\n<h3 class=\"wp-block-heading\">Pro\u0161le traume i te\u0161ka \u017eivotna iskustva<\/h3>\n\n\n\n<p>Pro\u0161lost sna\u017eno oblikuje na\u0161e sada\u0161nje pona\u0161anje, \u010dak i kada toga nismo svjesni. Nerazrije\u0161ene traume mogu poput sjene prekriti na\u0161u prirodnu dobrotu. Primjerice, netko tko je u djetinjstvu do\u017eivio zanemarivanje ili glad, kasnije mo\u017ee razviti nesigurne odnose ili pretjeranu potrebu za materijalnom sigurno\u0161\u0107u. Takvo pona\u0161anje ne proizlazi iz \u017eelje da se nekome naudi, ve\u0107 iz poku\u0161aja da se ubla\u017ee stare rane.<\/p><div id=\"mojev-998689299\" class=\"mojev-u-tekstu mojev-entity-placement\" style=\"margin-left: auto;margin-right: auto;text-align: center;\"><div class=\"mojev-adlabel\">oglas<\/div><div style=\"height: 250px;\"><script async src=\"https:\/\/pagead2.googlesyndication.com\/pagead\/js\/adsbygoogle.js?client=ca-pub-8106111766207173\"\r\n     crossorigin=\"anonymous\"><\/script>\r\n<!-- Prikazni 1 u tekstu -->\r\n<ins class=\"adsbygoogle\"\r\n     style=\"display:block\"\r\n     data-ad-client=\"ca-pub-8106111766207173\"\r\n     data-ad-slot=\"8535551207\"\r\n     data-ad-format=\"auto\"\r\n     data-full-width-responsive=\"true\"><\/ins>\r\n<script>\r\n     (adsbygoogle = window.adsbygoogle || []).push({});\r\n<\/script><\/div><\/div><br style=\"clear: both; display: block; float: none;\"\/>\n\n\n\n<h3 class=\"wp-block-heading\">Na\u010din pre\u017eivljavanja<\/h3>\n\n\n\n<p>Kada se na\u0111emo u bezizlaznim situacijama, instinkt pre\u017eivljavanja mo\u017ee nadvladati na\u0161e vrijednosti. Ako, primjerice, osoba izgubi posao i suo\u010di se s financijskim slomom, pritisak i o\u010daj mogu je navesti na postupke koje ina\u010de nikad ne bi odobrila, poput prijevare ili kra\u0111e.<\/p>\n\n\n\n<h3 class=\"wp-block-heading\">Potreba za pripadanjem<\/h3>\n\n\n\n<p>\u010covjek je dru\u0161tveno bi\u0107e i prirodno tra\u017ei prihva\u0107anje. Ponekad \u017eelja da budemo dio grupe prevagne nad vlastitim uvjerenjima. Tako se i dobronamjerna osoba mo\u017ee upustiti u ogovaranje, iako zna da nije ispravno, samo kako bi se uklopila i osjetila da pripada.<\/p>\n\n\n\n<h3 class=\"wp-block-heading\">Nedostatak samosvijesti<\/h3>\n\n\n\n<p>Ako nismo u doticaju s vlastitim osje\u0107ajima i vrijednostima, lako nam se dogodi da reagiramo na na\u010din koji ne odra\u017eava ono u \u0161to vjerujemo. Pod stresom ili u ljutnji mo\u017eemo izgovoriti rije\u010di koje povrijede druge, a tek kasnije shvatimo da smo zapravo na njih prenijeli vlastitu bol.<\/p>\n\n\n\n<h3 class=\"wp-block-heading\">Uvjerenje da cilj opravdava sredstvo<\/h3>\n\n\n\n<p>Ponekad ljudi, uvjereni da djeluju za ve\u0107e dobro, nehotice donose odluke koje imaju neo\u010dekivane posljedice. Primjerice, netko mo\u017ee opravdavati <strong>nano\u0161enje \u0161tete<\/strong> kako bi skrenuo pa\u017enju na dru\u0161tveni proble. Smatraju da svrha opravdava sredstva, iako takav postupak na kraju mo\u017ee nauditi drugima ili naru\u0161iti vlastitu vjerodostojnost. Takvi postupci jasno pokazuju koliko je tanka granica izme\u0111u plemenitih namjera i nepromi\u0161ljenih djela.<\/p>\n\n\n\n<h3 class=\"wp-block-heading\">Pogre\u0161an osje\u0107aj pravde<\/h3>\n\n\n\n<p>Osje\u0107aj nepravde mo\u017ee izazvati potrebu za osvetom. U takvim trenucima osoba vjeruje da je njezin postupak opravdan, iako zapravo samo ponavlja negativni obrazac. Primjer bi bio varanje partnera iz osvete jer je on prvi bio nevjeran.<\/p>\n\n\n\n<h3 class=\"wp-block-heading\">Mentalne pote\u0161ko\u0107e<\/h3>\n\n\n\n<p>Odre\u0111eni poreme\u0107aji ili stanja mogu utjecati na pona\u0161anje i odnose. Neke osobe s poreme\u0107ajima li\u010dnosti, primjerice, imaju smanjenu empatiju, dok depresija ili anksioznost mogu dovesti do povla\u010denja, zanemarivanja obaveza ili pona\u0161anja koje drugima izgleda lo\u0161e. No, takvo pona\u0161anje ne zna\u010di da je osoba sama po sebi lo\u0161a, ve\u0107 da se bori s unutarnjim teretom.<\/p>\n<div id=\"mojev-1870793515\" class=\"mojev-kraj-teksta mojev-entity-placement\" style=\"margin-bottom: 20px;margin-left: auto;margin-right: auto;text-align: center;\"><div class=\"mojev-adlabel\">oglas<\/div><div style=\"height: 250px;\"><script async src=\"https:\/\/pagead2.googlesyndication.com\/pagead\/js\/adsbygoogle.js?client=ca-pub-8106111766207173\"\r\n     crossorigin=\"anonymous\"><\/script>\r\n<!-- Display-1 -->\r\n<ins class=\"adsbygoogle\"\r\n     style=\"display:block\"\r\n     data-ad-client=\"ca-pub-8106111766207173\"\r\n     data-ad-slot=\"1465712950\"\r\n     data-ad-format=\"auto\"\r\n     data-full-width-responsive=\"true\"><\/ins>\r\n<script>\r\n     (adsbygoogle = window.adsbygoogle || []).push({});\r\n<\/script><\/div><\/div>","protected":false},"excerpt":{"rendered":"<p>Ponekad nas iznenadi kad i ljudi koje smatramo dobrima naprave ne\u0161to \u0161to povrijedi ili poljulja na\u0161e povjerenje. To ne zna\u010di da su odjednom lo\u0161i, ve\u0107 su gre\u0161ke i krivi postupci dio ljudske prirode. Psiholozi obja\u0161njavaju da iza takvih pona\u0161anja stoje razli\u010diti uzroci, od trauma i osje\u0107aja nepravde do potrebe za pripadanjem.<\/p>\n","protected":false},"author":17,"featured_media":141649,"comment_status":"closed","ping_status":"closed","sticky":false,"template":"","format":"standard","meta":{"footnotes":""},"categories":[2],"tags":[345],"class_list":["post-141567","post","type-post","status-publish","format-standard","has-post-thumbnail","hentry","category-mozaik","tag-psihologija"],"_links":{"self":[{"href":"https:\/\/www.mojevrijeme.hr\/magazin\/wp-json\/wp\/v2\/posts\/141567","targetHints":{"allow":["GET"]}}],"collection":[{"href":"https:\/\/www.mojevrijeme.hr\/magazin\/wp-json\/wp\/v2\/posts"}],"about":[{"href":"https:\/\/www.mojevrijeme.hr\/magazin\/wp-json\/wp\/v2\/types\/post"}],"author":[{"embeddable":true,"href":"https:\/\/www.mojevrijeme.hr\/magazin\/wp-json\/wp\/v2\/users\/17"}],"replies":[{"embeddable":true,"href":"https:\/\/www.mojevrijeme.hr\/magazin\/wp-json\/wp\/v2\/comments?post=141567"}],"version-history":[{"count":3,"href":"https:\/\/www.mojevrijeme.hr\/magazin\/wp-json\/wp\/v2\/posts\/141567\/revisions"}],"predecessor-version":[{"id":141635,"href":"https:\/\/www.mojevrijeme.hr\/magazin\/wp-json\/wp\/v2\/posts\/141567\/revisions\/141635"}],"wp:featuredmedia":[{"embeddable":true,"href":"https:\/\/www.mojevrijeme.hr\/magazin\/wp-json\/wp\/v2\/media\/141649"}],"wp:attachment":[{"href":"https:\/\/www.mojevrijeme.hr\/magazin\/wp-json\/wp\/v2\/media?parent=141567"}],"wp:term":[{"taxonomy":"category","embeddable":true,"href":"https:\/\/www.mojevrijeme.hr\/magazin\/wp-json\/wp\/v2\/categories?post=141567"},{"taxonomy":"post_tag","embeddable":true,"href":"https:\/\/www.mojevrijeme.hr\/magazin\/wp-json\/wp\/v2\/tags?post=141567"}],"curies":[{"name":"wp","href":"https:\/\/api.w.org\/{rel}","templated":true}]}}