{"id":141775,"date":"2025-09-30T13:57:29","date_gmt":"2025-09-30T11:57:29","guid":{"rendered":"https:\/\/www.mojevrijeme.hr\/magazin\/?p=141775"},"modified":"2025-09-30T14:00:04","modified_gmt":"2025-09-30T12:00:04","slug":"preuzeli-ste-njegu-o-tesko-bolesnom-clanu-obitelji-tko-vam-moze-pomoci","status":"publish","type":"post","link":"https:\/\/www.mojevrijeme.hr\/magazin\/2025\/09\/preuzeli-ste-njegu-o-tesko-bolesnom-clanu-obitelji-tko-vam-moze-pomoci\/","title":{"rendered":"Preuzeli ste njegu te\u0161ko bolesnog \u010dlana obitelji: Tko vam mo\u017ee pomo\u0107i?"},"content":{"rendered":"\n<p>U Hrvatskoj danas \u017eivi oko pola milijuna neformalnih njegovatelja. To su ljudi koji bez naknade skrbe o svojim roditeljima, djeci, partnerima, prijateljima ili susjedima. Oni poma\u017eu starijima, bolesnima, nemo\u0107nima i umiru\u0107ima.<\/p>\n\n\n\n<p>Bez njih bi se sustav socijalne i zdravstvene skrbi uru\u0161io. No, institucionalna podr\u0161ka naj\u010de\u0161\u0107e je oskudna, a \u010desto je uop\u0107e ni nema. Upravo zato va\u017enu ulogu preuzimaju udruge civilnog dru\u0161tva, koje na terenu popunjavaju praznine koje sustav ne uspijeva pokriti.<\/p>\n\n\n\n<p>&#8220;Kao Udruga pru\u017eamo pomo\u0107 mnogima koji brinu o svojim najbli\u017eima pa smo itekako svjesni \u010dinjenice je da je nebrojeno problema vezano za neformalne njegovatelje. \u0160to se institucionalne podr\u0161ke ti\u010de, dosta je stvari i oblika pomo\u0107i koji na papiru postoje, ali se u praksi ne primjenjuju&#8221;, ka\u017ee nam<strong> Ljerka Pavkovi\u0107<\/strong> predsjednica udruge Palijativni tim LiPa iz Pakraca. To je jedna od rijetkih udruga koje pru\u017eaju sveobuhvatnu podr\u0161ku oboljelima i njihovim obiteljima.<\/p><div id=\"mojev-2359719985\" class=\"mojev-u-tekstu mojev-entity-placement\" style=\"margin-left: auto;margin-right: auto;text-align: center;\"><div class=\"mojev-adlabel\">oglas<\/div><div style=\"height: 250px;\"><script async src=\"https:\/\/pagead2.googlesyndication.com\/pagead\/js\/adsbygoogle.js?client=ca-pub-8106111766207173\"\r\n     crossorigin=\"anonymous\"><\/script>\r\n<!-- Prikazni 1 u tekstu -->\r\n<ins class=\"adsbygoogle\"\r\n     style=\"display:block\"\r\n     data-ad-client=\"ca-pub-8106111766207173\"\r\n     data-ad-slot=\"8535551207\"\r\n     data-ad-format=\"auto\"\r\n     data-full-width-responsive=\"true\"><\/ins>\r\n<script>\r\n     (adsbygoogle = window.adsbygoogle || []).push({});\r\n<\/script><\/div><\/div><br style=\"clear: both; display: block; float: none;\"\/>\n\n\n\n<h3 class=\"wp-block-heading\">Institucije postoje, ali rijetko poma\u017eu dovoljno<\/h3>\n\n\n\n<p>U teoriji, sustav predvi\u0111a institucionalnu skrb kroz socijalne i zdravstvene usluge. Postoje domovi za starije, bolnice, mobilni palijativni timovi pa \u010dak i zakoni koji jasno definiraju pravo na skrb. No, u praksi su kapaciteti daleko manji od potreba.<\/p>\n\n\n\n<p>&#8220;Institucionalna skrb u Hrvatskoj postoji vezano i za socijalnu i za zdravstvenu skrb starih, nemo\u0107nih, bolesnih te onih koji boluju od neizlje\u010divih bolesti, ali je nedostatna i rezervirana za manji broj osoba u potrebi obzirom na velike potrebe. Obitelji, odnosno neformalni njegovatelji; djeca, roditelji, prijatelji; nemaju informaciju koje vrste pomo\u0107i postoje, kuda krenuti i vrlo \u010desto nailaze na zid&#8221;, govori na\u0161a sugovornica. &#8220;Obiteljskih lije\u010dnika nedostaje i \u010desto se mijenjaju, \u010desto su na raspolaganju tek jednom tjedno, osobito u ruralnim podru\u010djima. Ustanova za skrb nema dovoljno, skrb u njima je neadekvatna ili preskupa&#8221;, nastavlja Pavkovi\u0107.<\/p>\n\n\n\n<p>Ipak, nagla\u0161ava da se posljednjih godina mo\u017ee vidjeti napredak. Posebno isti\u010de skrb za branitelje kroz veteranske i braniteljske centre, kao i sve va\u017eniju ulogu mobilnih timova. No za ve\u0107inu ljudi klju\u010dnu ulogu ipak preuzimaju udruge civilnog dru\u0161tva.<\/p>\n\n\n\n<p>Udruge u razli\u010ditim dijelovima Hrvatske provode projekte financirane iz doma\u0107ih i europskih fondova. Zahvaljuju\u0107i njima mnoge obitelji dobivaju podr\u0161ku; od najjednostavnijih ku\u0107anskih poslova i posudionica medicinske opreme do dru\u017eenja, \u0161etnji, edukacija ili 24-satnih SOS telefona.<\/p>\n\n\n\n<figure class=\"wp-block-image size-large\"><img loading=\"lazy\" decoding=\"async\" width=\"740\" height=\"444\" src=\"https:\/\/www.mojevrijeme.hr\/magazin\/wp-content\/uploads\/2025\/09\/ljerka-740x444.jpg\" alt=\"\" class=\"wp-image-142091\" srcset=\"https:\/\/www.mojevrijeme.hr\/magazin\/wp-content\/uploads\/2025\/09\/ljerka-740x444.jpg 740w, https:\/\/www.mojevrijeme.hr\/magazin\/wp-content\/uploads\/2025\/09\/ljerka-636x382.jpg 636w, https:\/\/www.mojevrijeme.hr\/magazin\/wp-content\/uploads\/2025\/09\/ljerka-768x461.jpg 768w, https:\/\/www.mojevrijeme.hr\/magazin\/wp-content\/uploads\/2025\/09\/ljerka-1536x922.jpg 1536w, https:\/\/www.mojevrijeme.hr\/magazin\/wp-content\/uploads\/2025\/09\/ljerka-1500x900.jpg 1500w, https:\/\/www.mojevrijeme.hr\/magazin\/wp-content\/uploads\/2025\/09\/ljerka-1600x960.jpg 1600w, https:\/\/www.mojevrijeme.hr\/magazin\/wp-content\/uploads\/2025\/09\/ljerka-590x354.jpg 590w, https:\/\/www.mojevrijeme.hr\/magazin\/wp-content\/uploads\/2025\/09\/ljerka-400x240.jpg 400w, https:\/\/www.mojevrijeme.hr\/magazin\/wp-content\/uploads\/2025\/09\/ljerka.jpg 2000w\" sizes=\"auto, (max-width: 740px) 100vw, 740px\" \/><figcaption class=\"wp-element-caption\">Ljerka Pavkovi\u0107 (foto: privatni album)<\/figcaption><\/figure>\n\n\n\n<p>&#8220;Udruge pru\u017eaju razne vrste pomo\u0107i; od informiranja i edukacije do direktne pomo\u0107i koju pru\u017eaju volonteri. Zahvaljuju\u0107i projektima koje udruge ostvaruju skrb je sve bolja; od pomo\u0107i u ku\u0107anskim poslovima, \u0161etnji, dru\u017eenja u ku\u0107i bolesnika, uklju\u010divanja u razne aktivnosti kroz kreativne tehnike, do posudionica pomagala. Projekt Za\u017eeli postaje sve vi\u0161e prepoznatljiv i pru\u017ea razne mogu\u0107nosti pomo\u0107i u ku\u0107i&#8221;, navodi Pavkovi\u0107.<\/p>\n\n\n\n<p>No, ostaje pitanje: tra\u017ee li ljudi uop\u0107e pomo\u0107 ili se unaprijed pomire da su sami? &#8220;U sredinama gdje je sustav umre\u017een i udruge civilnog dru\u0161tva su razvijene, osobe u potrebi tra\u017ee pomo\u0107 osobno ili preko prijatelja. Na SOS telefonu dobiju pomo\u0107. Ali nisko obrazovanje, te\u0161ko zdravstveno stanje, niska psiholo\u0161ka otpornost, obiteljski konflikti, zahtjevna skrb, socijalna izolacija, stigma, neinformiranost, neprepoznavanje uloge njegovatelja, nedostatak formalne podr\u0161ke; sve to mogu biti razlozi zbog kojih se ljudi prepu\u0161taju sami sebi. To se reflektira na cijelu obitelj i na kraju na dru\u0161tvo u cjelini. \u010covjek je dru\u0161tveno bi\u0107e i nikad ne smije biti prepu\u0161ten sam sebi&#8221;, upozorava Pavkovi\u0107.<\/p>\n\n\n\n<h3 class=\"wp-block-heading\">Kome se prvo obratiti?<\/h3>\n\n\n\n<p>&#8220;Preporuka je krenuti od obiteljskog lije\u010dnika. Najva\u017enije je komunicirati s osobama od povjerenja, stupiti u kontakt s onima koji imaju sli\u010dno iskustvo, skupiti sve mogu\u0107e informacije vezano za dostupnost potrebnih usluga i \u0161iriti krug osoba koje mogu pomo\u0107i. Najve\u0107a gre\u0161ka je prepustiti se i osloniti se samo na sebe&#8221;, savjetuje predsjednica Udruge LiPa.<\/p>\n\n\n\n<p>Dodaje kako je va\u017eno znati da postoje udruge specijalizirane za razli\u010dite bolesti, a njihovi kontakti su javno dostupni. &#8220;Na\u0161a udruga, primjerice, ima SOS telefon 24 sata dnevno, sedam dana u tjednu, tijekom cijele godine. Umre\u017eeni smo sa sustavom&#8221;, ka\u017ee Pavkovi\u0107. Iako institucionalna podr\u0161ka jo\u0161 uvijek \u0161kripi, mre\u017ea udruga diljem zemlje pokazuje da nitko ne mora ostati potpuno sam. No, prvi korak je &#8211; potra\u017eiti pomo\u0107.<\/p>\n\n\n\n<div id=\"zeleno\"><\/p>\n\n\n\n<h3 class=\"wp-block-heading\">Udruge i organizacije kojima se mogu obratiti neformalni njegovatelji<\/h3>\n\n\n\n<p><strong>Palijativni tim LiPa<\/strong> (Pakrac) \u2013 pru\u017ea palijativnu skrb oboljelima i njihovim obiteljima; nudi SOS telefon 0\u201324, edukacije, psihosocijalnu podr\u0161ku, koordinaciju i prakti\u010dnu pomo\u0107.<\/p>\n\n\n\n<p><strong>La Verna<\/strong>  &#8211; volonteri u palijativnoj skrbi (Zagreb) osiguravaju volonterske ku\u0107ne posjete, psiholo\u0161ka i duhovna podr\u0161ka, edukacija volontera.<\/p>\n\n\n\n<p><strong>Hrvatska udruga prijatelja hospicija<\/strong> (Zagreb, nacionalno) \u2013 hospicijska i palijativna skrb, ubla\u017eavanje boli, psiholo\u0161ka podr\u0161ka i savjetovanje obitelji.<\/p>\n\n\n\n<p><strong>Krijesnica<\/strong> (Zagreb) \u2013 podr\u0161ka obiteljima djece i mladih oboljelih od malignih bolesti; informiranje, savjetovanje i uklju\u010divanje u aktivnosti.<\/p>\n\n\n\n<p><strong>Krugovi<\/strong> (nacionalno) \u2013 zala\u017eu se za razvoj palijativne skrbi u Hrvatskoj, podi\u017eu svijest, izra\u0111uju prijedloge zakonskih i sistemskih rje\u0161enja.<\/p>\n\n\n\n<p><strong>Hrvatska udruga Alzheimerova bolest<\/strong> (HUAB) \u2013 poma\u017ee obiteljima osoba s Alzheimerovom i drugim demencijama kroz edukaciju, savjetovanje i podr\u0161ku.<\/p>\n\n\n\n<p><strong>Udruga Dodir nade<\/strong> (Zagreb) \u2013 posudionica medicinske i ortopedske opreme, mobilni timovi njegovateljica i volontera, pomo\u0107 u domu.<\/p>\n\n\n\n<p><strong>Inkluzija<\/strong> \u2013 Udruga za promicanje inkluzije (Zagreb) \u2013 provodi program Predah od skrbi koji omogu\u0107ava roditeljima i njegovateljima osoba s invaliditetom odmor i stru\u010dnu podr\u0161ku.<\/p>\n\n\n\n<p><strong>Dru\u0161tvo &#8220;Hrvatska \u017eena&#8221;<\/strong> (Vinkovci) \u2013 osna\u017euje neformalne njegovatelje i starije kroz savjetovanje, psiholo\u0161ku i prakti\u010dnu pomo\u0107, posudbu opreme i &#8220;predah od skrbi&#8221;.<\/p>\n\n\n\n<p><\/div>\n\n\n\n<p class=\"has-text-align-center has-text-color\" style=\"color:#666666;font-size:0.8rem\">Ovaj prilog je objavljen u sklopu projekta poticanja novinarske izvrsnosti Agencije za elektroni\u010dke medije.<\/p>\n\n\n\n<p><\/p>\n<div id=\"mojev-1012485963\" class=\"mojev-kraj-teksta mojev-entity-placement\" style=\"margin-bottom: 20px;margin-left: auto;margin-right: auto;text-align: center;\"><div class=\"mojev-adlabel\">oglas<\/div><div style=\"height: 250px;\"><script async src=\"https:\/\/pagead2.googlesyndication.com\/pagead\/js\/adsbygoogle.js?client=ca-pub-8106111766207173\"\r\n     crossorigin=\"anonymous\"><\/script>\r\n<!-- Display-1 -->\r\n<ins class=\"adsbygoogle\"\r\n     style=\"display:block\"\r\n     data-ad-client=\"ca-pub-8106111766207173\"\r\n     data-ad-slot=\"1465712950\"\r\n     data-ad-format=\"auto\"\r\n     data-full-width-responsive=\"true\"><\/ins>\r\n<script>\r\n     (adsbygoogle = window.adsbygoogle || []).push({});\r\n<\/script><\/div><\/div>","protected":false},"excerpt":{"rendered":"<p>Neformalni njegovatelji \u010dine nevidljivu mre\u017eu skrbi bez koje bi zdravstveni i socijalni sustav kolabirao. Teret koji nose naj\u010de\u0161\u0107e prepoznaju tek udruge civilnog dru\u0161tva koje poku\u0161avaju popuniti praznine tamo gdje dr\u017eava zakazuje.<\/p>\n","protected":false},"author":4,"featured_media":89678,"comment_status":"closed","ping_status":"closed","sticky":false,"template":"","format":"standard","meta":{"footnotes":""},"categories":[9],"tags":[4806,3292],"class_list":["post-141775","post","type-post","status-publish","format-standard","has-post-thumbnail","hentry","category-vijesti","tag-ljerka-pavkovic","tag-neformalni-njegovatelji"],"_links":{"self":[{"href":"https:\/\/www.mojevrijeme.hr\/magazin\/wp-json\/wp\/v2\/posts\/141775","targetHints":{"allow":["GET"]}}],"collection":[{"href":"https:\/\/www.mojevrijeme.hr\/magazin\/wp-json\/wp\/v2\/posts"}],"about":[{"href":"https:\/\/www.mojevrijeme.hr\/magazin\/wp-json\/wp\/v2\/types\/post"}],"author":[{"embeddable":true,"href":"https:\/\/www.mojevrijeme.hr\/magazin\/wp-json\/wp\/v2\/users\/4"}],"replies":[{"embeddable":true,"href":"https:\/\/www.mojevrijeme.hr\/magazin\/wp-json\/wp\/v2\/comments?post=141775"}],"version-history":[{"count":8,"href":"https:\/\/www.mojevrijeme.hr\/magazin\/wp-json\/wp\/v2\/posts\/141775\/revisions"}],"predecessor-version":[{"id":142093,"href":"https:\/\/www.mojevrijeme.hr\/magazin\/wp-json\/wp\/v2\/posts\/141775\/revisions\/142093"}],"wp:featuredmedia":[{"embeddable":true,"href":"https:\/\/www.mojevrijeme.hr\/magazin\/wp-json\/wp\/v2\/media\/89678"}],"wp:attachment":[{"href":"https:\/\/www.mojevrijeme.hr\/magazin\/wp-json\/wp\/v2\/media?parent=141775"}],"wp:term":[{"taxonomy":"category","embeddable":true,"href":"https:\/\/www.mojevrijeme.hr\/magazin\/wp-json\/wp\/v2\/categories?post=141775"},{"taxonomy":"post_tag","embeddable":true,"href":"https:\/\/www.mojevrijeme.hr\/magazin\/wp-json\/wp\/v2\/tags?post=141775"}],"curies":[{"name":"wp","href":"https:\/\/api.w.org\/{rel}","templated":true}]}}