{"id":141879,"date":"2025-09-27T17:23:36","date_gmt":"2025-09-27T15:23:36","guid":{"rendered":"https:\/\/www.mojevrijeme.hr\/magazin\/?p=141879"},"modified":"2025-09-27T22:20:59","modified_gmt":"2025-09-27T20:20:59","slug":"djeca-se-nece-vratiti-sto-uciniti-s-nasom-obiteljskom-kucom","status":"publish","type":"post","link":"https:\/\/www.mojevrijeme.hr\/magazin\/2025\/09\/djeca-se-nece-vratiti-sto-uciniti-s-nasom-obiteljskom-kucom\/","title":{"rendered":"Djeca se ne\u0107e vratiti, \u0161to u\u010diniti s na\u0161om obiteljskom ku\u0107om?"},"content":{"rendered":"\n<p><em>\u0160to \u0107e biti kad nas ne bude? Malo si tko u zrelim godinama nije postavio to pitanje i gotovo da nema osobe koja nema o\u010dekivanja u vezi te teme. Pogotovo kada je rije\u010d o obitelju i naslje\u0111u koje ostavljamo iza sebe. &#8220;\u017delim da suprug i ja nastavim \u017eivjeti kroz ku\u0107u koju smo sagradili&#8221;, ka\u017ee na\u0161a \u010ditateljica Nevenka. Ta cijeli su \u017eivot ulo\u017eili u dom, toplo obiteljsko gnijezdo puno uspomena. \u017dalosna je, ka\u017ee, \u0161to to ne osje\u0107aju njena djeca kojoj ta ku\u0107a predstavlja samo teret. Uz manje uredni\u010dke intervencije, njeno pismo prenosimo u cijelosti.<\/em><\/p>\n\n\n\n<p>Imam 69 godina, udovica sam i \u017eivim u Zagrebu. Suprug i ja ulo\u017eili smo \u017eivot u ku\u0107u koja nam je bila ponos. U njoj smo odgojili djecu, slavili, tugovali. Na\u0161a su vrata bila otvorena i prijateljima i slu\u010dajnim prolaznicima Taj dom je pun uspomena. Iako u njemu \u017eivim sama, ne osje\u0107am se usamljeno. Mogu re\u0107i da sam sretna. Osje\u0107am se dobro.<\/p>\n\n\n\n<p>Ne razumijem svoje prijateljice koje govore da ih &#8220;prazna ku\u0107a gu\u0161i ti\u0161inom&#8221;. Mene moj dom ne asocira na gubitak, nego na lijep \u017eivot koji sam imala. \u010cesto sjednem u vrt, pogledam oko sebe i pomislim kako smo znali u\u017eivati u malim stvarima; jutarnjoj kavi, cvije\u0107u i ti\u0161ini. To su stvari u kojima u\u017eivam i danas, ponekad s prijateljicama, a uglavnom sama. Svaki put pomislim kako sam, usprkos svemu, sretna \u017eena. Trudim se biti zahvalna.<\/p><div id=\"mojev-2017835058\" class=\"mojev-u-tekstu mojev-entity-placement\" style=\"margin-left: auto;margin-right: auto;text-align: center;\"><div class=\"mojev-adlabel\">oglas<\/div><div style=\"height: 250px;\"><script async src=\"https:\/\/pagead2.googlesyndication.com\/pagead\/js\/adsbygoogle.js?client=ca-pub-8106111766207173\"\r\n     crossorigin=\"anonymous\"><\/script>\r\n<!-- Prikazni 1 u tekstu -->\r\n<ins class=\"adsbygoogle\"\r\n     style=\"display:block\"\r\n     data-ad-client=\"ca-pub-8106111766207173\"\r\n     data-ad-slot=\"8535551207\"\r\n     data-ad-format=\"auto\"\r\n     data-full-width-responsive=\"true\"><\/ins>\r\n<script>\r\n     (adsbygoogle = window.adsbygoogle || []).push({});\r\n<\/script><\/div><\/div><br style=\"clear: both; display: block; float: none;\"\/>\n\n\n\n<h3 class=\"wp-block-heading\">Djeca \u017eive u Sloveniji<\/h3>\n\n\n\n<p>Moj suprug je bio Slovenac. Zato su moja djeca odlu\u010dila \u017eivjeti u Sloveniji. Tamo su zasnovali svoje obitelji, ve\u0107 imaju skoro odraslu djecu i tamo je njihov \u017eivot. I djeca su mi takva da sam zahvalna na njima. Redovito me posje\u0107uju, iako na\u0161 odnos nije od onih gdje se neprestano izra\u017eava nje\u017enost rije\u010dima ili zagrljajima. Ali ljubavi i brige ne nedostaje. Znam da su uz mene na svoj na\u010din.<\/p>\n\n\n\n<p>Ono \u0161to me mu\u010di jest pitanje \u0161to \u0107e biti s mojom ku\u0107om kada mene ne bude. Djeca su otvoreno rekla da se ne planiraju vra\u0107ati u Hrvatsku i da \u0107e ku\u0107u prodati. Razumijem ih, ali taj odgovor me ba\u0161 pogodio posred srca. Uznemirim se kad o tome razmi\u0161ljam. U njihovim o\u010dima to je nekretnina koju treba unov\u010diti, a za mene je to \u010ditav \u017eivot. Najgluplje mi je kad netko ka\u017ee da bih trebala prodati i u\u017eivati. Tada znam da ni\u0161ta ne razumiju jer ja u\u017eivam u svojoj ku\u0107i i nadam se biti do zadnjeg dana \u017eivota u njoj.<\/p>\n\n\n\n<p>Boli me pomisao da \u0107e jednog dana ovaj dom biti sru\u0161en i da \u0107e na njegovom mjestu niknuti neka betonska grdosija sa staklenim balkonima kakve gledamo u Zagrebu. Kod mene svaka soba ima svoju pri\u010du, svaki komad namje\u0161taja \u010duva uspomenu, a te\u0161ko mi je prihvatiti da bi sve to moglo zavr\u0161iti na smetli\u0161tu. Kao da s ku\u0107om nestaje i zadnji trag mene i mog supruga.<\/p>\n\n\n\n<h3 class=\"wp-block-heading\">Naslje\u0111e kao nastavak \u017eivota<\/h3>\n\n\n\n<p>Zato mi u glavi prolaze razne misli. Ponekad se pitam bih li ku\u0107u trebala ostaviti nekoj udruzi, mo\u017eda Crkvi, uz uvjet da se koristi za dobrobit siroma\u0161nih. Iako nisam neka prakti\u010dna vjernica. Mogla bi postati mjesto gdje bi uto\u010di\u0161te prona\u0161le samohrane majke, zlostavljane \u017eene ili mlada obitelj koja nema krov nad glavom. Tada bi na\u0161 trud dobio novu svrhu, a ku\u0107a bi i nakon mene imala svoj \u017eivot.<\/p>\n\n\n\n<p>Naravno, znam da moji osje\u0107aji nisu racionalni. Djeca imaju svoje \u017eivote i obaveze, ne mogu o\u010dekivati da \u0107e brinuti o onome \u0161to njima ne zna\u010di isto \u0161to i meni. Ali svejedno, ljutnja i razo\u010daranje se javljaju kad o tome mislim. <\/p>\n\n\n\n<p>Nemam konkretno pitanje niti tra\u017eim savjet. Vi\u0161e \u017eelim sama sebi razjasniti \u0161to osje\u0107am i \u0161to bih mogla u\u010diniti. Mo\u017eda na kraju donesem odluku da ku\u0107a ostane djeci, mo\u017eda da pripadne nekoj udruzi ili instituciji. Mislim da je mojoj djeci svejedno i da \u0107e se slo\u017eiti sa svakom odlukom. U svakom slu\u010daju, \u017eelim biti ta koja \u0107e odlu\u010diti. Ja sam je stvarala, imam pravo s njom u\u010diniti \u0161to \u017eelim.<\/p>\n\n\n\n<div id=\"crveno\"><\/p>\n\n\n\n<h3 class=\"wp-block-heading\">Zanima nas va\u0161a pri\u010da<\/h3>\n\n\n\n<p>\u017delite li i vi, posve anonimno, podijeliti svoje iskustvo i vi\u0111enje ove teme s nama i na\u0161im \u010ditateljima, mo\u017eete to u\u010diniti putem web obrasca <a rel=\"noreferrer noopener\" href=\"https:\/\/www.mojevrijeme.hr\/magazin\/povjerljivo\/\" target=\"_blank\">Povjerljivo<\/a>. Napi\u0161ite svoju pri\u010du!<\/p>\n\n\n\n<p><\/div>\n<div id=\"mojev-390106454\" class=\"mojev-kraj-teksta mojev-entity-placement\" style=\"margin-bottom: 20px;margin-left: auto;margin-right: auto;text-align: center;\"><div class=\"mojev-adlabel\">oglas<\/div><div style=\"height: 250px;\"><script async src=\"https:\/\/pagead2.googlesyndication.com\/pagead\/js\/adsbygoogle.js?client=ca-pub-8106111766207173\"\r\n     crossorigin=\"anonymous\"><\/script>\r\n<!-- Display-1 -->\r\n<ins class=\"adsbygoogle\"\r\n     style=\"display:block\"\r\n     data-ad-client=\"ca-pub-8106111766207173\"\r\n     data-ad-slot=\"1465712950\"\r\n     data-ad-format=\"auto\"\r\n     data-full-width-responsive=\"true\"><\/ins>\r\n<script>\r\n     (adsbygoogle = window.adsbygoogle || []).push({});\r\n<\/script><\/div><\/div>","protected":false},"excerpt":{"rendered":"<p>Umirovljenica iz Zagreba otvoreno pi\u0161e o svojoj ku\u0107i punoj uspomena, djeci koja se vi\u0161e ne planiraju vra\u0107ati i dilemi oko vlastitog naslje\u0111a.<\/p>\n","protected":false},"author":1,"featured_media":107856,"comment_status":"closed","ping_status":"closed","sticky":false,"template":"","format":"standard","meta":{"footnotes":""},"categories":[3552],"tags":[918,2432],"class_list":["post-141879","post","type-post","status-publish","format-standard","has-post-thumbnail","hentry","category-povjerljivo","tag-imovina","tag-nasljedstvo"],"_links":{"self":[{"href":"https:\/\/www.mojevrijeme.hr\/magazin\/wp-json\/wp\/v2\/posts\/141879","targetHints":{"allow":["GET"]}}],"collection":[{"href":"https:\/\/www.mojevrijeme.hr\/magazin\/wp-json\/wp\/v2\/posts"}],"about":[{"href":"https:\/\/www.mojevrijeme.hr\/magazin\/wp-json\/wp\/v2\/types\/post"}],"author":[{"embeddable":true,"href":"https:\/\/www.mojevrijeme.hr\/magazin\/wp-json\/wp\/v2\/users\/1"}],"replies":[{"embeddable":true,"href":"https:\/\/www.mojevrijeme.hr\/magazin\/wp-json\/wp\/v2\/comments?post=141879"}],"version-history":[{"count":16,"href":"https:\/\/www.mojevrijeme.hr\/magazin\/wp-json\/wp\/v2\/posts\/141879\/revisions"}],"predecessor-version":[{"id":141934,"href":"https:\/\/www.mojevrijeme.hr\/magazin\/wp-json\/wp\/v2\/posts\/141879\/revisions\/141934"}],"wp:featuredmedia":[{"embeddable":true,"href":"https:\/\/www.mojevrijeme.hr\/magazin\/wp-json\/wp\/v2\/media\/107856"}],"wp:attachment":[{"href":"https:\/\/www.mojevrijeme.hr\/magazin\/wp-json\/wp\/v2\/media?parent=141879"}],"wp:term":[{"taxonomy":"category","embeddable":true,"href":"https:\/\/www.mojevrijeme.hr\/magazin\/wp-json\/wp\/v2\/categories?post=141879"},{"taxonomy":"post_tag","embeddable":true,"href":"https:\/\/www.mojevrijeme.hr\/magazin\/wp-json\/wp\/v2\/tags?post=141879"}],"curies":[{"name":"wp","href":"https:\/\/api.w.org\/{rel}","templated":true}]}}