{"id":142300,"date":"2025-10-03T16:39:12","date_gmt":"2025-10-03T14:39:12","guid":{"rendered":"https:\/\/www.mojevrijeme.hr\/magazin\/?p=142300"},"modified":"2025-10-03T16:43:34","modified_gmt":"2025-10-03T14:43:34","slug":"piletic-inkluzivni-dodatak-objedinjuje-cetiri-vrste-naknada-ubrzat-cemo","status":"publish","type":"post","link":"https:\/\/www.mojevrijeme.hr\/magazin\/2025\/10\/piletic-inkluzivni-dodatak-objedinjuje-cetiri-vrste-naknada-ubrzat-cemo\/","title":{"rendered":"Pileti\u0107: Inkluzivni dodatak objedinjuje \u010detiri vrste naknada, ubrzat \u0107emo"},"content":{"rendered":"\n<p>Ministar mirovinskog sustava Marin Pileti\u0107 najavio je da \u0107e dio sredstava iz rebalansa prora\u010duna biti usmjeren na isplatu inkluzivnog dodatka te je poru\u010dio da se radi na ubrzanju procesa izdavanja rje\u0161enja. Naime, ostalo je za rije\u0161iti jo\u0161 105 tisu\u0107a zahtjeva.<\/p>\n\n\n\n<p>Objasnio je da se stavka za inkluzivni dodatak uskla\u0111uje s ve\u0107im tro\u0161kovima jer je u drugoj godini provedbe potro\u0161eno vi\u0161e od planiranog. Jedan od razloga je rast broja korisnika, drugi je \u0161to je novi dodatak znatno ve\u0107i od prija\u0161njih naknada, a tre\u0107i \u010dinjenica da pravo vrijedi od dana podno\u0161enja zahtjeva. &#8220;Tako je u ovoj godini zna\u010dajna stavka i isplata zaostatka, dakle ne samo teku\u0107a isplata aktivnim korisnicima inkluzivnog dodatka&#8221;, rekao je Pileti\u0107.<\/p>\n\n\n\n<p>Ministar je pojasnio da inkluzivni dodatak objedinjuje \u010detiri vrste ranijih naknada: osobnu invalidninu, doplatak za pomo\u0107 i njegu, doplatak za djecu koji se ostvaruje u uve\u0107anom iznosu radi o\u0161te\u0107enja zdravlja, te\u017eeg ili te\u0161kog invaliditeta te nov\u010danu pomo\u0107 za nezaposlene osobe s invaliditetom.<\/p><div id=\"mojev-873677222\" class=\"mojev-u-tekstu mojev-entity-placement\" style=\"margin-left: auto;margin-right: auto;text-align: center;\"><div class=\"mojev-adlabel\">oglas<\/div><div style=\"height: 250px;\"><script async src=\"https:\/\/pagead2.googlesyndication.com\/pagead\/js\/adsbygoogle.js?client=ca-pub-8106111766207173\"\r\n     crossorigin=\"anonymous\"><\/script>\r\n<!-- Prikazni 1 u tekstu -->\r\n<ins class=\"adsbygoogle\"\r\n     style=\"display:block\"\r\n     data-ad-client=\"ca-pub-8106111766207173\"\r\n     data-ad-slot=\"8535551207\"\r\n     data-ad-format=\"auto\"\r\n     data-full-width-responsive=\"true\"><\/ins>\r\n<script>\r\n     (adsbygoogle = window.adsbygoogle || []).push({});\r\n<\/script><\/div><\/div><br style=\"clear: both; display: block; float: none;\"\/>\n\n\n\n<p>Uz to je dodao da po\u010detni val zahtjeva jenjava te da o\u010dekuje br\u017ee izdavanje nalaza i mi\u0161ljenja zahvaljuju\u0107i digitalizaciji i ve\u0107em broju vje\u0161taka. Naglasio je da nema pravnog okvira za isplatu zaostataka bez prethodnog rje\u0161enja Hrvatskog zavoda za socijalni rad.<\/p>\n\n\n\n<p>&#8220;Oni koji \u010dekaju \u0107e, sasvim sigurno, biti rije\u0161eni u najkra\u0107em mogu\u0107em roku&#8221;, poru\u010dio je. Pileti\u0107 je istaknuo i da je vi\u0161e od 15 tisu\u0107a postoje\u0107ih korisnika ponovno predalo dokumentaciju nezadovoljni rje\u0161enjem, zbog \u010dega se \u010dini da je broj osoba bez prava ve\u0107i nego \u0161to doista jest. <\/p>\n\n\n\n<p>Podsjetimo, Pileti\u0107 je prije nekoliko dana komentirao i podatak koji se pojavio u medijima da je vi\u0161e od 15.000 osoba preminulo \u010dekaju\u0107i rje\u0161enja za inkluzivni dodatak. &#8220;Meni je osobno \u017eao svake takve sudbine, ali smo donose\u0107i zakon o inkluzivnom dodatku jasno najavili da je to nov\u010dana naknada koja osobama s invaliditetom treba olak\u0161ati svakodnevicu i njihovo uklju\u010divanje na ravnopravni na\u010din&#8221;, kazao je za HTV.<\/p>\n<div id=\"mojev-2512026829\" class=\"mojev-kraj-teksta mojev-entity-placement\" style=\"margin-bottom: 20px;margin-left: auto;margin-right: auto;text-align: center;\"><div class=\"mojev-adlabel\">oglas<\/div><div style=\"height: 250px;\"><script async src=\"https:\/\/pagead2.googlesyndication.com\/pagead\/js\/adsbygoogle.js?client=ca-pub-8106111766207173\"\r\n     crossorigin=\"anonymous\"><\/script>\r\n<!-- Display-1 -->\r\n<ins class=\"adsbygoogle\"\r\n     style=\"display:block\"\r\n     data-ad-client=\"ca-pub-8106111766207173\"\r\n     data-ad-slot=\"1465712950\"\r\n     data-ad-format=\"auto\"\r\n     data-full-width-responsive=\"true\"><\/ins>\r\n<script>\r\n     (adsbygoogle = window.adsbygoogle || []).push({});\r\n<\/script><\/div><\/div>","protected":false},"excerpt":{"rendered":"<p>Ministar Marin Pileti\u0107 najavio je da \u0107e dio prora\u010dunskog rebalansa biti usmjeren na isplatu inkluzivnog dodatka te naglasio da se radi na ubrzanju postupaka, budu\u0107i da jo\u0161 105 tisu\u0107a osoba \u010deka rje\u0161enje.<\/p>\n","protected":false},"author":1,"featured_media":129826,"comment_status":"closed","ping_status":"closed","sticky":false,"template":"","format":"standard","meta":{"footnotes":""},"categories":[9],"tags":[4299,3231],"class_list":["post-142300","post","type-post","status-publish","format-standard","has-post-thumbnail","hentry","category-vijesti","tag-inkluzivni-dodatak","tag-marin-piletic"],"_links":{"self":[{"href":"https:\/\/www.mojevrijeme.hr\/magazin\/wp-json\/wp\/v2\/posts\/142300","targetHints":{"allow":["GET"]}}],"collection":[{"href":"https:\/\/www.mojevrijeme.hr\/magazin\/wp-json\/wp\/v2\/posts"}],"about":[{"href":"https:\/\/www.mojevrijeme.hr\/magazin\/wp-json\/wp\/v2\/types\/post"}],"author":[{"embeddable":true,"href":"https:\/\/www.mojevrijeme.hr\/magazin\/wp-json\/wp\/v2\/users\/1"}],"replies":[{"embeddable":true,"href":"https:\/\/www.mojevrijeme.hr\/magazin\/wp-json\/wp\/v2\/comments?post=142300"}],"version-history":[{"count":4,"href":"https:\/\/www.mojevrijeme.hr\/magazin\/wp-json\/wp\/v2\/posts\/142300\/revisions"}],"predecessor-version":[{"id":142305,"href":"https:\/\/www.mojevrijeme.hr\/magazin\/wp-json\/wp\/v2\/posts\/142300\/revisions\/142305"}],"wp:featuredmedia":[{"embeddable":true,"href":"https:\/\/www.mojevrijeme.hr\/magazin\/wp-json\/wp\/v2\/media\/129826"}],"wp:attachment":[{"href":"https:\/\/www.mojevrijeme.hr\/magazin\/wp-json\/wp\/v2\/media?parent=142300"}],"wp:term":[{"taxonomy":"category","embeddable":true,"href":"https:\/\/www.mojevrijeme.hr\/magazin\/wp-json\/wp\/v2\/categories?post=142300"},{"taxonomy":"post_tag","embeddable":true,"href":"https:\/\/www.mojevrijeme.hr\/magazin\/wp-json\/wp\/v2\/tags?post=142300"}],"curies":[{"name":"wp","href":"https:\/\/api.w.org\/{rel}","templated":true}]}}