{"id":142452,"date":"2025-10-07T08:13:49","date_gmt":"2025-10-07T06:13:49","guid":{"rendered":"https:\/\/www.mojevrijeme.hr\/magazin\/?p=142452"},"modified":"2025-10-07T08:30:18","modified_gmt":"2025-10-07T06:30:18","slug":"nisu-docekali-inkluzivni-dodatak-njihove-obitelji-mogu-tuziti-drzavu","status":"publish","type":"post","link":"https:\/\/www.mojevrijeme.hr\/magazin\/2025\/10\/nisu-docekali-inkluzivni-dodatak-njihove-obitelji-mogu-tuziti-drzavu\/","title":{"rendered":"Nisu do\u010dekali inkluzivni dodatak, njihove obitelji mogu tu\u017eiti dr\u017eavu"},"content":{"rendered":"\n<p>Ministarstvo socijalne politike, prema svemu sude\u0107i, zauzelo je neodr\u017eivo pravno stajali\u0161te vezano uz inkluzivni dodatak, \u0161to bi dr\u017eavu moglo stajati nove tisu\u0107e eura prora\u010dunskog novca za odvjetni\u010dke tro\u0161kove.<\/p>\n\n\n\n<p>Naime, u Hrvatskoj ve\u0107 postoji sudska praksa o ovom pitanju i ona je suprotna stajali\u0161tu prema kojem postupaju Hrvatski zavod za socijalni rad i ministarstvo Marina Pileti\u0107a, javlja <a href=\"https:\/\/www.jutarnji.hr\/vijesti\/hrvatska\/deseci-tuzbi-protiv-pileticeva-ministarstva-a-to-je-tek-pocetak-pravi-val-tek-slijedi-drzava-bi-mogla-isplatiti-bogatstvo-15629844\" target=\"_blank\" rel=\"noreferrer noopener\">Jutarnji list<\/a>. Prema sudskoj praksi, pojednostavljeno, nasljednici osoba koje su preminule ne do\u010dekav\u0161i inkluzivni dodatak imaju pravo naslijediti neispla\u0107ene svote dodatka koje bi njihovi pokojni \u010dlanovi obitelji dobili da im je dodatak na vrijeme odobren. <\/p>\n\n\n\n<p>U proteklih godinu i pol preminulo je vi\u0161e od 15.000 osoba ne do\u010dekav\u0161i rje\u0161enje. Ve\u0107ina je \u010dekala mjesecima nakon predaje zahtjeva, neki i dulje od godinu dana, iako se, sukladno Zakonu o inkluzivnom dodatku, rje\u0161enje o pravu treba donijeti u roku od 15, a najkasnije 30 dana.<\/p><div id=\"mojev-2425209316\" class=\"mojev-u-tekstu mojev-entity-placement\" style=\"margin-left: auto;margin-right: auto;text-align: center;\"><div class=\"mojev-adlabel\">oglas<\/div><div style=\"height: 250px;\"><script async src=\"https:\/\/pagead2.googlesyndication.com\/pagead\/js\/adsbygoogle.js?client=ca-pub-8106111766207173\"\r\n     crossorigin=\"anonymous\"><\/script>\r\n<!-- Prikazni 1 u tekstu -->\r\n<ins class=\"adsbygoogle\"\r\n     style=\"display:block\"\r\n     data-ad-client=\"ca-pub-8106111766207173\"\r\n     data-ad-slot=\"8535551207\"\r\n     data-ad-format=\"auto\"\r\n     data-full-width-responsive=\"true\"><\/ins>\r\n<script>\r\n     (adsbygoogle = window.adsbygoogle || []).push({});\r\n<\/script><\/div><\/div><br style=\"clear: both; display: block; float: none;\"\/>\n\n\n\n<p>U trenutku smrti podnositelja, sukladno mi\u0161ljenju Ministarstva, podru\u010dni uredi Hrvatskog zavoda za socijalni rad automatski prekidaju obradu njegovog zahtjeva i \u0161alju nasljednicima rje\u0161enje o obustavi. Ministarstvo, bez navo\u0111enja pravne argumentacije, tvrdi da nasljednici ne mogu naslijediti taj iznos iako je jasno da bi on bio ispla\u0107en pokojnicima da je sustav u zakonskom roku rije\u0161io njihov zahtjev.<\/p>\n\n\n\n<p>Odvjetnici s kojima su razgovarali novinari Jutarnjeg potvr\u0111uju da presude o meritumu ovog problema postoje. Jedna od takvih je i presuda Upravnog suda u Zagrebu iz 2023. godine u kojoj je doneseni pravorijek suprotan stajali\u0161tu Ministarstva socijalne politike.<\/p>\n\n\n\n<p>Rije\u010d je o presudi u slu\u010daju pokojne M. K., koja je 25. o\u017eujka 2022. podnijela zahtjev za osobnu invalidninu, a koju je u me\u0111uvremenu zamijenio inkluzivni dodatak. M. K. je preminula sedam mjeseci kasnije, 22. listopada 2022. godine, ne do\u010dekav\u0161i rje\u0161enje. Njezini nasljednici podnijeli su \u017ealbu i tvrdili da je sustav prekr\u0161io zakonski rok za dono\u0161enje rje\u0161enja, \u010dime je pokojnicu zakinuo za nov\u010dano pravo koje bi dobivala za \u017eivota. Sukladno praksi, socijalna je slu\u017eba na dan njezine smrti prekinula postupak i nije dalje niti utvr\u0111ivala je li M. K. imala pravo na osobnu invalidninu ili ne.<\/p>\n\n\n\n<p>Upravni sud je zaklju\u010dio da je &#8220;postupak trebalo nastaviti i meritorno odlu\u010diti o zahtjevu&#8221; te je to i nalo\u017eio tada\u0161njem centru za socijalnu skrb. Upravni se sud posebno pozvao na zaklju\u010dak tog suda iz 2011. godine kojim je utvr\u0111eno da se takvi postupci mogu nastaviti nakon smrti podnositelja zahtjeva ako sadr\u017ee &#8220;neostvareno imovinsko potra\u017eivanje&#8221;. Posljedi\u010dno, to bi zna\u010dilo da dr\u017eava, ako se u postupku utvrdi da je M. K. imala pravo na invalidninu, mora nasljednicima isplatiti zaostatke koje nije isplatila pokojnici.<\/p>\n\n\n\n<p>U takvim slu\u010dajevima nasljednici trebaju, nakon dobivanja rje\u0161enja o obustavi postupka, u propisanom roku ulo\u017eiti \u017ealbu Ministarstvu socijalne politike kao drugostupanjskom tijelu. Ako Ministarstvo ne uva\u017ei \u017ealbu, a do sada nije uva\u017eilo nijednu protiv obje odluke mogu pokrenuti upravni spor na sudu, savjetuju odvjetnici s kojima je <a href=\"https:\/\/www.jutarnji.hr\/vijesti\/hrvatska\/deseci-tuzbi-protiv-pileticeva-ministarstva-a-to-je-tek-pocetak-pravi-val-tek-slijedi-drzava-bi-mogla-isplatiti-bogatstvo-15629844\" target=\"_blank\" rel=\"noreferrer noopener\">Jutarnji<\/a> razgovarao.<\/p>\n<div id=\"mojev-3641301842\" class=\"mojev-kraj-teksta mojev-entity-placement\" style=\"margin-bottom: 20px;margin-left: auto;margin-right: auto;text-align: center;\"><div class=\"mojev-adlabel\">oglas<\/div><div style=\"height: 250px;\"><script async src=\"https:\/\/pagead2.googlesyndication.com\/pagead\/js\/adsbygoogle.js?client=ca-pub-8106111766207173\"\r\n     crossorigin=\"anonymous\"><\/script>\r\n<!-- Display-1 -->\r\n<ins class=\"adsbygoogle\"\r\n     style=\"display:block\"\r\n     data-ad-client=\"ca-pub-8106111766207173\"\r\n     data-ad-slot=\"1465712950\"\r\n     data-ad-format=\"auto\"\r\n     data-full-width-responsive=\"true\"><\/ins>\r\n<script>\r\n     (adsbygoogle = window.adsbygoogle || []).push({});\r\n<\/script><\/div><\/div>","protected":false},"excerpt":{"rendered":"<p>Pri zastupanju stranaka u ovakvim slu\u010dajevima odvjetnici obi\u010dno ni\u0161ta ne napla\u0107uju strankama, nego se, u slu\u010daju da dobiju spor, izravno napla\u0107uju od tu\u017eenika, odnosno dr\u017eave. A svaka prava radnja u tim slu\u010dajevima &#8211; podno\u0161enje tu\u017ebe, svaki podnesak i drugo stoji po 1.250 eura.<\/p>\n","protected":false},"author":1,"featured_media":108612,"comment_status":"closed","ping_status":"closed","sticky":false,"template":"","format":"standard","meta":{"footnotes":""},"categories":[9],"tags":[4299],"class_list":["post-142452","post","type-post","status-publish","format-standard","has-post-thumbnail","hentry","category-vijesti","tag-inkluzivni-dodatak"],"_links":{"self":[{"href":"https:\/\/www.mojevrijeme.hr\/magazin\/wp-json\/wp\/v2\/posts\/142452","targetHints":{"allow":["GET"]}}],"collection":[{"href":"https:\/\/www.mojevrijeme.hr\/magazin\/wp-json\/wp\/v2\/posts"}],"about":[{"href":"https:\/\/www.mojevrijeme.hr\/magazin\/wp-json\/wp\/v2\/types\/post"}],"author":[{"embeddable":true,"href":"https:\/\/www.mojevrijeme.hr\/magazin\/wp-json\/wp\/v2\/users\/1"}],"replies":[{"embeddable":true,"href":"https:\/\/www.mojevrijeme.hr\/magazin\/wp-json\/wp\/v2\/comments?post=142452"}],"version-history":[{"count":5,"href":"https:\/\/www.mojevrijeme.hr\/magazin\/wp-json\/wp\/v2\/posts\/142452\/revisions"}],"predecessor-version":[{"id":142457,"href":"https:\/\/www.mojevrijeme.hr\/magazin\/wp-json\/wp\/v2\/posts\/142452\/revisions\/142457"}],"wp:featuredmedia":[{"embeddable":true,"href":"https:\/\/www.mojevrijeme.hr\/magazin\/wp-json\/wp\/v2\/media\/108612"}],"wp:attachment":[{"href":"https:\/\/www.mojevrijeme.hr\/magazin\/wp-json\/wp\/v2\/media?parent=142452"}],"wp:term":[{"taxonomy":"category","embeddable":true,"href":"https:\/\/www.mojevrijeme.hr\/magazin\/wp-json\/wp\/v2\/categories?post=142452"},{"taxonomy":"post_tag","embeddable":true,"href":"https:\/\/www.mojevrijeme.hr\/magazin\/wp-json\/wp\/v2\/tags?post=142452"}],"curies":[{"name":"wp","href":"https:\/\/api.w.org\/{rel}","templated":true}]}}