{"id":142458,"date":"2025-10-07T09:36:14","date_gmt":"2025-10-07T07:36:14","guid":{"rendered":"https:\/\/www.mojevrijeme.hr\/magazin\/?p=142458"},"modified":"2025-10-07T09:36:15","modified_gmt":"2025-10-07T07:36:15","slug":"spika-pozvao-piletica-da-podnese-ostavku-to-bi-bilo-moralno-i-odgovorno","status":"publish","type":"post","link":"https:\/\/www.mojevrijeme.hr\/magazin\/2025\/10\/spika-pozvao-piletica-da-podnese-ostavku-to-bi-bilo-moralno-i-odgovorno\/","title":{"rendered":"\u0160pika pozvao Pileti\u0107a da podnese ostavku: To bi bilo moralno i odgovorno"},"content":{"rendered":"\n<p>Predsjednik Bloka umirovljenici zajedno (BUZ) <strong>Milivoj \u0160pika<\/strong> o\u0161tro je prozvao ministra rada i mirovinskog sustava Marina Pileti\u0107a zbog, kako tvrdi, potpune nesposobnosti i neodgovornosti u provedbi isplate inkluzivnog dodatka.<\/p>\n\n\n\n<p>&#8220;Jo\u0161 je pro\u0161le godine, prilikom rebalansa dr\u017eavnog prora\u010duna, bilo o\u010dito da ne\u0161to ozbiljno nije u redu s isplatom inkluzivnog dodatka. Ministar se tada hvalio kako je \u2018u\u0161tedio\u2019 oko 300 milijuna eura, \u0161to je ve\u0107 bio jasan znak da se sustav uru\u0161ava i da tisu\u0107e predmeta ostaju nerije\u0161ene&#8221;, upozorio je \u0160pika.<\/p>\n\n\n\n<p>Dodaje da je Pileti\u0107u moralo biti jasno kako se predmeti rje\u0161avaju nedopustivo sporo te da \u0107e se u 2025. godini problem dodatno produbiti. &#8220;Umjesto da reagira na vrijeme, ministar se mjesecima pona\u0161ao kao da problem ne postoji. Tek sada, u listopadu, s nevi\u0111enim zaka\u0161njenjem, najavljuje \u2018ubrzanje procesa\u2019 kroz digitalizaciju i pove\u0107anje broja vje\u0161taka, kao da do sada ni\u0161ta od toga nije postojalo. To nije reformski potez, nego priznanje vlastitog neuspjeha&#8221;, navodi \u0160pika.<\/p><div id=\"mojev-3094950112\" class=\"mojev-u-tekstu mojev-entity-placement\" style=\"margin-left: auto;margin-right: auto;text-align: center;\"><div class=\"mojev-adlabel\">oglas<\/div><div style=\"height: 250px;\"><script async src=\"https:\/\/pagead2.googlesyndication.com\/pagead\/js\/adsbygoogle.js?client=ca-pub-8106111766207173\"\r\n     crossorigin=\"anonymous\"><\/script>\r\n<!-- Prikazni 1 u tekstu -->\r\n<ins class=\"adsbygoogle\"\r\n     style=\"display:block\"\r\n     data-ad-client=\"ca-pub-8106111766207173\"\r\n     data-ad-slot=\"8535551207\"\r\n     data-ad-format=\"auto\"\r\n     data-full-width-responsive=\"true\"><\/ins>\r\n<script>\r\n     (adsbygoogle = window.adsbygoogle || []).push({});\r\n<\/script><\/div><\/div><br style=\"clear: both; display: block; float: none;\"\/>\n\n\n\n<p>Prema njegovim rije\u010dima, Pileti\u0107 je pro\u0161le godine &#8220;u\u0161tedio&#8221; 300 milijuna eura, a ove godine proma\u0161io planirani iznos za gotovo pola milijarde. &#8220;Kako je mogu\u0107e proma\u0161iti izra\u010dun kada su svi parametri poznati \u2013 broj korisnika, iznos dodatka i prosje\u010dna vrijednost predmeta? Takvu pogre\u0161ku ne bi napravio ni osnovno\u0161kolac, ali o\u010dito mo\u017ee ministar Republike Hrvatske&#8221;, ka\u017ee predsjednik BUZ-a.<\/p>\n\n\n\n<p>\u0160pika smatra da ministar ne bi reagirao ni sada &#8220;da se u javnosti nije digla bura zbog sve ve\u0107eg broja onih koji ne do\u010dekaju svoj inkluzivni dodatak&#8221;. &#8220;Kada dvadesetak tisu\u0107a gra\u0111ana umre \u010dekaju\u0107i rje\u0161enje, to vi\u0161e nije samo pitanje neu\u010dinkovitosti, nego morala, dostojanstva i odgovornosti&#8221;, isti\u010de.<\/p>\n\n\n\n<p>Zaklju\u010duje da su &#8220;umirovljenici danas taoci nedoraslog ministra i samozvanih \u2018predstavnika\u2019 koji o njima brinu jednako koliko i o lanjskom snijegu&#8221;.<\/p>\n\n\n\n<p>BUZ stoga zahtijeva od Vlade Republike Hrvatske da hitno preispita odgovornost ministra Pileti\u0107a i osigura isplatu svih zaostalih inkluzivnih dodataka. &#8220;Odgovoran \u010dovjek bi ve\u0107 odavno podnio neopozivu ostavku. Na\u017ealost, \u010dini se da ministar Pileti\u0107 ne zna \u0161to rije\u010d ostavka zna\u010di&#8221;, zaklju\u010duje \u0160pika.<\/p>\n<div id=\"mojev-116623074\" class=\"mojev-kraj-teksta mojev-entity-placement\" style=\"margin-bottom: 20px;margin-left: auto;margin-right: auto;text-align: center;\"><div class=\"mojev-adlabel\">oglas<\/div><div style=\"height: 250px;\"><script async src=\"https:\/\/pagead2.googlesyndication.com\/pagead\/js\/adsbygoogle.js?client=ca-pub-8106111766207173\"\r\n     crossorigin=\"anonymous\"><\/script>\r\n<!-- Display-1 -->\r\n<ins class=\"adsbygoogle\"\r\n     style=\"display:block\"\r\n     data-ad-client=\"ca-pub-8106111766207173\"\r\n     data-ad-slot=\"1465712950\"\r\n     data-ad-format=\"auto\"\r\n     data-full-width-responsive=\"true\"><\/ins>\r\n<script>\r\n     (adsbygoogle = window.adsbygoogle || []).push({});\r\n<\/script><\/div><\/div>","protected":false},"excerpt":{"rendered":"<p>Blok umirovljenici zajedno (BUZ) optu\u017eio je ministra Marina Pileti\u0107a za potpuni kolaps sustava isplate inkluzivnog dodatka, upozoriv\u0161i da su tisu\u0107e gra\u0111ana umrle \u010dekaju\u0107i rje\u0161enje, dok ministar, kako tvrde, umjesto da reagira, najavljuje digitalizaciju kao priznanje vlastitog neuspjeha.<\/p>\n","protected":false},"author":1,"featured_media":135245,"comment_status":"closed","ping_status":"closed","sticky":false,"template":"","format":"standard","meta":{"footnotes":""},"categories":[9],"tags":[4299,3231,854],"class_list":["post-142458","post","type-post","status-publish","format-standard","has-post-thumbnail","hentry","category-vijesti","tag-inkluzivni-dodatak","tag-marin-piletic","tag-milivoj-spika"],"_links":{"self":[{"href":"https:\/\/www.mojevrijeme.hr\/magazin\/wp-json\/wp\/v2\/posts\/142458","targetHints":{"allow":["GET"]}}],"collection":[{"href":"https:\/\/www.mojevrijeme.hr\/magazin\/wp-json\/wp\/v2\/posts"}],"about":[{"href":"https:\/\/www.mojevrijeme.hr\/magazin\/wp-json\/wp\/v2\/types\/post"}],"author":[{"embeddable":true,"href":"https:\/\/www.mojevrijeme.hr\/magazin\/wp-json\/wp\/v2\/users\/1"}],"replies":[{"embeddable":true,"href":"https:\/\/www.mojevrijeme.hr\/magazin\/wp-json\/wp\/v2\/comments?post=142458"}],"version-history":[{"count":2,"href":"https:\/\/www.mojevrijeme.hr\/magazin\/wp-json\/wp\/v2\/posts\/142458\/revisions"}],"predecessor-version":[{"id":142460,"href":"https:\/\/www.mojevrijeme.hr\/magazin\/wp-json\/wp\/v2\/posts\/142458\/revisions\/142460"}],"wp:featuredmedia":[{"embeddable":true,"href":"https:\/\/www.mojevrijeme.hr\/magazin\/wp-json\/wp\/v2\/media\/135245"}],"wp:attachment":[{"href":"https:\/\/www.mojevrijeme.hr\/magazin\/wp-json\/wp\/v2\/media?parent=142458"}],"wp:term":[{"taxonomy":"category","embeddable":true,"href":"https:\/\/www.mojevrijeme.hr\/magazin\/wp-json\/wp\/v2\/categories?post=142458"},{"taxonomy":"post_tag","embeddable":true,"href":"https:\/\/www.mojevrijeme.hr\/magazin\/wp-json\/wp\/v2\/tags?post=142458"}],"curies":[{"name":"wp","href":"https:\/\/api.w.org\/{rel}","templated":true}]}}