{"id":142588,"date":"2025-10-09T09:13:24","date_gmt":"2025-10-09T07:13:24","guid":{"rendered":"https:\/\/www.mojevrijeme.hr\/magazin\/?p=142588"},"modified":"2025-10-09T09:13:25","modified_gmt":"2025-10-09T07:13:25","slug":"vrtlarski-poslovi-za-listopad-vrijeme-berbe-dijeljenja-i-sadnje","status":"publish","type":"post","link":"https:\/\/www.mojevrijeme.hr\/magazin\/2025\/10\/vrtlarski-poslovi-za-listopad-vrijeme-berbe-dijeljenja-i-sadnje\/","title":{"rendered":"Vrtlarski poslovi za listopad: vrijeme berbe, dijeljenja i sadnje"},"content":{"rendered":"\n<p>Listopad je za vrt vrijeme uspavljivanja. Dani su kra\u0107i, sunce bla\u017ee, a tlo jo\u0161 uvijek dovoljno toplo da primi nove biljke. Iako se priroda priprema na san, vrtlari imaju pune ruke posla. Jesen nije kraj, nego po\u010detak novog ciklusa.<\/p>\n\n\n\n<p>U ovo doba godine zavr\u0161ava berba bundeva. Kad no\u0107i zahlade, a temperature padnu ispod sedam stupnjeva, bundeve bi trebalo premjestiti na suho i toplo mjesto, primjerice u gara\u017eu ili staklenik. Ako ostanu na hladnom tlu, brzo omek\u0161aju i propadnu.<\/p>\n\n\n\n<p>Idealno je vrijeme za dijeljenje trajnica poput hosta, floksa i rudbekija. Dioba starih busenova pomla\u0111uje biljke, a najlak\u0161i je na\u010din i da redizajnirate svoj vrt. Uz to, tlo treba dobro o\u010distiti i prorahliti. \u0160to bolje sada pripremite gredice, to \u0107e prolje\u0107e biti rasko\u0161nije. Vrijeme je i za sadnju proljetnih lukovica: tulipana, narcisa i zumbula. Mo\u017eete ih saditi u posude, na gredice ili u travnjak, gdje \u0107e na prolje\u0107e izrasti \u0161areni tepih cvije\u0107a. <\/p><div id=\"mojev-1353206793\" class=\"mojev-u-tekstu mojev-entity-placement\" style=\"margin-left: auto;margin-right: auto;text-align: center;\"><div class=\"mojev-adlabel\">oglas<\/div><div style=\"height: 250px;\"><script async src=\"https:\/\/pagead2.googlesyndication.com\/pagead\/js\/adsbygoogle.js?client=ca-pub-8106111766207173\"\r\n     crossorigin=\"anonymous\"><\/script>\r\n<!-- Prikazni 1 u tekstu -->\r\n<ins class=\"adsbygoogle\"\r\n     style=\"display:block\"\r\n     data-ad-client=\"ca-pub-8106111766207173\"\r\n     data-ad-slot=\"8535551207\"\r\n     data-ad-format=\"auto\"\r\n     data-full-width-responsive=\"true\"><\/ins>\r\n<script>\r\n     (adsbygoogle = window.adsbygoogle || []).push({});\r\n<\/script><\/div><\/div><br style=\"clear: both; display: block; float: none;\"\/>\n\n\n\n<p>U vo\u0107njacima jo\u0161 traje berba kasnih jabuka i kru\u0161aka. Plodove treba brati pa\u017eljivo, bez o\u0161te\u0107ivanja, a manji i mek\u0161i primjerci mogu poslu\u017eiti za kompot, sok ili pitu. Jesen u kuhinji miri\u0161e upravo po jabukama i cimetu. Na <a href=\"https:\/\/www.mojevrijeme.hr\/magazin\/2025\/09\/recept-za-maslac-od-jabuke-kao-bakina-pita-ali-u-staklenci\/\" data-type=\"post\" data-id=\"141916\">ovoj poveznici<\/a> pro\u010ditajte kako napraviti slasan &#8220;maslac&#8221; od jabuka.<\/p>\n\n\n\n<p>Ako ste planirali sadnju novih stabala ili grmova, listopad je pravi trenutak. Tlo je jo\u0161 uvijek toplo, a vlage je dovoljno za ukorjenjivanje. Jesen je najpovoljnije razdoblje za sadnju \u017eivica i ukrasnog drve\u0107a.<\/p>\n\n\n\n<p>Osim toga, valja pokupiti opalo li\u0161\u0107e; zdravo treba kompostirati, a bolesno spaliti. Alat treba o\u010distiti i pospremiti, a tlo dodati kompost. Tako \u0107e vrt spremno do\u010dekati zimu i novu sezonu koja uvijek po\u010dinje u spokoju jesenskih dana.<\/p>\n\n\n<i>Na\u0161a rubrika <strong>Vrt<\/strong> ima svoju Facebook grupu. Pridru\u017eite se ljubiteljima vrtlarstva, pohvalite se uspjesima, pitajte stru\u010dnjake, razmijenite savjete i inspirirajte se. <a style=\"text-decoration: none; font-weight: bold;\" href=\"https:\/\/www.facebook.com\/groups\/635825835756841\" target=\"_blank\" rel=\"noopener noreferrer\">\nKliknite ovdje<\/a> i postanite dio na\u0161e zajednice.<\/i><div id=\"mojev-3654678117\" class=\"mojev-kraj-teksta mojev-entity-placement\" style=\"margin-bottom: 20px;margin-left: auto;margin-right: auto;text-align: center;\"><div class=\"mojev-adlabel\">oglas<\/div><div style=\"height: 250px;\"><script async src=\"https:\/\/pagead2.googlesyndication.com\/pagead\/js\/adsbygoogle.js?client=ca-pub-8106111766207173\"\r\n     crossorigin=\"anonymous\"><\/script>\r\n<!-- Display-1 -->\r\n<ins class=\"adsbygoogle\"\r\n     style=\"display:block\"\r\n     data-ad-client=\"ca-pub-8106111766207173\"\r\n     data-ad-slot=\"1465712950\"\r\n     data-ad-format=\"auto\"\r\n     data-full-width-responsive=\"true\"><\/ins>\r\n<script>\r\n     (adsbygoogle = window.adsbygoogle || []).push({});\r\n<\/script><\/div><\/div>","protected":false},"excerpt":{"rendered":"<p>Listopad je mjesec berbe, dijeljenja i sadnje, vrijeme kada zapo\u010dinjemo novu vrtlarsku sezonu \u010diji \u0107emo vrhunac do\u017eivjeti u prolje\u0107e i ljeto idu\u0107e godine.<\/p>\n","protected":false},"author":1,"featured_media":133540,"comment_status":"closed","ping_status":"closed","sticky":false,"template":"","format":"standard","meta":{"footnotes":""},"categories":[9,3497],"tags":[3623,175,3739,3712,3711],"class_list":["post-142588","post","type-post","status-publish","format-standard","has-post-thumbnail","hentry","category-vijesti","category-vrt","tag-cvjetnjak","tag-jesen","tag-listopad","tag-sadnja","tag-vocnjak"],"_links":{"self":[{"href":"https:\/\/www.mojevrijeme.hr\/magazin\/wp-json\/wp\/v2\/posts\/142588","targetHints":{"allow":["GET"]}}],"collection":[{"href":"https:\/\/www.mojevrijeme.hr\/magazin\/wp-json\/wp\/v2\/posts"}],"about":[{"href":"https:\/\/www.mojevrijeme.hr\/magazin\/wp-json\/wp\/v2\/types\/post"}],"author":[{"embeddable":true,"href":"https:\/\/www.mojevrijeme.hr\/magazin\/wp-json\/wp\/v2\/users\/1"}],"replies":[{"embeddable":true,"href":"https:\/\/www.mojevrijeme.hr\/magazin\/wp-json\/wp\/v2\/comments?post=142588"}],"version-history":[{"count":2,"href":"https:\/\/www.mojevrijeme.hr\/magazin\/wp-json\/wp\/v2\/posts\/142588\/revisions"}],"predecessor-version":[{"id":142590,"href":"https:\/\/www.mojevrijeme.hr\/magazin\/wp-json\/wp\/v2\/posts\/142588\/revisions\/142590"}],"wp:featuredmedia":[{"embeddable":true,"href":"https:\/\/www.mojevrijeme.hr\/magazin\/wp-json\/wp\/v2\/media\/133540"}],"wp:attachment":[{"href":"https:\/\/www.mojevrijeme.hr\/magazin\/wp-json\/wp\/v2\/media?parent=142588"}],"wp:term":[{"taxonomy":"category","embeddable":true,"href":"https:\/\/www.mojevrijeme.hr\/magazin\/wp-json\/wp\/v2\/categories?post=142588"},{"taxonomy":"post_tag","embeddable":true,"href":"https:\/\/www.mojevrijeme.hr\/magazin\/wp-json\/wp\/v2\/tags?post=142588"}],"curies":[{"name":"wp","href":"https:\/\/api.w.org\/{rel}","templated":true}]}}