{"id":142597,"date":"2025-10-09T15:06:05","date_gmt":"2025-10-09T13:06:05","guid":{"rendered":"https:\/\/www.mojevrijeme.hr\/magazin\/?p=142597"},"modified":"2025-10-09T15:10:51","modified_gmt":"2025-10-09T13:10:51","slug":"mozemo-trazi-pileticevu-ostavku-zbog-kaosa-s-inkluzivnim-dodatkom","status":"publish","type":"post","link":"https:\/\/www.mojevrijeme.hr\/magazin\/2025\/10\/mozemo-trazi-pileticevu-ostavku-zbog-kaosa-s-inkluzivnim-dodatkom\/","title":{"rendered":"Mo\u017eemo tra\u017ei Pileti\u0107evu ostavku zbog kaosa s inkluzivnim dodatkom"},"content":{"rendered":"\n<p>Zastupnice stranke Mo\u017eemo, Jelena Milo\u0161 i Ivana Kekin, prozvale su ministre Marina Pileti\u0107a i Irenu Hrsti\u0107 zbog, kako tvrde, neispunjenih obe\u0107anja prema najranjivijim skupinama gra\u0111ana. Posebno su istaknule probleme s isplatom inkluzivnog dodatka i zastalim pove\u0107anjem naknada za dugotrajno bolovanje.<\/p>\n\n\n\n<p>Milo\u0161 je podsjetila da je Zakon o inkluzivnom dodatku na snazi ve\u0107 dvije godine, no brojni korisnici i dalje \u010dekaju rje\u0161enja. Prema dostupnim podacima, \u010dak 15 tisu\u0107a osoba preminulo je prije nego \u0161to je ostvarilo to pravo. Pozvala je ministra rada Marina Pileti\u0107a da preuzme politi\u010dku odgovornost zbog propusta u provedbi zakona. &#8220;\u017dao mu je, ali nije priznao pogre\u0161ku niti ponudio rje\u0161enje ni rokove&#8221;, rekla je Milo\u0161.<\/p>\n\n\n\n<p>Naglasila je da je sustav trebao biti pripremljen i kadrovski oja\u010dan, posebno u pogledu broja vje\u0161taka. Po njezinim rije\u010dima, ministar je &#8220;katastrofalno proma\u0161io&#8221; u procjeni broja korisnika i potrebnih sredstava.<\/p><div id=\"mojev-1824291287\" class=\"mojev-u-tekstu mojev-entity-placement\" style=\"margin-left: auto;margin-right: auto;text-align: center;\"><div class=\"mojev-adlabel\">oglas<\/div><div style=\"height: 250px;\"><script async src=\"https:\/\/pagead2.googlesyndication.com\/pagead\/js\/adsbygoogle.js?client=ca-pub-8106111766207173\"\r\n     crossorigin=\"anonymous\"><\/script>\r\n<!-- Prikazni 1 u tekstu -->\r\n<ins class=\"adsbygoogle\"\r\n     style=\"display:block\"\r\n     data-ad-client=\"ca-pub-8106111766207173\"\r\n     data-ad-slot=\"8535551207\"\r\n     data-ad-format=\"auto\"\r\n     data-full-width-responsive=\"true\"><\/ins>\r\n<script>\r\n     (adsbygoogle = window.adsbygoogle || []).push({});\r\n<\/script><\/div><\/div><br style=\"clear: both; display: block; float: none;\"\/>\n\n\n\n<p>&#8220;Procjena je bila 150 tisu\u0107a korisnika i pola milijarde eura, a sada ih je preko 180 tisu\u0107a i vi\u0161e od 100 tisu\u0107a jo\u0161 \u010deka rje\u0161enje. Tro\u0161ak je ve\u0107 prema\u0161io milijardu eura&#8221;, upozorila je Milo\u0161, dodav\u0161i da Pileti\u0107 treba podnijeti ostavku ako problem ne zna rije\u0161iti.<\/p>\n\n\n\n<p>Ivana Kekin prozvala je ministricu zdravstva Irenu Hrsti\u0107 zbog naknada za dugotrajno bolovanje koje se nisu mijenjale 16 godina te se kre\u0107u izme\u0111u 300 i 500 eura mjese\u010dno. &#8220;Ministrica je najavljivala pove\u0107anje od 76 posto, ali su naknade porasle tek onima koji su primali manje od 350 eura. Ve\u0107ini su ostale iste&#8221;, kazala je Kekin.<\/p>\n<div id=\"mojev-4221190623\" class=\"mojev-kraj-teksta mojev-entity-placement\" style=\"margin-bottom: 20px;margin-left: auto;margin-right: auto;text-align: center;\"><div class=\"mojev-adlabel\">oglas<\/div><div style=\"height: 250px;\"><script async src=\"https:\/\/pagead2.googlesyndication.com\/pagead\/js\/adsbygoogle.js?client=ca-pub-8106111766207173\"\r\n     crossorigin=\"anonymous\"><\/script>\r\n<!-- Display-1 -->\r\n<ins class=\"adsbygoogle\"\r\n     style=\"display:block\"\r\n     data-ad-client=\"ca-pub-8106111766207173\"\r\n     data-ad-slot=\"1465712950\"\r\n     data-ad-format=\"auto\"\r\n     data-full-width-responsive=\"true\"><\/ins>\r\n<script>\r\n     (adsbygoogle = window.adsbygoogle || []).push({});\r\n<\/script><\/div><\/div>","protected":false},"excerpt":{"rendered":"<p>Zastupnice stranke Mo\u017eemo prozvale su ministre Marina Pileti\u0107a i Irenu Hrsti\u0107 zbog, kako tvrde, neispunjenih obe\u0107anja prema najranjivijim gra\u0111anima.<\/p>\n","protected":false},"author":1,"featured_media":142601,"comment_status":"closed","ping_status":"closed","sticky":false,"template":"","format":"standard","meta":{"footnotes":""},"categories":[9],"tags":[4299,3593,3231,1578],"class_list":["post-142597","post","type-post","status-publish","format-standard","has-post-thumbnail","hentry","category-vijesti","tag-inkluzivni-dodatak","tag-ivana-kekin","tag-marin-piletic","tag-mozemo"],"_links":{"self":[{"href":"https:\/\/www.mojevrijeme.hr\/magazin\/wp-json\/wp\/v2\/posts\/142597","targetHints":{"allow":["GET"]}}],"collection":[{"href":"https:\/\/www.mojevrijeme.hr\/magazin\/wp-json\/wp\/v2\/posts"}],"about":[{"href":"https:\/\/www.mojevrijeme.hr\/magazin\/wp-json\/wp\/v2\/types\/post"}],"author":[{"embeddable":true,"href":"https:\/\/www.mojevrijeme.hr\/magazin\/wp-json\/wp\/v2\/users\/1"}],"replies":[{"embeddable":true,"href":"https:\/\/www.mojevrijeme.hr\/magazin\/wp-json\/wp\/v2\/comments?post=142597"}],"version-history":[{"count":1,"href":"https:\/\/www.mojevrijeme.hr\/magazin\/wp-json\/wp\/v2\/posts\/142597\/revisions"}],"predecessor-version":[{"id":142600,"href":"https:\/\/www.mojevrijeme.hr\/magazin\/wp-json\/wp\/v2\/posts\/142597\/revisions\/142600"}],"wp:featuredmedia":[{"embeddable":true,"href":"https:\/\/www.mojevrijeme.hr\/magazin\/wp-json\/wp\/v2\/media\/142601"}],"wp:attachment":[{"href":"https:\/\/www.mojevrijeme.hr\/magazin\/wp-json\/wp\/v2\/media?parent=142597"}],"wp:term":[{"taxonomy":"category","embeddable":true,"href":"https:\/\/www.mojevrijeme.hr\/magazin\/wp-json\/wp\/v2\/categories?post=142597"},{"taxonomy":"post_tag","embeddable":true,"href":"https:\/\/www.mojevrijeme.hr\/magazin\/wp-json\/wp\/v2\/tags?post=142597"}],"curies":[{"name":"wp","href":"https:\/\/api.w.org\/{rel}","templated":true}]}}