{"id":142697,"date":"2025-10-12T07:57:05","date_gmt":"2025-10-12T05:57:05","guid":{"rendered":"https:\/\/www.mojevrijeme.hr\/magazin\/?p=142697"},"modified":"2025-10-12T07:57:07","modified_gmt":"2025-10-12T05:57:07","slug":"draga-ksenija-prijateljica-je-opsjednuta-cistocom-ali-ima-ruznu-naviku","status":"publish","type":"post","link":"https:\/\/www.mojevrijeme.hr\/magazin\/2025\/10\/draga-ksenija-prijateljica-je-opsjednuta-cistocom-ali-ima-ruznu-naviku\/","title":{"rendered":"Draga Ksenija: Prijateljica je opsjednuta \u010disto\u0107om, ali ima ru\u017enu naviku"},"content":{"rendered":"\n<p><strong>Draga Ksenija<\/strong>, bit \u0107u brza i kratka. Prijateljica je jako uredna \u017eena, ali ima neprihvatljivu naviku. Kod nje je sve savr\u0161eno i &#8220;po \u0161pagici&#8221;. U ku\u0107i nema ni zrnca pra\u0161ine, stakla su besprijekorna, podovi se sjaje, reklo bi se &#8220;kao u apoteci&#8221;. Ali, postoji jedan detalj zbog kojeg mi se prevrne \u017eeludac svaki put kad pomislim na to.<\/p>\n\n\n\n<p>Ona pere kuhinjske krpe, stolnjake, posteljinu i bijelo donje rublje zajedno. To smatra posve normalnim i ve\u0107 smo se nekoliko puta &#8220;zgrabile oko toga&#8221;. Doslovno brani svoje metode kao da brani obiteljsku \u010dast.<\/p>\n\n\n\n<p>Padne mi mrak na o\u010di kad vidim da tom krpom bri\u0161e \u010da\u0161e. Odmah se sjetim da se prala s ga\u0107ama njenog mu\u017ea i izgubim apetit za bilo \u0161to. Molim vas, recite mi da nisam luda i da je ovo zaista, blago re\u010deno, nehigijenski. <em>Zga\u0111ena<\/em><\/p><div id=\"mojev-536093338\" class=\"mojev-u-tekstu mojev-entity-placement\" style=\"margin-left: auto;margin-right: auto;text-align: center;\"><div class=\"mojev-adlabel\">oglas<\/div><div style=\"height: 250px;\"><script async src=\"https:\/\/pagead2.googlesyndication.com\/pagead\/js\/adsbygoogle.js?client=ca-pub-8106111766207173\"\r\n     crossorigin=\"anonymous\"><\/script>\r\n<!-- Prikazni 1 u tekstu -->\r\n<ins class=\"adsbygoogle\"\r\n     style=\"display:block\"\r\n     data-ad-client=\"ca-pub-8106111766207173\"\r\n     data-ad-slot=\"8535551207\"\r\n     data-ad-format=\"auto\"\r\n     data-full-width-responsive=\"true\"><\/ins>\r\n<script>\r\n     (adsbygoogle = window.adsbygoogle || []).push({});\r\n<\/script><\/div><\/div><br style=\"clear: both; display: block; float: none;\"\/>\n\n\n\n<p><strong>Draga Zga\u0111ena<\/strong>, nasmijalo me va\u0161e pismo i mislim da ste u pravu. To stvarno jest odurna navika, ali dopustit \u0107u si biti odvjetnica va\u0161e prijateljice kako bismo je bolje razumjele.<\/p>\n\n\n\n<p>Dana\u0161nji deterd\u017eenti s milijun funkcija, akcija i enzima doista omogu\u0107uju odli\u010dne rezultate pranja. Pogotovo na visokim temperaturama na kojima mi stariji jo\u0161 uvijek peremo bijelo, iako na sve vi\u0161e etiketa pi\u0161e 60 pa i 40 Celzijevih stupnjeva. Dakle, problema s higijenom nema. <\/p>\n\n\n\n<p>Mislim da se ovdje radi o pitanju ukusa. I, slo\u017eit \u0107emo se, to je u ovom slu\u010daju lo\u0161 ukus. Jasno mi je da se va\u0161oj prijateljici ne gade te krpe, ali ne mo\u017ee o\u010dekivati da \u0107ete vi biti odu\u0161evljeni. Nitko ne \u017eeli da mu \u010da\u0161a ili \u0161alica za kavu budu obrisani krpom koja se okretala u stroju zajedno s ne\u010dijim donjim rubljem.<\/p>\n\n\n\n<p>Njene navike ne\u0107ete promijeniti pa bih odustala od daljnjih sva\u0111a. Mo\u017eete jednostavno odbiti piti i jesti kod nje. S druge strane, ne\u0107e vam se ni\u0161ta dogoditi ni ako budete jeli i pili iz posu\u0111a koje bri\u0161e spornim kuhinjskim krpama koje su u kona\u010dnici &#8211; \u010diste. No vi ste, zapravo, pitali jeste li ludi. Odgovor je: niste. <em>Ksenija<\/em> <em>(r)<\/em><\/p>\n\n\n\n<div id=\"crveno\"><\/p>\n\n\n\n<h3 class=\"wp-block-heading\">Pi\u0161ite Kseniji!<\/h3>\n\n\n\n<p>\u017delite li <strong>anonimno<\/strong> postaviti pitanje i posavjetovati se s na\u0161om kolumnisticom i \u017eivotnom savjetnicom Ksenijom Habunek ili samo ispri\u010dati svoju pri\u010du i vi\u0111enje ove teme, mo\u017eete to u\u010diniti putem internetskog obrasca klikom na <a href=\"https:\/\/www.mojevrijeme.hr\/magazin\/draga-ksenija\/\"><strong>ovu poveznicu<\/strong><\/a>.<\/p>\n\n\n\n<p>Ostala pitanja i Ksenijine odgovore potra\u017eite na <a href=\"https:\/\/www.mojevrijeme.hr\/magazin\/category\/povjerljivo\/draga-ksenija\/\"><strong>ovoj poveznici<\/strong><\/a>.<\/p>\n\n\n\n<p><\/div>\n<div id=\"mojev-1569581498\" class=\"mojev-kraj-teksta mojev-entity-placement\" style=\"margin-bottom: 20px;margin-left: auto;margin-right: auto;text-align: center;\"><div class=\"mojev-adlabel\">oglas<\/div><div style=\"height: 250px;\"><script async src=\"https:\/\/pagead2.googlesyndication.com\/pagead\/js\/adsbygoogle.js?client=ca-pub-8106111766207173\"\r\n     crossorigin=\"anonymous\"><\/script>\r\n<!-- Display-1 -->\r\n<ins class=\"adsbygoogle\"\r\n     style=\"display:block\"\r\n     data-ad-client=\"ca-pub-8106111766207173\"\r\n     data-ad-slot=\"1465712950\"\r\n     data-ad-format=\"auto\"\r\n     data-full-width-responsive=\"true\"><\/ins>\r\n<script>\r\n     (adsbygoogle = window.adsbygoogle || []).push({});\r\n<\/script><\/div><\/div>","protected":false},"excerpt":{"rendered":"<p>\u010citateljica se ne mo\u017ee nikako naviknuti na prijatelji\u010dine higijenske navike. Na\u0161a \u017eivotna savjetnica Ksenija Habunek misli da u pitanju nije higijena, ve\u0107 nedostatak dobrog ukusa.<\/p>\n","protected":false},"author":11,"featured_media":28598,"comment_status":"closed","ping_status":"closed","sticky":false,"template":"","format":"standard","meta":{"footnotes":""},"categories":[4133],"tags":[642,3724],"class_list":["post-142697","post","type-post","status-publish","format-standard","has-post-thumbnail","hentry","category-draga-ksenija","tag-higijena","tag-pranje-rublja"],"_links":{"self":[{"href":"https:\/\/www.mojevrijeme.hr\/magazin\/wp-json\/wp\/v2\/posts\/142697","targetHints":{"allow":["GET"]}}],"collection":[{"href":"https:\/\/www.mojevrijeme.hr\/magazin\/wp-json\/wp\/v2\/posts"}],"about":[{"href":"https:\/\/www.mojevrijeme.hr\/magazin\/wp-json\/wp\/v2\/types\/post"}],"author":[{"embeddable":true,"href":"https:\/\/www.mojevrijeme.hr\/magazin\/wp-json\/wp\/v2\/users\/11"}],"replies":[{"embeddable":true,"href":"https:\/\/www.mojevrijeme.hr\/magazin\/wp-json\/wp\/v2\/comments?post=142697"}],"version-history":[{"count":1,"href":"https:\/\/www.mojevrijeme.hr\/magazin\/wp-json\/wp\/v2\/posts\/142697\/revisions"}],"predecessor-version":[{"id":142699,"href":"https:\/\/www.mojevrijeme.hr\/magazin\/wp-json\/wp\/v2\/posts\/142697\/revisions\/142699"}],"wp:featuredmedia":[{"embeddable":true,"href":"https:\/\/www.mojevrijeme.hr\/magazin\/wp-json\/wp\/v2\/media\/28598"}],"wp:attachment":[{"href":"https:\/\/www.mojevrijeme.hr\/magazin\/wp-json\/wp\/v2\/media?parent=142697"}],"wp:term":[{"taxonomy":"category","embeddable":true,"href":"https:\/\/www.mojevrijeme.hr\/magazin\/wp-json\/wp\/v2\/categories?post=142697"},{"taxonomy":"post_tag","embeddable":true,"href":"https:\/\/www.mojevrijeme.hr\/magazin\/wp-json\/wp\/v2\/tags?post=142697"}],"curies":[{"name":"wp","href":"https:\/\/api.w.org\/{rel}","templated":true}]}}