{"id":142815,"date":"2025-10-14T15:56:13","date_gmt":"2025-10-14T13:56:13","guid":{"rendered":"https:\/\/www.mojevrijeme.hr\/magazin\/?p=142815"},"modified":"2025-10-14T16:40:36","modified_gmt":"2025-10-14T14:40:36","slug":"damir-djeca-se-presele-pa-se-vrate-kuci-to-je-prava-agonija","status":"publish","type":"post","link":"https:\/\/www.mojevrijeme.hr\/magazin\/2025\/10\/damir-djeca-se-presele-pa-se-vrate-kuci-to-je-prava-agonija\/","title":{"rendered":"Damir: &#8216;Djeca se presele, pa se vrate ku\u0107i. To je prava agonija&#8217;"},"content":{"rendered":"\n<p>Gospodin Damir (59) i supruga Natalija (59) iz zagreba\u010dke Dubrave imaju \u010detvero odrasle djece u dobi izme\u0111u 22 i 35 godina, a niti jedno od njih jo\u0161 nije potpuno samostalno.<\/p>\n\n\n\n<p>&#8220;Najmla\u0111a k\u0107i jo\u0161 studira pa je prirodno da \u017eivi s nama, ali ostalima je ve\u0107 vrijeme da vode stabilan \u017eivot, umjesto da se svako malo vra\u0107aju ku\u0107i kad nai\u0111e problem&#8221;, povjerio nam se otac Damir. Njegova pri\u010da odra\u017eava \u010dest problem u Hrvatskoj, gdje mladi od ku\u0107e odlaze tek oko 32. godine. Roditeljima to ote\u017eava planiranje vlastitog \u017eivota i prisiljava ih na kontinuirano pomaganje odrasloj djeci.<\/p>\n\n\n\n<p>Kako ka\u017ee Damir, njihova djeca su uvijek imala \u0161to su trebala, ali nisu dovoljno radili na njihovoj financijskoj pismenosti i otpornosti na \u017eivotne neda\u0107e. &#8220;Imam dobar i stabilan posao, dok supruga cijeli \u017eivot radi manje pla\u0107ene poslove. Srce mi se ste\u017ee kad je u pet ujutro vidim kako sjeda na bicikl i odlazi na posao. S druge strane, na\u0161a se djeca \u010dim malo zagusti vra\u0107aju \u017eivjeti s nama, a mi stalno pronalazimo opravdanja za njih. Trebali smo ih bolje pripremiti za \u017eivot&#8221;, govori iskreno otac Damir.<\/p><div id=\"mojev-397906364\" class=\"mojev-u-tekstu mojev-entity-placement\" style=\"margin-left: auto;margin-right: auto;text-align: center;\"><div class=\"mojev-adlabel\">oglas<\/div><div style=\"height: 250px;\"><script async src=\"https:\/\/pagead2.googlesyndication.com\/pagead\/js\/adsbygoogle.js?client=ca-pub-8106111766207173\"\r\n     crossorigin=\"anonymous\"><\/script>\r\n<!-- Prikazni 1 u tekstu -->\r\n<ins class=\"adsbygoogle\"\r\n     style=\"display:block\"\r\n     data-ad-client=\"ca-pub-8106111766207173\"\r\n     data-ad-slot=\"8535551207\"\r\n     data-ad-format=\"auto\"\r\n     data-full-width-responsive=\"true\"><\/ins>\r\n<script>\r\n     (adsbygoogle = window.adsbygoogle || []).push({});\r\n<\/script><\/div><\/div><br style=\"clear: both; display: block; float: none;\"\/>\n\n\n\n<h3 class=\"wp-block-heading\">Najstariji sin vratio se bez novaca<\/h3>\n\n\n\n<p>Najstariji sin, ka\u017ee, ima 35 godina i nikako ne uspijeva stati na svoje noge. &#8220;Skoro \u010detiri godina je studirao u inozemstvu, \u0161to su mu omogu\u0107ili moji punica i punac. No prekinuo je studij, vratio se ku\u0107i i upisao drugi fakultet u Zagrebu, studirao jo\u0161 tri godine. Kad je napokon po\u010deo raditi, iznajmio je stan, ali se ve\u0107 nakon \u0161est mjeseci vratio ku\u0107i. Samo je rekao da je bankrotirao. To stanje je potrajalo jo\u0161 tri godine, a zatim je iznajmio sobu u stanu s dvojicom cimera, \u0161to mu je bilo financijski prihvatljivije. Jo\u0161 uvijek nije u svom stanu. No to vi\u0161e nije na\u0161a briga&#8221;, zaklju\u010duje otac.<\/p>\n\n\n\n<h3 class=\"wp-block-heading\">Drugog sina morali izbaciti iz stana<\/h3>\n\n\n\n<p>Drugi sin, pri\u010da, danas je u dobi od 28 godina. &#8220;Odlu\u010dio je da ne\u0107e studirati i zaposlio se u lancu brze prehrane. Pla\u0107a mu je bila mala pa smo mu dopustili da ostane s nama dok si malo ne u\u0161tedi. Onda si je i on iznajmio stan s cimerom, ali se ubrzo vratio rekav\u0161i da ne mo\u017ee izdr\u017eati s njim jer je neuredan i naporan. No, kod ku\u0107e je radio probleme.&#8221;<\/p>\n\n\n\n<p>&#8220;Postavili smo mu neke granice kojih se nije dr\u017eao i njegov nemar i no\u0107ni izlasci izlu\u0111ivali su nas. Na kraju sam mu jedne no\u0107i, kad se usred tjedna vratio mamuran, rekao da sutradan mora pokupiti stvari i prona\u0107i stan jer tu vi\u0161e ne\u0107e prespavati ni jednu no\u0107. Oti\u0161ao kod bake i tamo ostao nekoliko mjeseci, no danas sre\u0107om \u017eivi s djevojkom&#8221;, komentira otac.<\/p>\n\n\n\n<h3 class=\"wp-block-heading\">Starija se k\u0107i vratila ucviljena<\/h3>\n\n\n\n<p>Starija k\u0107i, ka\u017ee, sada ima 27 godina i trenuta\u010dno \u017eivi s njima. &#8220;Odmah nakon studija se odselila kod de\u010dka, ali su nakon \u010detiri godine veze prekinuli su i ona se vratila ku\u0107i. Bila je depresivna i pomogli smo joj. Sada pak ima novog de\u010dka koji je vi\u0161e kod nas nego kod svoje ku\u0107e pa kad do\u0111e i de\u010dko mla\u0111e k\u0107eri studentice, opet nas je \u0161estero. Sve se to pretvorilo u pravu obiteljsku sapunicu&#8221;, ka\u017ee u polu\u0161ali.<\/p>\n\n\n\n<p>Za najmla\u0111u k\u0107i da je izvrsna na fakultetu te da radi studentske poslove, ali i da najvi\u0161e poma\u017ee oko ku\u0107anskih poslova. &#8220;Nekako vjerujem da \u0107e se ona najranije osamostaliti, ali ope\u010den s ostalih troje djece, ne usudim se ni\u0161ta prognozirati&#8221;, rekao je.<\/p>\n\n\n\n<h3 class=\"wp-block-heading\">Neprestana popu\u0161tanja djeci<\/h3>\n\n\n\n<p>&#8220;Suprug i ja znali smo se ozbiljno posva\u0111ati zbog situacija u koje su nas djeca dovodila kad su odlazila i vra\u0107ala se ku\u0107i. Iako smo se oboje slagali da bi, kad se zaposle, trebali odletjeti iz gnijezda, \u010desto smo pronalazili opravdanja i popu\u0161tali. Razgovarali bismo o tome da im treba pomo\u0107i jer su nesretni ili u financijskoj krizi, i primali ih natrag\u201d, ka\u017ee Natalija.<\/p>\n\n\n\n<p>&#8220;Na kraju smo shvatili da ih se ne mo\u017ee svega po\u0161tedjeti i da ih treba pustiti da nau\u010de boriti se za sebe, ali i dalje se kao majka \u010desto pitam ho\u0107emo li ikada osjetiti sindrom praznog gnijezda, ne zato \u0161to nas to veseli, ve\u0107 zato \u0161to \u017eelimo da budu sretni i ispunjeni na svom putu&#8221;, rije\u010di su ove bri\u017ene majke.<\/p>\n\n\n\n<div id=\"crveno\"><\/p>\n\n\n\n<h3 class=\"wp-block-heading\">Zanima nas va\u0161a pri\u010da<\/h3>\n\n\n\n<p>\u017delite li i vi, posve anonimno, podijeliti svoje iskustvo i vi\u0111enje ove teme s nama i na\u0161im \u010ditateljima, mo\u017eete to u\u010diniti putem web obrasca <a rel=\"noreferrer noopener\" href=\"https:\/\/www.mojevrijeme.hr\/magazin\/povjerljivo\/\" target=\"_blank\">Povjerljivo<\/a>. Napi\u0161ite svoju pri\u010du!<\/p>\n\n\n\n<p><\/div>\n<div id=\"mojev-43805917\" class=\"mojev-kraj-teksta mojev-entity-placement\" style=\"margin-bottom: 20px;margin-left: auto;margin-right: auto;text-align: center;\"><div class=\"mojev-adlabel\">oglas<\/div><div style=\"height: 250px;\"><script async src=\"https:\/\/pagead2.googlesyndication.com\/pagead\/js\/adsbygoogle.js?client=ca-pub-8106111766207173\"\r\n     crossorigin=\"anonymous\"><\/script>\r\n<!-- Display-1 -->\r\n<ins class=\"adsbygoogle\"\r\n     style=\"display:block\"\r\n     data-ad-client=\"ca-pub-8106111766207173\"\r\n     data-ad-slot=\"1465712950\"\r\n     data-ad-format=\"auto\"\r\n     data-full-width-responsive=\"true\"><\/ins>\r\n<script>\r\n     (adsbygoogle = window.adsbygoogle || []).push({});\r\n<\/script><\/div><\/div>","protected":false},"excerpt":{"rendered":"<p>Hrvati od roditelja u prosjeku odlaze tek s 32. godine, gotovo najkasnije u Europi. Gospodin Damir nam je ispri\u010dao kako su njegova djeca \u010desto napu\u0161tala roditeljski dom, ali su se iz raznih razloga redovito vra\u0107ala natrag.<\/p>\n","protected":false},"author":17,"featured_media":142842,"comment_status":"closed","ping_status":"closed","sticky":false,"template":"","format":"standard","meta":{"footnotes":""},"categories":[3552],"tags":[3532,4274],"class_list":["post-142815","post","type-post","status-publish","format-standard","has-post-thumbnail","hentry","category-povjerljivo","tag-roditelji-i-djeca","tag-visegeneracijsko-stanovanje"],"_links":{"self":[{"href":"https:\/\/www.mojevrijeme.hr\/magazin\/wp-json\/wp\/v2\/posts\/142815","targetHints":{"allow":["GET"]}}],"collection":[{"href":"https:\/\/www.mojevrijeme.hr\/magazin\/wp-json\/wp\/v2\/posts"}],"about":[{"href":"https:\/\/www.mojevrijeme.hr\/magazin\/wp-json\/wp\/v2\/types\/post"}],"author":[{"embeddable":true,"href":"https:\/\/www.mojevrijeme.hr\/magazin\/wp-json\/wp\/v2\/users\/17"}],"replies":[{"embeddable":true,"href":"https:\/\/www.mojevrijeme.hr\/magazin\/wp-json\/wp\/v2\/comments?post=142815"}],"version-history":[{"count":13,"href":"https:\/\/www.mojevrijeme.hr\/magazin\/wp-json\/wp\/v2\/posts\/142815\/revisions"}],"predecessor-version":[{"id":142845,"href":"https:\/\/www.mojevrijeme.hr\/magazin\/wp-json\/wp\/v2\/posts\/142815\/revisions\/142845"}],"wp:featuredmedia":[{"embeddable":true,"href":"https:\/\/www.mojevrijeme.hr\/magazin\/wp-json\/wp\/v2\/media\/142842"}],"wp:attachment":[{"href":"https:\/\/www.mojevrijeme.hr\/magazin\/wp-json\/wp\/v2\/media?parent=142815"}],"wp:term":[{"taxonomy":"category","embeddable":true,"href":"https:\/\/www.mojevrijeme.hr\/magazin\/wp-json\/wp\/v2\/categories?post=142815"},{"taxonomy":"post_tag","embeddable":true,"href":"https:\/\/www.mojevrijeme.hr\/magazin\/wp-json\/wp\/v2\/tags?post=142815"}],"curies":[{"name":"wp","href":"https:\/\/api.w.org\/{rel}","templated":true}]}}