{"id":142860,"date":"2025-10-15T12:57:57","date_gmt":"2025-10-15T10:57:57","guid":{"rendered":"https:\/\/www.mojevrijeme.hr\/magazin\/?p=142860"},"modified":"2025-10-15T12:57:58","modified_gmt":"2025-10-15T10:57:58","slug":"plenkovic-13-mirovina-bi-bila-super-ali-nemamo-tih-novaca","status":"publish","type":"post","link":"https:\/\/www.mojevrijeme.hr\/magazin\/2025\/10\/plenkovic-13-mirovina-bi-bila-super-ali-nemamo-tih-novaca\/","title":{"rendered":"Plenkovi\u0107: 13. mirovina bi bila super, ali nemamo tih novaca"},"content":{"rendered":"\n<p>Premijer <strong>Andrej Plenkovi\u0107 <\/strong>(HDZ) u Saboru podnosi godi\u0161nje Izvje\u0161\u0107e Vlade Republike Hrvatske te govori o stanju nacije. Izme\u0111u ostalog, osvrnuo se i na standard i polo\u017eaj umirovljenika te na novo pravo koje umirovljenici ove godine prvi put ostvaruju, a koje se slu\u017ebeno naziva stalnim godi\u0161njim dodatkom.<\/p>\n\n\n\n<p>&#8220;Njima je najte\u017ee, sa svojom mirovinom \u017eive te\u0161ko, radili smo na tome da se njima primanja pove\u0107aju. Promijenjena je formula uskla\u0111ivanja na 85:15. Zadnje je uskla\u0111enje bilo 6,48 posto, isplatili smo 11 jednokratnih potpora&#8221;, kazao je premijer. <\/p>\n\n\n\n<p>&#8220;Dakle, ne postoji 13. mirovina, to je kolokvijalno pu\u0161teno da ljudi misle da \u0107e dobiti jo\u0161 jednu punu mirovinu. To nije realno, nemamo mi tih novaca u prora\u010dunu. Bilo bi super da imamo, ali nemamo. Ovo da godina sta\u017ea vrijedi 6 eura ko\u0161tat \u0107e dr\u017eavu 210 milijuna eura rebalansom prora\u010duna&#8221;, naveo je Plenkovi\u0107 o godi\u0161njem dodatku uz obe\u0107anje da \u0107e prosje\u010dna mirovina s njim do\u0107i iznad 700 eura, ali i da je cilj njegove Vlade prebaciti i 800 eura do kraja mandata.<\/p><div id=\"mojev-842619465\" class=\"mojev-u-tekstu mojev-entity-placement\" style=\"margin-left: auto;margin-right: auto;text-align: center;\"><div class=\"mojev-adlabel\">oglas<\/div><div style=\"height: 250px;\"><script async src=\"https:\/\/pagead2.googlesyndication.com\/pagead\/js\/adsbygoogle.js?client=ca-pub-8106111766207173\"\r\n     crossorigin=\"anonymous\"><\/script>\r\n<!-- Prikazni 1 u tekstu -->\r\n<ins class=\"adsbygoogle\"\r\n     style=\"display:block\"\r\n     data-ad-client=\"ca-pub-8106111766207173\"\r\n     data-ad-slot=\"8535551207\"\r\n     data-ad-format=\"auto\"\r\n     data-full-width-responsive=\"true\"><\/ins>\r\n<script>\r\n     (adsbygoogle = window.adsbygoogle || []).push({});\r\n<\/script><\/div><\/div><br style=\"clear: both; display: block; float: none;\"\/>\n\n\n\n<p>Tako\u0111er je najavio da \u0107e Vlada do kraja mandata donijeti Zakon o starijim osobama kako bi se cjelovito uredila prava i usluge tre\u0107e dobi. &#8220;Donijet \u0107emo ga u dijalogu sa strankama umirovljenika, Maticom i Sindikatom&#8221;, rekao je.<\/p>\n\n\n\n<p>O inkluzivnom dodatku na \u010dije se rje\u0161enje \u010deka sad ve\u0107 mjerljivo u godinama, Plenkovi\u0107 ka\u017ee: &#8220;Pokrenuto je gotovo 350 tisu\u0107a postupaka, a rije\u0161eno vi\u0161e od 240 tisu\u0107a. Vi\u0161e od 185 tisu\u0107a gra\u0111ana ve\u0107 prima inkluzivni dodatak.&#8221; Nitko ne\u0107e biti u gorem polo\u017eaju nego prije, a iznosi su ve\u0107i nego ranije, prije objedinjavanja prava, zaklju\u010dio je. <\/p>\n<div id=\"mojev-55679764\" class=\"mojev-kraj-teksta mojev-entity-placement\" style=\"margin-bottom: 20px;margin-left: auto;margin-right: auto;text-align: center;\"><div class=\"mojev-adlabel\">oglas<\/div><div style=\"height: 250px;\"><script async src=\"https:\/\/pagead2.googlesyndication.com\/pagead\/js\/adsbygoogle.js?client=ca-pub-8106111766207173\"\r\n     crossorigin=\"anonymous\"><\/script>\r\n<!-- Display-1 -->\r\n<ins class=\"adsbygoogle\"\r\n     style=\"display:block\"\r\n     data-ad-client=\"ca-pub-8106111766207173\"\r\n     data-ad-slot=\"1465712950\"\r\n     data-ad-format=\"auto\"\r\n     data-full-width-responsive=\"true\"><\/ins>\r\n<script>\r\n     (adsbygoogle = window.adsbygoogle || []).push({});\r\n<\/script><\/div><\/div>","protected":false},"excerpt":{"rendered":"<p>Premijer Andrej Plenkovi\u0107 u Saboru podnosi godi\u0161nje izvje\u0161\u0107e Vlade i govori o stanju nacije. Isti\u010de da su umirovljenici i dalje me\u0111u najugro\u017eenijima te da Vlada nastoji pobolj\u0161ati njihov polo\u017eaj.<\/p>\n","protected":false},"author":1,"featured_media":127966,"comment_status":"closed","ping_status":"closed","sticky":false,"template":"","format":"standard","meta":{"footnotes":""},"categories":[9],"tags":[3398,888,4299,18],"class_list":["post-142860","post","type-post","status-publish","format-standard","has-post-thumbnail","hentry","category-vijesti","tag-13-mirovina","tag-andrej-plenkovic","tag-inkluzivni-dodatak","tag-mirovine"],"_links":{"self":[{"href":"https:\/\/www.mojevrijeme.hr\/magazin\/wp-json\/wp\/v2\/posts\/142860","targetHints":{"allow":["GET"]}}],"collection":[{"href":"https:\/\/www.mojevrijeme.hr\/magazin\/wp-json\/wp\/v2\/posts"}],"about":[{"href":"https:\/\/www.mojevrijeme.hr\/magazin\/wp-json\/wp\/v2\/types\/post"}],"author":[{"embeddable":true,"href":"https:\/\/www.mojevrijeme.hr\/magazin\/wp-json\/wp\/v2\/users\/1"}],"replies":[{"embeddable":true,"href":"https:\/\/www.mojevrijeme.hr\/magazin\/wp-json\/wp\/v2\/comments?post=142860"}],"version-history":[{"count":6,"href":"https:\/\/www.mojevrijeme.hr\/magazin\/wp-json\/wp\/v2\/posts\/142860\/revisions"}],"predecessor-version":[{"id":142868,"href":"https:\/\/www.mojevrijeme.hr\/magazin\/wp-json\/wp\/v2\/posts\/142860\/revisions\/142868"}],"wp:featuredmedia":[{"embeddable":true,"href":"https:\/\/www.mojevrijeme.hr\/magazin\/wp-json\/wp\/v2\/media\/127966"}],"wp:attachment":[{"href":"https:\/\/www.mojevrijeme.hr\/magazin\/wp-json\/wp\/v2\/media?parent=142860"}],"wp:term":[{"taxonomy":"category","embeddable":true,"href":"https:\/\/www.mojevrijeme.hr\/magazin\/wp-json\/wp\/v2\/categories?post=142860"},{"taxonomy":"post_tag","embeddable":true,"href":"https:\/\/www.mojevrijeme.hr\/magazin\/wp-json\/wp\/v2\/tags?post=142860"}],"curies":[{"name":"wp","href":"https:\/\/api.w.org\/{rel}","templated":true}]}}