{"id":142908,"date":"2025-10-16T01:02:12","date_gmt":"2025-10-15T23:02:12","guid":{"rendered":"https:\/\/www.mojevrijeme.hr\/magazin\/?p=142908"},"modified":"2025-10-16T01:03:06","modified_gmt":"2025-10-15T23:03:06","slug":"lukovice-cuvajte-dalje-od-voca-u-protivnom-nece-procvjetati","status":"publish","type":"post","link":"https:\/\/www.mojevrijeme.hr\/magazin\/2025\/10\/lukovice-cuvajte-dalje-od-voca-u-protivnom-nece-procvjetati\/","title":{"rendered":"Lukovice dr\u017eite \u0161to dalje od vo\u0107a, ako \u017eelite dobru cvatnju"},"content":{"rendered":"\n<p>Ovih dana brojni \u0107e vrtlari porezati li\u0161\u0107e amarilisima kako bi jedre i zdrave lukovice pripremili za zimu. Pohranit \u0107e ih u prohladne i tamne prostorije u kojima \u0107e \u010dekati bu\u0111enje i sadnju za ranoproljetnu cvatnju. Neki od njih imaju posebne hladnjake u koje \u0107e pohraniti lukovice na idealnu temperaturu.<\/p>\n\n\n\n<p>No iako se radi o poprili\u010dno nezahtjevnoj vrsti, na neke stvari valja pripaziti. \u010cak i ako se radi o hladnjaku ili prostoriji s idealnim uvjetima vlage zraka, temperature i prozra\u010divanja, u istom prostoru s lukovicama ne bi smjelo biti vo\u0107e. Zapravo, ni lukovice brojnih drugih vrsta poput tulipana, ljiljana, ukrasnih lukova ili zumbula, ne bismo smjeli dr\u017eati blizu zrelog vo\u0107a ili povr\u0107a.<\/p>\n\n\n\n<p>Naime, brojni plodovi poput jabuka, raj\u010dica, banana, kru\u0161aka, dunja, mu\u0161mula i drugih, otpu\u0161taju hormon zrenja \u2013 plin etilen. On pak poti\u010de druge nezrele plodove da po\u017eure sa zriobom. Lijep je to i koristan proces kojega koriste mnogi poljoprivrednici za tempiranu zriobu svojih kultura, no vrlo je \u0161tetan za lukovi\u010daste biljke pa lukovi\u010daste cvjetnice valja dr\u017eati \u0161to dalje od svakog izvora etilena.<\/p><div id=\"mojev-3764487675\" class=\"mojev-u-tekstu mojev-entity-placement\" style=\"margin-left: auto;margin-right: auto;text-align: center;\"><div class=\"mojev-adlabel\">oglas<\/div><div style=\"height: 250px;\"><script async src=\"https:\/\/pagead2.googlesyndication.com\/pagead\/js\/adsbygoogle.js?client=ca-pub-8106111766207173\"\r\n     crossorigin=\"anonymous\"><\/script>\r\n<!-- Prikazni 1 u tekstu -->\r\n<ins class=\"adsbygoogle\"\r\n     style=\"display:block\"\r\n     data-ad-client=\"ca-pub-8106111766207173\"\r\n     data-ad-slot=\"8535551207\"\r\n     data-ad-format=\"auto\"\r\n     data-full-width-responsive=\"true\"><\/ins>\r\n<script>\r\n     (adsbygoogle = window.adsbygoogle || []).push({});\r\n<\/script><\/div><\/div><br style=\"clear: both; display: block; float: none;\"\/>\n\n\n\n<p>Jo\u0161 su sedamdesetih godina pro\u0161log stolje\u0107a nizozemski znanstvenici <em>(Kamerbeek, De Munk) <\/em>istra\u017eili ovu pojavu, o \u010demu su izvijestili 1976. godine u publikaciji <em>Scientia Horticulturae<\/em>. Etilen mo\u017ee izazvati razne promjene u morfologiji i fiziologiji lukovica, utvrdili su.<\/p>\n\n\n\n<figure class=\"wp-block-image size-large\"><img loading=\"lazy\" decoding=\"async\" width=\"740\" height=\"494\" src=\"https:\/\/www.mojevrijeme.hr\/magazin\/wp-content\/uploads\/2020\/02\/amar-ruza-2-740x494.jpg\" alt=\"Kako posaditi amarilis?\" class=\"wp-image-69364\" srcset=\"https:\/\/www.mojevrijeme.hr\/magazin\/wp-content\/uploads\/2020\/02\/amar-ruza-2-740x494.jpg 740w, https:\/\/www.mojevrijeme.hr\/magazin\/wp-content\/uploads\/2020\/02\/amar-ruza-2-636x424.jpg 636w, https:\/\/www.mojevrijeme.hr\/magazin\/wp-content\/uploads\/2020\/02\/amar-ruza-2-768x512.jpg 768w, https:\/\/www.mojevrijeme.hr\/magazin\/wp-content\/uploads\/2020\/02\/amar-ruza-2-1536x1025.jpg 1536w, https:\/\/www.mojevrijeme.hr\/magazin\/wp-content\/uploads\/2020\/02\/amar-ruza-2-1080x720.jpg 1080w, https:\/\/www.mojevrijeme.hr\/magazin\/wp-content\/uploads\/2020\/02\/amar-ruza-2.jpg 2000w\" sizes=\"auto, (max-width: 740px) 100vw, 740px\" \/><figcaption class=\"wp-element-caption\">Amarilisi (foto: Sandro Bura)<\/figcaption><\/figure>\n\n\n\n<p>Primjerice, etilen inhibira rast nadzemnih dijelova biljke, ali i korijena, uzrokuje fiziolo\u0161ke poreme\u0107aje poput gumoze, odumiranje cvjetnih pupova \u010diji zametak se nalazi u lukovici, odumiranja pupova te pucanja pupoljaka kod tulipana. Tako\u0111er mo\u017ee potaknuti otpadanje pupoljaka na ljiljanima i odbacivanje listova kod zumbula. <\/p>\n\n\n\n<p>Osim toga, etilen mo\u017ee uzrokovati razli\u010dite morfolo\u0161ke promjene na tulipanima i drugim vrstama, koje ponekad podsje\u0107aju na one izazvane nepovoljnim temperaturama. Etilen mo\u017ee izazvati i te\u0161ke poreme\u0107aje cvatnje kod lukovi\u010dastih irisa.<\/p>\n\n\n\n<p>S obzirom na ovo, va\u017eno je da se lukovice amarilisa, kao i sve druge lukovice cvjetnica, dr\u017ee podalje od vo\u0107a i povr\u0107a koje otpu\u0161ta etilen. To \u0107e im osigurati zdrav rast i bogatu cvatnju, a vi se vi\u0161e ne\u0107ete pitati za\u0161to vam odjednom &#8220;cvije\u0107e ne ide za rukom&#8221;. Dobra vijest je da oplemenjiva\u010di bilja svakodnevno na tr\u017ei\u0161te izbacuju nove sorte i varijetete koji su otporni na etilen. Ipak, ako ne znate sortne karakteristike sorti koje uzgajate, budite oprezni. <em>(r)<\/em><\/p>\n\n\n<i>Na\u0161a rubrika <strong>Vrt<\/strong> ima svoju Facebook grupu. Pridru\u017eite se ljubiteljima vrtlarstva, pohvalite se uspjesima, pitajte stru\u010dnjake, razmijenite savjete i inspirirajte se. <a style=\"text-decoration: none; font-weight: bold;\" href=\"https:\/\/www.facebook.com\/groups\/635825835756841\" target=\"_blank\" rel=\"noopener noreferrer\">\nKliknite ovdje<\/a> i postanite dio na\u0161e zajednice.<\/i><div id=\"mojev-1719851164\" class=\"mojev-kraj-teksta mojev-entity-placement\" style=\"margin-bottom: 20px;margin-left: auto;margin-right: auto;text-align: center;\"><div class=\"mojev-adlabel\">oglas<\/div><div style=\"height: 250px;\"><script async src=\"https:\/\/pagead2.googlesyndication.com\/pagead\/js\/adsbygoogle.js?client=ca-pub-8106111766207173\"\r\n     crossorigin=\"anonymous\"><\/script>\r\n<!-- Display-1 -->\r\n<ins class=\"adsbygoogle\"\r\n     style=\"display:block\"\r\n     data-ad-client=\"ca-pub-8106111766207173\"\r\n     data-ad-slot=\"1465712950\"\r\n     data-ad-format=\"auto\"\r\n     data-full-width-responsive=\"true\"><\/ins>\r\n<script>\r\n     (adsbygoogle = window.adsbygoogle || []).push({});\r\n<\/script><\/div><\/div>","protected":false},"excerpt":{"rendered":"<p>Mnogi vrtlari nesvjesno rade pogre\u0161ku, zbog koje u prolje\u0107e sa zavi\u0161\u0107u gledaju u susjedove tulipane ili narcise. Iako se \u010dini bezazleno, blizina zrelog vo\u0107a mo\u017ee uni\u0161titi lukovice ukrasnih vrsta. <\/p>\n","protected":false},"author":1,"featured_media":88248,"comment_status":"closed","ping_status":"closed","sticky":false,"template":"","format":"standard","meta":{"footnotes":""},"categories":[3497],"tags":[3750,3623,2085,3771],"class_list":["post-142908","post","type-post","status-publish","format-standard","has-post-thumbnail","hentry","category-vrt","tag-amarilisi","tag-cvjetnjak","tag-lukovice","tag-tulipani"],"_links":{"self":[{"href":"https:\/\/www.mojevrijeme.hr\/magazin\/wp-json\/wp\/v2\/posts\/142908","targetHints":{"allow":["GET"]}}],"collection":[{"href":"https:\/\/www.mojevrijeme.hr\/magazin\/wp-json\/wp\/v2\/posts"}],"about":[{"href":"https:\/\/www.mojevrijeme.hr\/magazin\/wp-json\/wp\/v2\/types\/post"}],"author":[{"embeddable":true,"href":"https:\/\/www.mojevrijeme.hr\/magazin\/wp-json\/wp\/v2\/users\/1"}],"replies":[{"embeddable":true,"href":"https:\/\/www.mojevrijeme.hr\/magazin\/wp-json\/wp\/v2\/comments?post=142908"}],"version-history":[{"count":3,"href":"https:\/\/www.mojevrijeme.hr\/magazin\/wp-json\/wp\/v2\/posts\/142908\/revisions"}],"predecessor-version":[{"id":142911,"href":"https:\/\/www.mojevrijeme.hr\/magazin\/wp-json\/wp\/v2\/posts\/142908\/revisions\/142911"}],"wp:featuredmedia":[{"embeddable":true,"href":"https:\/\/www.mojevrijeme.hr\/magazin\/wp-json\/wp\/v2\/media\/88248"}],"wp:attachment":[{"href":"https:\/\/www.mojevrijeme.hr\/magazin\/wp-json\/wp\/v2\/media?parent=142908"}],"wp:term":[{"taxonomy":"category","embeddable":true,"href":"https:\/\/www.mojevrijeme.hr\/magazin\/wp-json\/wp\/v2\/categories?post=142908"},{"taxonomy":"post_tag","embeddable":true,"href":"https:\/\/www.mojevrijeme.hr\/magazin\/wp-json\/wp\/v2\/tags?post=142908"}],"curies":[{"name":"wp","href":"https:\/\/api.w.org\/{rel}","templated":true}]}}