{"id":142912,"date":"2025-10-16T06:42:44","date_gmt":"2025-10-16T04:42:44","guid":{"rendered":"https:\/\/www.mojevrijeme.hr\/magazin\/?p=142912"},"modified":"2025-10-16T06:42:45","modified_gmt":"2025-10-16T04:42:45","slug":"zaustavili-su-mirovinsku-reformu-sada-guraju-porez-za-bogatase","status":"publish","type":"post","link":"https:\/\/www.mojevrijeme.hr\/magazin\/2025\/10\/zaustavili-su-mirovinsku-reformu-sada-guraju-porez-za-bogatase\/","title":{"rendered":"Zaustavili su mirovinsku reformu, sada guraju porez za bogata\u0161e"},"content":{"rendered":"\n<p>Vo\u0111a francuskih socijalista <strong>Olivier<\/strong> Faure izjavio je za televiziju BFM da njegova stranka planira uvesti &#8220;Zucmanov porez na bogatstvo&#8221; kao dio mjera za pove\u0107anje prora\u010dunskih prihoda kroz oporezivanje najimu\u0107nijih gra\u0111ana Francuske.<\/p>\n\n\n\n<p>Porez, nazvan prema prijedlogu francuskog ekonomista Gabriela Zucmana, uklju\u010divao bi stopu od 2 posto na imovinu najbogatijih 0,01 posto stanovni\u0161tva.<\/p>\n\n\n\n<p>Faureove izjave dolaze dan nakon \u0161to je premijer Lecornu obe\u0107ao obustaviti provedbu nepopularne mirovinske reforme iz 2023. godine, \u0161to su socijalisti ocijenili kao va\u017enu pobjedu. Ta odluka donijela je privremeno olak\u0161anje premijeru, budu\u0107i da su socijalisti poru\u010dili kako zasad ne\u0107e glasati za njegovo razrje\u0161enje.<\/p><div id=\"mojev-3957734103\" class=\"mojev-u-tekstu mojev-entity-placement\" style=\"margin-left: auto;margin-right: auto;text-align: center;\"><div class=\"mojev-adlabel\">oglas<\/div><div style=\"height: 250px;\"><script async src=\"https:\/\/pagead2.googlesyndication.com\/pagead\/js\/adsbygoogle.js?client=ca-pub-8106111766207173\"\r\n     crossorigin=\"anonymous\"><\/script>\r\n<!-- Prikazni 1 u tekstu -->\r\n<ins class=\"adsbygoogle\"\r\n     style=\"display:block\"\r\n     data-ad-client=\"ca-pub-8106111766207173\"\r\n     data-ad-slot=\"8535551207\"\r\n     data-ad-format=\"auto\"\r\n     data-full-width-responsive=\"true\"><\/ins>\r\n<script>\r\n     (adsbygoogle = window.adsbygoogle || []).push({});\r\n<\/script><\/div><\/div><br style=\"clear: both; display: block; float: none;\"\/>\n\n\n\n<p>Zastupnik Boris Vallaud izjavio je kako je njihova skupina spremna riskirati kako bi se omogu\u0107ila rasprava o dr\u017eavnom prora\u010dunu. &#8220;Mi smo sposobni za kompromis&#8221;, rekao je, ali i upozorio: &#8220;Sposobni smo i sru\u0161iti vladu.&#8221;<\/p>\n\n\n\n<p>Podsjetimo, mirovinski zakon, koji je prethodna vlada progurala kroz parlament kori\u0161tenjem ustavne odredbe bez glasanja, izazvao je vi\u0161emjese\u010dne \u017eestoke prosvjede diljem Francuske.<\/p>\n<div id=\"mojev-3698579583\" class=\"mojev-kraj-teksta mojev-entity-placement\" style=\"margin-bottom: 20px;margin-left: auto;margin-right: auto;text-align: center;\"><div class=\"mojev-adlabel\">oglas<\/div><div style=\"height: 250px;\"><script async src=\"https:\/\/pagead2.googlesyndication.com\/pagead\/js\/adsbygoogle.js?client=ca-pub-8106111766207173\"\r\n     crossorigin=\"anonymous\"><\/script>\r\n<!-- Display-1 -->\r\n<ins class=\"adsbygoogle\"\r\n     style=\"display:block\"\r\n     data-ad-client=\"ca-pub-8106111766207173\"\r\n     data-ad-slot=\"1465712950\"\r\n     data-ad-format=\"auto\"\r\n     data-full-width-responsive=\"true\"><\/ins>\r\n<script>\r\n     (adsbygoogle = window.adsbygoogle || []).push({});\r\n<\/script><\/div><\/div>","protected":false},"excerpt":{"rendered":"<p>Francuska oporbena Socijalisti\u010dka stranka najavila je da \u0107e predlo\u017eiti takozvani Zucmanov porez kojim bi se oporezivali najbogatiji pojedinci u zemlji. To se dogodilo samo dan nakon \u0161to je premijer S\u00e9bastien Lecornu pristao obustaviti nepopularnu mirovinsku reformu kako bi izbjegao izglasavanje nepovjerenja u parlamentu.<\/p>\n","protected":false},"author":1,"featured_media":142913,"comment_status":"closed","ping_status":"closed","sticky":false,"template":"","format":"standard","meta":{"footnotes":""},"categories":[9],"tags":[207,734,573,4812],"class_list":["post-142912","post","type-post","status-publish","format-standard","has-post-thumbnail","hentry","category-vijesti","tag-bogatasi","tag-francuska","tag-porezi","tag-socijalisti"],"_links":{"self":[{"href":"https:\/\/www.mojevrijeme.hr\/magazin\/wp-json\/wp\/v2\/posts\/142912","targetHints":{"allow":["GET"]}}],"collection":[{"href":"https:\/\/www.mojevrijeme.hr\/magazin\/wp-json\/wp\/v2\/posts"}],"about":[{"href":"https:\/\/www.mojevrijeme.hr\/magazin\/wp-json\/wp\/v2\/types\/post"}],"author":[{"embeddable":true,"href":"https:\/\/www.mojevrijeme.hr\/magazin\/wp-json\/wp\/v2\/users\/1"}],"replies":[{"embeddable":true,"href":"https:\/\/www.mojevrijeme.hr\/magazin\/wp-json\/wp\/v2\/comments?post=142912"}],"version-history":[{"count":1,"href":"https:\/\/www.mojevrijeme.hr\/magazin\/wp-json\/wp\/v2\/posts\/142912\/revisions"}],"predecessor-version":[{"id":142914,"href":"https:\/\/www.mojevrijeme.hr\/magazin\/wp-json\/wp\/v2\/posts\/142912\/revisions\/142914"}],"wp:featuredmedia":[{"embeddable":true,"href":"https:\/\/www.mojevrijeme.hr\/magazin\/wp-json\/wp\/v2\/media\/142913"}],"wp:attachment":[{"href":"https:\/\/www.mojevrijeme.hr\/magazin\/wp-json\/wp\/v2\/media?parent=142912"}],"wp:term":[{"taxonomy":"category","embeddable":true,"href":"https:\/\/www.mojevrijeme.hr\/magazin\/wp-json\/wp\/v2\/categories?post=142912"},{"taxonomy":"post_tag","embeddable":true,"href":"https:\/\/www.mojevrijeme.hr\/magazin\/wp-json\/wp\/v2\/tags?post=142912"}],"curies":[{"name":"wp","href":"https:\/\/api.w.org\/{rel}","templated":true}]}}