{"id":142915,"date":"2025-10-16T06:56:13","date_gmt":"2025-10-16T04:56:13","guid":{"rendered":"https:\/\/www.mojevrijeme.hr\/magazin\/?p=142915"},"modified":"2025-10-16T06:56:14","modified_gmt":"2025-10-16T04:56:14","slug":"njemacka-nudi-nevidene-povlastice-onima-koji-rade-i-nakon-67-godine","status":"publish","type":"post","link":"https:\/\/www.mojevrijeme.hr\/magazin\/2025\/10\/njemacka-nudi-nevidene-povlastice-onima-koji-rade-i-nakon-67-godine\/","title":{"rendered":"Njema\u010dka nudi nevi\u0111ene povlastice onima koji rade i nakon 67. godine"},"content":{"rendered":"\n<p>Njema\u010dka vlada odobrila je nacrt zakona kojim se \u017eeli potaknuti rad nakon umirovljenja. Njime omogu\u0107uje umirovljenicima da zarade do 2.000 eura mjese\u010dno bez pla\u0107anja poreza. To je samo jedan u nizu poku\u0161aja kompenziranja nedostatka radne snage.<\/p>\n\n\n\n<p>Promjena bi trebala stupiti na snagu po\u010detkom 2026. godine, a prema nacrtu zakona koji je vidio Reuters, dr\u017eavni prora\u010dun \u0107e zbog izgubljenih poreznih prihoda biti kra\u0107i za oko 890 milijuna eura po godini. &#8220;Postavljamo dodatne poticaje za gospodarski rast u Njema\u010dkoj&#8221;, izjavio je ministar financija Lars Klingbeil. &#8220;Za to su gospodarstvu posebno potrebni stariji i iskusni radnici te kvalificirani stru\u010dnjaci.&#8221;<\/p>\n\n\n\n<p>Prema izvje\u0161\u0107u Ministarstva unutarnjih poslova o demografiji, do 2030. godine broj radno sposobnih osoba u Njema\u010dkoj \u0107e pasti za 6,3 milijuna u odnosu na 2010. godinu. To \u0107e smanjiti BDP po stanovniku jer \u0107e na svakog umirovljenika dolaziti sve manje radnika.<\/p><div id=\"mojev-4033221313\" class=\"mojev-u-tekstu mojev-entity-placement\" style=\"margin-left: auto;margin-right: auto;text-align: center;\"><div class=\"mojev-adlabel\">oglas<\/div><div style=\"height: 250px;\"><script async src=\"https:\/\/pagead2.googlesyndication.com\/pagead\/js\/adsbygoogle.js?client=ca-pub-8106111766207173\"\r\n     crossorigin=\"anonymous\"><\/script>\r\n<!-- Prikazni 1 u tekstu -->\r\n<ins class=\"adsbygoogle\"\r\n     style=\"display:block\"\r\n     data-ad-client=\"ca-pub-8106111766207173\"\r\n     data-ad-slot=\"8535551207\"\r\n     data-ad-format=\"auto\"\r\n     data-full-width-responsive=\"true\"><\/ins>\r\n<script>\r\n     (adsbygoogle = window.adsbygoogle || []).push({});\r\n<\/script><\/div><\/div><br style=\"clear: both; display: block; float: none;\"\/>\n\n\n\n<p>&#8220;Na\u0161e tvrtke ve\u0107 sada o\u010dajni\u010dki tra\u017ee kvalificirane radnike, a demografski trendovi dodatno \u0107e pogor\u0161ati taj manjak&#8221;, izjavila je ministrica gospodarstva Katherina Reiche, dodav\u0161i kako se broj osoba radne dobi smanjuje za oko 400.000 godi\u0161nje.<\/p>\n\n\n\n<p>Na novi poticaj imat \u0107e pravo zaposlenici koji su navr\u0161ili 67 godina i koji su jo\u0161 uvijek obveznici uplata u sustav socijalnog osiguranja. Budu\u0107i da ta obveza ostaje na snazi, i mirovinski sustav \u0107e imati koristi od dodatnih uplata, poru\u010dilo je Ministarstvo financija.<\/p>\n<div id=\"mojev-3387470783\" class=\"mojev-kraj-teksta mojev-entity-placement\" style=\"margin-bottom: 20px;margin-left: auto;margin-right: auto;text-align: center;\"><div class=\"mojev-adlabel\">oglas<\/div><div style=\"height: 250px;\"><script async src=\"https:\/\/pagead2.googlesyndication.com\/pagead\/js\/adsbygoogle.js?client=ca-pub-8106111766207173\"\r\n     crossorigin=\"anonymous\"><\/script>\r\n<!-- Display-1 -->\r\n<ins class=\"adsbygoogle\"\r\n     style=\"display:block\"\r\n     data-ad-client=\"ca-pub-8106111766207173\"\r\n     data-ad-slot=\"1465712950\"\r\n     data-ad-format=\"auto\"\r\n     data-full-width-responsive=\"true\"><\/ins>\r\n<script>\r\n     (adsbygoogle = window.adsbygoogle || []).push({});\r\n<\/script><\/div><\/div>","protected":false},"excerpt":{"rendered":"<p>Njema\u010dke mjere za poticanje kasnijeg odlaska u mirovinu dolaze u trenutku kada mnoge europske vlade provode mirovinske reforme kako bi se suo\u010dile s nedostatkom radne snage i rasteretile svoje mirovinske sustave.<\/p>\n","protected":false},"author":1,"featured_media":125289,"comment_status":"closed","ping_status":"closed","sticky":false,"template":"","format":"standard","meta":{"footnotes":""},"categories":[9],"tags":[127,573,1342],"class_list":["post-142915","post","type-post","status-publish","format-standard","has-post-thumbnail","hentry","category-vijesti","tag-njemacka","tag-porezi","tag-rad-uz-mirovinu"],"_links":{"self":[{"href":"https:\/\/www.mojevrijeme.hr\/magazin\/wp-json\/wp\/v2\/posts\/142915","targetHints":{"allow":["GET"]}}],"collection":[{"href":"https:\/\/www.mojevrijeme.hr\/magazin\/wp-json\/wp\/v2\/posts"}],"about":[{"href":"https:\/\/www.mojevrijeme.hr\/magazin\/wp-json\/wp\/v2\/types\/post"}],"author":[{"embeddable":true,"href":"https:\/\/www.mojevrijeme.hr\/magazin\/wp-json\/wp\/v2\/users\/1"}],"replies":[{"embeddable":true,"href":"https:\/\/www.mojevrijeme.hr\/magazin\/wp-json\/wp\/v2\/comments?post=142915"}],"version-history":[{"count":2,"href":"https:\/\/www.mojevrijeme.hr\/magazin\/wp-json\/wp\/v2\/posts\/142915\/revisions"}],"predecessor-version":[{"id":142917,"href":"https:\/\/www.mojevrijeme.hr\/magazin\/wp-json\/wp\/v2\/posts\/142915\/revisions\/142917"}],"wp:featuredmedia":[{"embeddable":true,"href":"https:\/\/www.mojevrijeme.hr\/magazin\/wp-json\/wp\/v2\/media\/125289"}],"wp:attachment":[{"href":"https:\/\/www.mojevrijeme.hr\/magazin\/wp-json\/wp\/v2\/media?parent=142915"}],"wp:term":[{"taxonomy":"category","embeddable":true,"href":"https:\/\/www.mojevrijeme.hr\/magazin\/wp-json\/wp\/v2\/categories?post=142915"},{"taxonomy":"post_tag","embeddable":true,"href":"https:\/\/www.mojevrijeme.hr\/magazin\/wp-json\/wp\/v2\/tags?post=142915"}],"curies":[{"name":"wp","href":"https:\/\/api.w.org\/{rel}","templated":true}]}}