{"id":142950,"date":"2025-10-18T10:12:34","date_gmt":"2025-10-18T08:12:34","guid":{"rendered":"https:\/\/www.mojevrijeme.hr\/magazin\/?p=142950"},"modified":"2025-10-19T13:01:22","modified_gmt":"2025-10-19T11:01:22","slug":"kad-roditelj-postane-dijete-tiha-drama-koja-se-dogada-u-mnogim-domovima","status":"publish","type":"post","link":"https:\/\/www.mojevrijeme.hr\/magazin\/2025\/10\/kad-roditelj-postane-dijete-tiha-drama-koja-se-dogada-u-mnogim-domovima\/","title":{"rendered":"Kad roditelj postane dijete: Tiha drama koja se doga\u0111a u mnogim domovima"},"content":{"rendered":"\n<p>Kad u ku\u0107u u\u0111e bolest, ni\u0161ta vi\u0161e nije isto. Netko tko je godinama bio oslonac, postaje onaj koji treba pomo\u0107. I gotovo neprimjetno, doga\u0111a se obiteljski preokret: roditelj postaje dijete, a dijete roditelj.<\/p>\n\n\n\n<p>O toj promjeni, o svim emocijama koje ju prate, pa i o ti\u0161ini koja je \u010desto okru\u017euje, razgovarali smo s <strong>Nikolinom Juki\u0107-Peladi\u0107<\/strong>, doktoricom znanosti koja ve\u0107 vi\u0161e od trideset godina \u017eivi i radi u Anconi, u gerijatrijskoj bolnici, gdje se svakodnevno susre\u0107e s obiteljima starijih i nemo\u0107nih pacijenata.<\/p>\n\n\n\n<p>Tako\u0111er, i sama je dugo njegovala svoje bli\u017enje pa se iz svega toga rodila ideja o pokretanju bloga namijenjenog upravo njegovateljima na kojem \u017eeli objediniti provjerene informacije i iskustva o neformalnoj skrbi.<\/p><div id=\"mojev-2750276876\" class=\"mojev-u-tekstu mojev-entity-placement\" style=\"margin-left: auto;margin-right: auto;text-align: center;\"><div class=\"mojev-adlabel\">oglas<\/div><div style=\"height: 250px;\"><script async src=\"https:\/\/pagead2.googlesyndication.com\/pagead\/js\/adsbygoogle.js?client=ca-pub-8106111766207173\"\r\n     crossorigin=\"anonymous\"><\/script>\r\n<!-- Prikazni 1 u tekstu -->\r\n<ins class=\"adsbygoogle\"\r\n     style=\"display:block\"\r\n     data-ad-client=\"ca-pub-8106111766207173\"\r\n     data-ad-slot=\"8535551207\"\r\n     data-ad-format=\"auto\"\r\n     data-full-width-responsive=\"true\"><\/ins>\r\n<script>\r\n     (adsbygoogle = window.adsbygoogle || []).push({});\r\n<\/script><\/div><\/div><br style=\"clear: both; display: block; float: none;\"\/>\n\n\n\n<p>&#8220;U Italiji ima mnogo informacija dostupnih gra\u0111anima, no ja sam htjela objediniti sve te informacije na jednom mjestu. Ne sve, naravno, jer je toga previ\u0161e, ali htjela sam stvoriti neko mjesto gdje bi ljudi mogli do\u0107i po savjete i vidjeti da nisu sami. Zato sam pokrenula blog <a href=\"https:\/\/njeganjegovatelja.com.hr\/\" target=\"_blank\" rel=\"noreferrer noopener\">Njega njegovatelja<\/a>&#8220;, ka\u017ee dr. Juki\u0107-Peladi\u0107.<\/p>\n\n\n\n<h3 class=\"wp-block-heading\">Silno potrebna pomo\u0107<\/h3>\n\n\n\n<p>Dok je i sama njegovala svoje bli\u017enje, bila u dobroj situaciji jer je imala pomo\u0107 koju mnogi nemaju. Pomagali su joj drugi \u010dlanovi obitelji i prijatelji. Uz to, radi u bolnici pa je lako dolazila do savjeta lije\u010dnika. <\/p>\n\n\n\n<p>&#8220;Moji roditelji su imali i zadovoljavaju\u0107e mirovine. Sami znate koliko sve to ko\u0161ta kad do\u0111e bolest u ku\u0107u. No kako se drugi ljudi snalaze i kako pre\u017eivljavaju, stvarno ne znam. Razgovarala sam s jednom lije\u010dnicom op\u0107e prakse koja mi je ispri\u010dala da nemo\u0107nima stave pelene pa \u010dekaju susjeda ili nekoga da do\u0111e drugi dan to promijeniti. Zna\u010di, ja se na svojem blogu \u017eelim baviti takvim prakti\u010dnim stvarima i nisam u to krenula kao u neki posao&#8221;, ka\u017ee.<\/p>\n\n\n\n<p>U situaciji kad netko oboli i treba njegu, zna\u010dajno se mijenjaju obiteljski odnosi i uloge. &#8220;Na taj novi odnos utje\u010de jako puno stvari. Recimo, kako je nekome brinuti o svome ocu ili majci ako su prije kroz \u017eivot imali lo\u0161 odnos? Ja sam sa svojima imala krasan odnos i moj je otac bio krasan bolesnik. No \u010desto se pitam kako je onima koji su imali lo\u0161 odnos, a u bolesti se sve jo\u0161 i dodatno mijenja. Tako\u0111er, mo\u017eda se ne sla\u017eete i s ostalim \u010dlanovima obitelji.&#8221;<\/p>\n\n\n\n<p>&#8220;Nadalje, treba po\u0161tovati dostojanstvo osobe kojoj poma\u017eete, a u drugu ruku trebate pomo\u0107i sami sebi. \u010cesto se doga\u0111a da stari ljudi ne sura\u0111uju \u0161to ote\u017eava dono\u0161enje odluka i komplicira odnose u obitelji. Ono \u0161to ti poma\u017ee, to su velika ljubav i po\u0161tovanje koje na\u0161e generacije, mislim, jo\u0161 uvijek imaju jer smo tako odgojeni. Ja nisam imala takav slu\u010daj u svojoj obitelji, ali znam od nekih svojih prijateljica \u010diji su baka i djed po deset godina tako le\u017eali nemo\u0107ni, a mame su se brinule nakon posla o njima&#8221;, ka\u017ee na\u0161a sugovornica.<\/p>\n\n\n\n<h3 class=\"wp-block-heading\">Samo\u017eive nove generacije<\/h3>\n\n\n\n<p>U budu\u0107nosti, taj \u0107e problem biti sve ve\u0107i jer je starijih osoba sve vi\u0161e, a onima koji \u0107e o njima brinuti &#8211; sve manje. No Juki\u0107-Peladi\u0107 upozorava na jo\u0161 ne\u0161to: &#8220;Dana\u0161nja djeca su, ne\u0107emo ba\u0161 re\u0107i egoisti, ali su individualci. Obitelji se raseljavaju i sve su manje, tako da ne znam kako \u0107e to funkcionirati u budu\u0107nosti. Usluga njege morat \u0107e se pla\u0107ati, a i sami znate koliko sve to ko\u0161ta. Stvarno ne mogu zamisliti kako \u0107e izgledati starost u budu\u0107nosti&#8221;, ka\u017ee.<\/p>\n\n\n\n<p>Razvijaju\u0107i ideje za blog, dosta je razmi\u0161ljala o samom fenomenu starenja i do\u0161la do nekih zanimljivih zaklju\u010daka: &#8220;\u010cesto razmi\u0161ljam o tome tko zapravo treba pomo\u0107? Iako ima i starije djece i mladih kojima treba pomo\u0107, dvije glavne skupine ljudi kojima je pomo\u0107 potrebna su mala djeca i stariji ljudi.&#8221;<\/p>\n\n\n\n<p>&#8220;Malu djecu kao da je Bog namjerno napravio lijepima i slatkima da se lak\u0161e \u017ertvujemo oko njih. A starost i bolest nisu lijepi, \u0161to god tko rekao. Kod starih ljudi se razvije taj neki egoizam da bi se i oni izborili za svoja prava i da ne budu odba\u010deni od dru\u0161tva. Posebno sam o tome razmi\u0161ljala kad je u pitanju bila moja teta koja se borila da sve bude po njenom. Mislim da na tu veliku promjenu karaktera najvi\u0161e utje\u010de strah; op\u0107enito strah, ali i strah od toga ho\u0107e li tvoja djeca po\u0161tovati tvoje \u017eelje&#8221;, ka\u017ee.<\/p>\n\n\n\n<p>A jedna od tih \u017eelja, za mnoge je da ostanu \u017eivjeti u svojem domu i da ne moraju i\u0107i u dom za starije i nemo\u0107ne. &#8220;I \u017eelja mojih roditelja je bila da ne idu u dom. Isto je bilo i s mojom tetom, no u jednom je trenutku do\u0161lo do toga da to jednostavno vi\u0161e nije bilo mogu\u0107e. Naime, ona je bila jako bolesna, a mi ne \u017eivimo u Splitu gdje je ona \u017eivjela i onda su tu nastali te\u0161ki problemi. Sve nas je mu\u010dila i te\u0161ka gri\u017enja savjesti jo\u0161 i godinama nakon \u0161to je ona umrla &#8211; iako ni\u0161ta lo\u0161e nismo u\u010dinili. Dapa\u010de&#8221;, iskreno govori Juki\u0107-Peladi\u0107.<\/p>\n\n\n\n<p>Otpor koji se zna javiti kod starijih i bolesnih osoba stvara paradoksalnu situaciju u kojoj trebaju pomo\u0107 &#8211; ali je odbijaju. &#8220;Sva ta borba i nesuradnja s kojom sam se susrela i u vlastitoj obitelji, mislim da \u010dak ponekad dovodi i do ranije smrti. Umjesto da prihvate pomo\u0107, ljudi se ponekad toliko bore protiv toga da na kraju ni ne do\u0111e do ozdravljenja do kojeg bi, eventualno, mo\u017eda i moglo do\u0107i&#8221;, obja\u0161njava i dodaje da su to sve njezina vlastita iskustva jer je njegovala tri razli\u010dita bolesnika i vrlo je svjesna \u0161to zna\u010di kad netko s tobom sura\u0111uje, a kad ne.<\/p>\n\n\n\n<h3 class=\"wp-block-heading\">Blog kao poruka da niste sami<\/h3>\n\n\n\n<p>\u0160to se samog bloga ti\u010de, on je zami\u0161ljen kao mjesto gdje \u0107e njegovatelji prona\u0107i sve potrebne informacije, ali i mjesto koje \u0107e im dati utjehu i pokazati im da ipak nisu sami. <\/p>\n\n\n\n<p>&#8220;Najvi\u0161e bih se \u017eeljela posvetiti aspektu njegovatelja &#8211; jer njemu nitko ne poma\u017ee, a to je jako va\u017eno. Ako ti nisi zdrav, fizi\u010dki i psihi\u010dki, ti ne mo\u017ee\u0161 nikome pomo\u0107i. Tako\u0111er, ako na\u0161e zdravstvo i socijalne institucije misle da su rije\u0161ili problem tako \u0161to su to prebacile na nekog drugog. A nisu!&#8221;<\/p>\n\n\n\n<p>&#8220;Njegovatelj koji nema pomo\u0107i ni od koga, navu\u0107i \u0107e na sebe sve mogu\u0107e i fizi\u010dke i psihi\u010dke bolesti i samom \u0107e mu uskoro biti potrebna njega. Meni je taj ekonomski dio \u010ditave pri\u010de najmanje interesantan i time se ne bavim, ali i taj \u0107e \u010dovjek onda postati tro\u0161ak za sustav i za dru\u0161tvo&#8221;, ka\u017ee te navodi primjere iz vlastite okoline u kojima su ljudi godinama nekoga njegovali \u0161to se jako odrazilo na njihovo zdravlje.<\/p>\n\n\n\n<p>&#8220;Imam prijateljice koje su se tako potpuno uni\u0161tile. Roditelj za roditeljem pa onda jo\u0161 i neki drugi \u010dlanovi obitelji. Neki dan sam vidjela jednu prijateljicu koja se od prekrasne djevojke pretvorila u \u017eenu koja ima problema s pretilo\u0161\u0107u, sa zubima, op\u0107enito sa zdravljem. Nema svog privatnog \u017eivota, prodala je sve \u0161to je mogla kako bi pokrila sve te tro\u0161kove, psihi\u010dki je lo\u0161e, utu\u010dena je i tako dalje. I je li to, onda, rje\u0161enje? Ho\u0107emo li na probleme njegovatelja gledati kao na njihov osobni problem ili \u0107emo se malo probuditi kao dru\u0161tvo?&#8221;, ka\u017ee.<\/p>\n\n\n\n<p>Dodaje kako se i u svom poslu stalno susre\u0107e s njegovateljima, a to znaju biti ljudi i po sedamdeset i vi\u0161e godina koji se pitaju:&#8221;&#8216;Pa dobro, kad \u0107emo mi napokon dobiti neku pomo\u0107?&#8221; jer ve\u0107 deset i vi\u0161e godina brinu o nekome drugome.<\/p>\n\n\n\n<h3 class=\"wp-block-heading\">Problem koji nas sve \u010deka<\/h3>\n\n\n\n<p>Problem njege i njegovatelja je problem koji svi ili ve\u0107 imaju ili \u0107e ga imati. &#8220;To nas sve \u010deka i to nikoga ne\u0107e zaobi\u0107i. Preseliti se iz jednog stana u drugi je problem i u mladosti. Te\u0161ko je obaviti selidbu, te\u0161ko se naviknuti na novu ulicu, na novi stan. A kako je to tek te\u0161ko bolesnoj i staroj osobi koja ne gradi svoju budu\u0107nost nego \u010deka svoj kraj? Mislim da se mi svi trebamo po\u010deti navikavati na ideju da je odlazak u dom na\u0161a sudbina, ali ne mogu re\u0107i da me odu\u0161evljava pomisao na to da \u0107u i ja zavr\u0161iti u nekom domu. Svatko \u017eeli ostati u svojoj ku\u0107i&#8221;, ka\u017ee Juki\u0107-Peladi\u0107.<\/p>\n\n\n\n<p>A ako su u pitanju neke bolesti poput Alzheimerove bolesti, takve bolesti potpuno iscrpe njegovatelje. &#8220;Takvi slu\u010dajevi naj\u010de\u0161\u0107e zavr\u0161avaju odlaskom u neku ustanovu. U nekim slu\u010dajevima, ti mo\u017ee\u0161, zahvaljuju\u0107i svojoj ljubavi i uz ne\u010diju pomo\u0107, brinuti o svojim roditeljima. No nekad je stvarno potreban stru\u010dna pomo\u0107&#8221;, zaklju\u010duje Nikolina Juki\u0107-Peladi\u0107.<\/p>\n\n\n\n<p class=\"has-text-align-center has-text-color\" style=\"color:#666666;font-size:0.8rem\">Ovaj prilog je objavljen u sklopu projekta poticanja novinarske izvrsnosti Agencije za elektroni\u010dke medije.<\/p>\n<div id=\"mojev-1645105843\" class=\"mojev-kraj-teksta mojev-entity-placement\" style=\"margin-bottom: 20px;margin-left: auto;margin-right: auto;text-align: center;\"><div class=\"mojev-adlabel\">oglas<\/div><div style=\"height: 250px;\"><script async src=\"https:\/\/pagead2.googlesyndication.com\/pagead\/js\/adsbygoogle.js?client=ca-pub-8106111766207173\"\r\n     crossorigin=\"anonymous\"><\/script>\r\n<!-- Display-1 -->\r\n<ins class=\"adsbygoogle\"\r\n     style=\"display:block\"\r\n     data-ad-client=\"ca-pub-8106111766207173\"\r\n     data-ad-slot=\"1465712950\"\r\n     data-ad-format=\"auto\"\r\n     data-full-width-responsive=\"true\"><\/ins>\r\n<script>\r\n     (adsbygoogle = window.adsbygoogle || []).push({});\r\n<\/script><\/div><\/div>","protected":false},"excerpt":{"rendered":"<p>Kad u dom u\u0111e bolest, ni\u0161ta vi\u0161e nije isto. Netko tko je godinama bio stup obitelji, postaje onaj koji tra\u017ei pomo\u0107. O toj tihoj, ali golemom promjeni u \u017eivotu govori Nikolina Juki\u0107-Peladi\u0107, koja je, temeljem vlastitog iskustva, pokrenula blok posve\u0107en njegovateljima.<\/p>\n","protected":false},"author":4,"featured_media":49517,"comment_status":"closed","ping_status":"closed","sticky":false,"template":"","format":"standard","meta":{"footnotes":""},"categories":[2],"tags":[3292],"class_list":["post-142950","post","type-post","status-publish","format-standard","has-post-thumbnail","hentry","category-mozaik","tag-neformalni-njegovatelji"],"_links":{"self":[{"href":"https:\/\/www.mojevrijeme.hr\/magazin\/wp-json\/wp\/v2\/posts\/142950","targetHints":{"allow":["GET"]}}],"collection":[{"href":"https:\/\/www.mojevrijeme.hr\/magazin\/wp-json\/wp\/v2\/posts"}],"about":[{"href":"https:\/\/www.mojevrijeme.hr\/magazin\/wp-json\/wp\/v2\/types\/post"}],"author":[{"embeddable":true,"href":"https:\/\/www.mojevrijeme.hr\/magazin\/wp-json\/wp\/v2\/users\/4"}],"replies":[{"embeddable":true,"href":"https:\/\/www.mojevrijeme.hr\/magazin\/wp-json\/wp\/v2\/comments?post=142950"}],"version-history":[{"count":19,"href":"https:\/\/www.mojevrijeme.hr\/magazin\/wp-json\/wp\/v2\/posts\/142950\/revisions"}],"predecessor-version":[{"id":143102,"href":"https:\/\/www.mojevrijeme.hr\/magazin\/wp-json\/wp\/v2\/posts\/142950\/revisions\/143102"}],"wp:featuredmedia":[{"embeddable":true,"href":"https:\/\/www.mojevrijeme.hr\/magazin\/wp-json\/wp\/v2\/media\/49517"}],"wp:attachment":[{"href":"https:\/\/www.mojevrijeme.hr\/magazin\/wp-json\/wp\/v2\/media?parent=142950"}],"wp:term":[{"taxonomy":"category","embeddable":true,"href":"https:\/\/www.mojevrijeme.hr\/magazin\/wp-json\/wp\/v2\/categories?post=142950"},{"taxonomy":"post_tag","embeddable":true,"href":"https:\/\/www.mojevrijeme.hr\/magazin\/wp-json\/wp\/v2\/tags?post=142950"}],"curies":[{"name":"wp","href":"https:\/\/api.w.org\/{rel}","templated":true}]}}