{"id":143005,"date":"2025-10-17T20:27:59","date_gmt":"2025-10-17T18:27:59","guid":{"rendered":"https:\/\/www.mojevrijeme.hr\/magazin\/?p=143005"},"modified":"2025-10-17T20:28:00","modified_gmt":"2025-10-17T18:28:00","slug":"draga-ksenija-bojim-se-da-sam-mu-prepreka-za-ocinstvo-iako-me-voli","status":"publish","type":"post","link":"https:\/\/www.mojevrijeme.hr\/magazin\/2025\/10\/draga-ksenija-bojim-se-da-sam-mu-prepreka-za-ocinstvo-iako-me-voli\/","title":{"rendered":"Draga Ksenija: Bojim se da sam mu prepreka za o\u010dinstvo, iako me voli"},"content":{"rendered":"\n<p><strong>Draga Ksenija<\/strong>, imam 53 godine i razvedena sam. Prije \u0161est mjeseci zapo\u010dela sam vezu s mu\u0161karcem koji je od mene mla\u0111i 13 godina. Za sada funkcioniramo i ve\u0107inu vremena provodimo zajedno. U na\u0161em odnosu ta razlika se ne primijeti.<\/p>\n\n\n\n<p>Mu\u010de me dvije stvari. Prva, on zaslu\u017euje ostvariti se kao otac, a sa mnom ne mo\u017ee. Jesam li sebi\u010dna? Drugi problem je moja okolina. Moja djeca tu vezu nikada ne bi prihvatila. Nekada pomislim da bih je trebala prekinuti prije nego \u0161to odemo predaleko. Trebam li? <em>Sretna, a zabrinuta<\/em><\/p>\n\n\n\n<h3 class=\"wp-block-heading\">Ksenijin odgovor: Naviknite se na sre\u0107u<\/h3>\n\n\n\n<p><strong>Draga Sretna, a zabrinuta<\/strong>, zapo\u010deli ste novu vezu u zrelim godinama i to s mla\u0111im mu\u0161karcem. To mo\u017ee izazvati mnogo sumnji; u sebe, u okolinu, u njega. Jasno je da ste oprezni i to je u redu. Ali i oprez nije dobar, ako ga je previ\u0161e.<\/p><div id=\"mojev-3846771629\" class=\"mojev-u-tekstu mojev-entity-placement\" style=\"margin-left: auto;margin-right: auto;text-align: center;\"><div class=\"mojev-adlabel\">oglas<\/div><div style=\"height: 250px;\"><script async src=\"https:\/\/pagead2.googlesyndication.com\/pagead\/js\/adsbygoogle.js?client=ca-pub-8106111766207173\"\r\n     crossorigin=\"anonymous\"><\/script>\r\n<!-- Prikazni 1 u tekstu -->\r\n<ins class=\"adsbygoogle\"\r\n     style=\"display:block\"\r\n     data-ad-client=\"ca-pub-8106111766207173\"\r\n     data-ad-slot=\"8535551207\"\r\n     data-ad-format=\"auto\"\r\n     data-full-width-responsive=\"true\"><\/ins>\r\n<script>\r\n     (adsbygoogle = window.adsbygoogle || []).push({});\r\n<\/script><\/div><\/div><br style=\"clear: both; display: block; float: none;\"\/>\n\n\n\n<p>Pitate se jeste li sebi\u010dni \u0161to ste s mu\u0161karcem koji bi se, prema va\u0161em mi\u0161ljenju, mogao ostvariti kao otac. Rije\u010d je o \u010detrdesetogodi\u0161njaku. Da mu je o\u010dinstvo bilo apsolutni prioritet, vjerojatno bi do sada poduzeo korake u tom smjeru. Ako ih nije poduzeo, to mo\u017ee zna\u010diti da mu je va\u0161a veza va\u017enija od same ideje o djeci. \u0160to ako on uop\u0107e ne \u017eeli djecu? Umjesto da sami pretpostavljate njegove \u017eelje, predla\u017eem da razgovarate s njim. Mo\u017eda \u0107e vas iznenaditi njegov stav.<\/p>\n\n\n\n<p>Okolina, a posebno djeca, mogu biti izvor stresa. Ba\u0161 sam nedavno pisala kako se od \u017eena u patrijarhalnim dru\u0161tvima o\u010dekuje da zatomljuju svoje potrebe za romanti\u010dnom i tjelesnom ljubavi, pogotovo nakon \u010detrdesete, pedesete godine. O\u010dekuju to od nas ba\u0161 oni koji bi nas trebali najvi\u0161e voljeti i kojima bi trebalo biti va\u017eno da smo sretne.<\/p>\n\n\n\n<p>Me\u0111utim, va\u017eno je zapitati se: \u017eivite li svoj \u017eivot prema vlastitim \u017eeljama ili prema o\u010dekivanjima drugih? Naravno, njihova mi\u0161ljenja su vam va\u017ena, ali sre\u0107a i ispunjenost tako\u0111er su bitne. Vremena se mijenjaju, i veze s razlikom u godinama nisu rijetkost. Djeci \u0107e isprava biti \u010dudno, mo\u017eda neugodno, ali pre\u017eivjet \u0107e. Vi ste sigurno pre\u017eivjeli i gore stvari u \u017eivotu od toga da vam je majka sretna i zaljubljena. <\/p>\n\n\n\n<p>Znam, i na sre\u0107u se treba naviknuti. Umjesto ruminiranja o razlozima za\u0161to biste trebali prekinuti, razmi\u0161ljajte kako \u0107ete o\u010duvati i unaprijediti odnos s va\u0161im mu\u0161karcem. Razgovarajte s njim otvorenom i dajte priliku i sebi i njemu. Zabavljajte se, \u017eivot je kratak. Nitko nije sre\u0107u u ljubavi ostvario planiraju\u0107i krah veze ve\u0107 na samom njenom po\u010detku. Sretno! <em>Ksenija<\/em> <em>(r)<\/em><\/p>\n\n\n\n<div id=\"crveno\"><\/p>\n\n\n\n<h3 class=\"wp-block-heading\">Pi\u0161ite Kseniji!<\/h3>\n\n\n\n<p>\u017delite li <strong>anonimno<\/strong> postaviti pitanje i posavjetovati se s na\u0161om kolumnisticom i \u017eivotnom savjetnicom Ksenijom Habunek ili samo ispri\u010dati svoju pri\u010du i vi\u0111enje ove teme, mo\u017eete to u\u010diniti putem internetskog obrasca klikom na <a href=\"https:\/\/www.mojevrijeme.hr\/magazin\/draga-ksenija\/\"><strong>ovu poveznicu<\/strong><\/a>.<\/p>\n\n\n\n<p>Ostala pitanja i Ksenijine odgovore potra\u017eite na <a href=\"https:\/\/www.mojevrijeme.hr\/magazin\/category\/povjerljivo\/draga-ksenija\/\"><strong>ovoj poveznici<\/strong><\/a>.<\/p>\n\n\n\n<p><\/div>\n<div id=\"mojev-3147375090\" class=\"mojev-kraj-teksta mojev-entity-placement\" style=\"margin-bottom: 20px;margin-left: auto;margin-right: auto;text-align: center;\"><div class=\"mojev-adlabel\">oglas<\/div><div style=\"height: 250px;\"><script async src=\"https:\/\/pagead2.googlesyndication.com\/pagead\/js\/adsbygoogle.js?client=ca-pub-8106111766207173\"\r\n     crossorigin=\"anonymous\"><\/script>\r\n<!-- Display-1 -->\r\n<ins class=\"adsbygoogle\"\r\n     style=\"display:block\"\r\n     data-ad-client=\"ca-pub-8106111766207173\"\r\n     data-ad-slot=\"1465712950\"\r\n     data-ad-format=\"auto\"\r\n     data-full-width-responsive=\"true\"><\/ins>\r\n<script>\r\n     (adsbygoogle = window.adsbygoogle || []).push({});\r\n<\/script><\/div><\/div>","protected":false},"excerpt":{"rendered":"<p>\u010citateljica je na\u0161la ljubav s 13 godina mla\u0111im mu\u0161karcem. Umjesto da u\u017eiva u vezi, mu\u010de je krivnja i strah da \u0107e je djeca osu\u0111ivati. Situaciju je analizirala \u017eivotna savjetnica Ksenija Habunek.<\/p>\n","protected":false},"author":11,"featured_media":102730,"comment_status":"closed","ping_status":"closed","sticky":false,"template":"","format":"standard","meta":{"footnotes":""},"categories":[4133],"tags":[3278,747],"class_list":["post-143005","post","type-post","status-publish","format-standard","has-post-thumbnail","hentry","category-draga-ksenija","tag-hofiranje","tag-razlika-u-godinama"],"_links":{"self":[{"href":"https:\/\/www.mojevrijeme.hr\/magazin\/wp-json\/wp\/v2\/posts\/143005","targetHints":{"allow":["GET"]}}],"collection":[{"href":"https:\/\/www.mojevrijeme.hr\/magazin\/wp-json\/wp\/v2\/posts"}],"about":[{"href":"https:\/\/www.mojevrijeme.hr\/magazin\/wp-json\/wp\/v2\/types\/post"}],"author":[{"embeddable":true,"href":"https:\/\/www.mojevrijeme.hr\/magazin\/wp-json\/wp\/v2\/users\/11"}],"replies":[{"embeddable":true,"href":"https:\/\/www.mojevrijeme.hr\/magazin\/wp-json\/wp\/v2\/comments?post=143005"}],"version-history":[{"count":1,"href":"https:\/\/www.mojevrijeme.hr\/magazin\/wp-json\/wp\/v2\/posts\/143005\/revisions"}],"predecessor-version":[{"id":143007,"href":"https:\/\/www.mojevrijeme.hr\/magazin\/wp-json\/wp\/v2\/posts\/143005\/revisions\/143007"}],"wp:featuredmedia":[{"embeddable":true,"href":"https:\/\/www.mojevrijeme.hr\/magazin\/wp-json\/wp\/v2\/media\/102730"}],"wp:attachment":[{"href":"https:\/\/www.mojevrijeme.hr\/magazin\/wp-json\/wp\/v2\/media?parent=143005"}],"wp:term":[{"taxonomy":"category","embeddable":true,"href":"https:\/\/www.mojevrijeme.hr\/magazin\/wp-json\/wp\/v2\/categories?post=143005"},{"taxonomy":"post_tag","embeddable":true,"href":"https:\/\/www.mojevrijeme.hr\/magazin\/wp-json\/wp\/v2\/tags?post=143005"}],"curies":[{"name":"wp","href":"https:\/\/api.w.org\/{rel}","templated":true}]}}