{"id":143009,"date":"2025-10-18T09:28:53","date_gmt":"2025-10-18T07:28:53","guid":{"rendered":"https:\/\/www.mojevrijeme.hr\/magazin\/?p=143009"},"modified":"2025-10-18T09:28:54","modified_gmt":"2025-10-18T07:28:54","slug":"bruxelles-zavrce-pipu-drzavama-koje-ne-reformiraju-mirovine","status":"publish","type":"post","link":"https:\/\/www.mojevrijeme.hr\/magazin\/2025\/10\/bruxelles-zavrce-pipu-drzavama-koje-ne-reformiraju-mirovine\/","title":{"rendered":"Bruxelles zavr\u0107e pipu dr\u017eavama koje ne reformiraju mirovine?"},"content":{"rendered":"\n<p>Europska komisija razmatra mogu\u0107nost da isplate iz sljede\u0107eg sedmogodi\u0161njeg prora\u010duna Europske unije, vrijednog \u010dak 2 bilijuna eura, uvjetuje provedbom mirovinskih reformi u dr\u017eavama \u010dlanicama. Cilj je, pi\u0161e <em>Politico<\/em>, za\u0161tititi prora\u010dune zemalja \u010dlanica od nadolaze\u0107e demografske krize koja prijeti uru\u0161avanjem javnih mirovinskih sustava.<\/p>\n\n\n\n<p>Prema informacijama koje su tri visoka du\u017enosnika EU-a otkrila za <em>Politico<\/em>, Bruxelles \u017eeli potaknuti zemlje \u010dlanice da oja\u010daju svoje javne mirovinske sustave i uvedu poticaje za privatnu \u0161tednju. Ako vlade zanemare te preporuke, poznate kao c<em>ountry-specific recommendations<\/em> (CSR), mogle bi ostati bez dijela sredstava iz zajedni\u010dkog prora\u010duna od 2028. godine.<\/p>\n\n\n\n<p>&#8220;Na\u0161 je posao pomo\u0107i dr\u017eavama da u\u010dine ono \u0161to je te\u0161ko&#8221;, rekao je jedan visoki du\u017enosnik Komisije, dodaju\u0107i da bi upravo CSR mehanizam mogao povezati reforme s ulaganjima. Bruxelles, naime, smatra da kombinacija visokog duga, starenja stanovni\u0161tva i pada nataliteta predstavlja eksplozivnu mje\u0161avinu koja bi mogla paralizirati sustave <em>pay-as-you-go<\/em>, u kojima radnici financiraju mirovine sada\u0161njih umirovljenika.<\/p><div id=\"mojev-1414679928\" class=\"mojev-u-tekstu mojev-entity-placement\" style=\"margin-left: auto;margin-right: auto;text-align: center;\"><div class=\"mojev-adlabel\">oglas<\/div><div style=\"height: 250px;\"><script async src=\"https:\/\/pagead2.googlesyndication.com\/pagead\/js\/adsbygoogle.js?client=ca-pub-8106111766207173\"\r\n     crossorigin=\"anonymous\"><\/script>\r\n<!-- Prikazni 1 u tekstu -->\r\n<ins class=\"adsbygoogle\"\r\n     style=\"display:block\"\r\n     data-ad-client=\"ca-pub-8106111766207173\"\r\n     data-ad-slot=\"8535551207\"\r\n     data-ad-format=\"auto\"\r\n     data-full-width-responsive=\"true\"><\/ins>\r\n<script>\r\n     (adsbygoogle = window.adsbygoogle || []).push({});\r\n<\/script><\/div><\/div><br style=\"clear: both; display: block; float: none;\"\/>\n\n\n\n<p>U 2023. godini vi\u0161e od 80 posto europskih umirovljenika oslanjalo se isklju\u010divo na dr\u017eavnu mirovinu, a gotovo 18,5 milijuna ljudi starijih od 65 godina bilo je u riziku od siroma\u0161tva. Zato Komisija predla\u017ee dvostruki pristup: rasteretiti dr\u017eavne prora\u010dune i istodobno potaknuti gra\u0111ane i poslodavce na dugoro\u010dnu \u0161tednju kroz korporativne i privatne mirovinske fondove po uzoru na ameri\u010dko tr\u017ei\u0161te kapitala.<\/p>\n\n\n\n<p>Ipak, prijedlog je izazvao zabrinutost me\u0111u ministrima financija. &#8220;Mirovinsku reformu ne mo\u017eete kupiti&#8221;, izjavio je jedan od njih za Politico, upozoriv\u0161i da bi vezivanje EU fondova uz politi\u010dki osjetljiva pitanja poput mirovina moglo izazvati ozbiljne dru\u0161tvene napetosti.<\/p>\n\n\n\n<p>Primjeri Francuske i Belgije to potvr\u0111uju: obje su zemlje do\u017eivjele masovne prosvjede zbog pove\u0107anja dobi za umirovljenje. Belgija planira podi\u0107i granicu sa 65 na 67 godina do 2030., dok je Francuska pro\u0161le godine gorjela zbog Macronove odluke da se granica pove\u0107a s 62 na 64 godine.<\/p>\n\n\n\n<p>U Komisiji zasad nagla\u0161avaju da ne \u017eele odre\u0111ivati dob za umirovljenje ni visinu mirovina. Umjesto toga, fokus je na poticanju \u0161tednje i izgradnji dodatnih mirovinskih stupova. Me\u0111utim, ako se ideja realizira, dr\u017eave poput Hrvatske, koje ve\u0107 godinama odga\u0111aju strukturne promjene u sustavu, mogle bi se uskoro suo\u010diti s pritiskom iz Bruxellesa.<\/p>\n\n\n\n<p>Za Hrvatsku bi to moglo zna\u010diti poja\u010dani nadzor nad fiskalnim odr\u017eivo\u0161\u0107u mirovina, poticanje ve\u0107e kapitalizirane \u0161tednje i mogu\u0107e reforme u smjeru ve\u0107eg uklju\u010divanja poslodavaca i radnika u dobrovoljne oblike osiguranja. U kona\u010dnici, Bruxelles ne tra\u017ei promjenu mirovinske dobi, ali jasno poru\u010duje \u2013 bez dugoro\u010dnih rje\u0161enja za financiranje starosti, te\u0161ko \u0107e biti opravdati daljnje milijarde iz zajedni\u010dke blagajne.<\/p>\n<div id=\"mojev-2674971432\" class=\"mojev-kraj-teksta mojev-entity-placement\" style=\"margin-bottom: 20px;margin-left: auto;margin-right: auto;text-align: center;\"><div class=\"mojev-adlabel\">oglas<\/div><div style=\"height: 250px;\"><script async src=\"https:\/\/pagead2.googlesyndication.com\/pagead\/js\/adsbygoogle.js?client=ca-pub-8106111766207173\"\r\n     crossorigin=\"anonymous\"><\/script>\r\n<!-- Display-1 -->\r\n<ins class=\"adsbygoogle\"\r\n     style=\"display:block\"\r\n     data-ad-client=\"ca-pub-8106111766207173\"\r\n     data-ad-slot=\"1465712950\"\r\n     data-ad-format=\"auto\"\r\n     data-full-width-responsive=\"true\"><\/ins>\r\n<script>\r\n     (adsbygoogle = window.adsbygoogle || []).push({});\r\n<\/script><\/div><\/div>","protected":false},"excerpt":{"rendered":"<p>Bruxelles razmatra povezivanje mirovinskih reformi s isplatama iz prora\u010duna vrijednog 2 bilijuna eura. Cilj je sprije\u010diti mirovinski kolaps Europe i dio odgovornosti za starost, po ameri\u010dkom modelu, prenijeti na same gra\u0111ane.<\/p>\n","protected":false},"author":1,"featured_media":143011,"comment_status":"closed","ping_status":"closed","sticky":false,"template":"","format":"standard","meta":{"footnotes":""},"categories":[9],"tags":[574,18,2063],"class_list":["post-143009","post","type-post","status-publish","format-standard","has-post-thumbnail","hentry","category-vijesti","tag-europska-unija","tag-mirovine","tag-treci-stup"],"_links":{"self":[{"href":"https:\/\/www.mojevrijeme.hr\/magazin\/wp-json\/wp\/v2\/posts\/143009","targetHints":{"allow":["GET"]}}],"collection":[{"href":"https:\/\/www.mojevrijeme.hr\/magazin\/wp-json\/wp\/v2\/posts"}],"about":[{"href":"https:\/\/www.mojevrijeme.hr\/magazin\/wp-json\/wp\/v2\/types\/post"}],"author":[{"embeddable":true,"href":"https:\/\/www.mojevrijeme.hr\/magazin\/wp-json\/wp\/v2\/users\/1"}],"replies":[{"embeddable":true,"href":"https:\/\/www.mojevrijeme.hr\/magazin\/wp-json\/wp\/v2\/comments?post=143009"}],"version-history":[{"count":1,"href":"https:\/\/www.mojevrijeme.hr\/magazin\/wp-json\/wp\/v2\/posts\/143009\/revisions"}],"predecessor-version":[{"id":143010,"href":"https:\/\/www.mojevrijeme.hr\/magazin\/wp-json\/wp\/v2\/posts\/143009\/revisions\/143010"}],"wp:featuredmedia":[{"embeddable":true,"href":"https:\/\/www.mojevrijeme.hr\/magazin\/wp-json\/wp\/v2\/media\/143011"}],"wp:attachment":[{"href":"https:\/\/www.mojevrijeme.hr\/magazin\/wp-json\/wp\/v2\/media?parent=143009"}],"wp:term":[{"taxonomy":"category","embeddable":true,"href":"https:\/\/www.mojevrijeme.hr\/magazin\/wp-json\/wp\/v2\/categories?post=143009"},{"taxonomy":"post_tag","embeddable":true,"href":"https:\/\/www.mojevrijeme.hr\/magazin\/wp-json\/wp\/v2\/tags?post=143009"}],"curies":[{"name":"wp","href":"https:\/\/api.w.org\/{rel}","templated":true}]}}