{"id":143073,"date":"2025-10-19T10:42:16","date_gmt":"2025-10-19T08:42:16","guid":{"rendered":"https:\/\/www.mojevrijeme.hr\/magazin\/?p=143073"},"modified":"2025-10-19T10:44:18","modified_gmt":"2025-10-19T08:44:18","slug":"draga-ksenija-muz-je-dignuo-ruku-na-mene-sve-zbog-njegovih-roditelja","status":"publish","type":"post","link":"https:\/\/www.mojevrijeme.hr\/magazin\/2025\/10\/draga-ksenija-muz-je-dignuo-ruku-na-mene-sve-zbog-njegovih-roditelja\/","title":{"rendered":"Draga Ksenija: Mu\u017e je dignuo ruku na mene, sve zbog njegovih roditelja"},"content":{"rendered":"\n<p><strong>Draga Ksenija<\/strong>, prije osam godina svekrva i svekar su nas istjerali iz ku\u0107e. Doslovno na cestu. U me\u0111uvremenu smo dobili dvoje prekrasne djece i prije \u010detiri mjeseca kupili ku\u0107u. Po\u010deli smo je ure\u0111ivati. <\/p>\n\n\n\n<p>Posljednja dva tjedna njegovi se roditelji pojavljuju kao da ni\u0161ta nije bilo. Jo\u0161 o\u010dekuju da ih grlim i da tjeram djecu da se igraju s njima, iako su prema djeci bezobrazni. Kad sam to spomenula mu\u017eu, toliko je burno reagirao da me zgrabio za vrat pred djecom. \u017delim pobje\u0107i s djecom. <em>Na rubu<\/em><\/p>\n\n\n\n<h3 class=\"wp-block-heading\">Ksenija: Niste sami<\/h3>\n\n\n\n<p><strong>Draga Na rubu,<\/strong> s obzirom na to da u pismu nema pitanja, vjerujem da vam je sve jasno. U va\u0161em slu\u010daju granica je prije\u0111ena. Da nije do\u0161lo do fizi\u010dkog nasilja, mo\u017eda bih vam rekla da poku\u0161ate uspostaviti koliko-toliko pristojan odnos sa svekrom i svekrvom, makar radi djece.<\/p><div id=\"mojev-586847290\" class=\"mojev-u-tekstu mojev-entity-placement\" style=\"margin-left: auto;margin-right: auto;text-align: center;\"><div class=\"mojev-adlabel\">oglas<\/div><div style=\"height: 250px;\"><script async src=\"https:\/\/pagead2.googlesyndication.com\/pagead\/js\/adsbygoogle.js?client=ca-pub-8106111766207173\"\r\n     crossorigin=\"anonymous\"><\/script>\r\n<!-- Prikazni 1 u tekstu -->\r\n<ins class=\"adsbygoogle\"\r\n     style=\"display:block\"\r\n     data-ad-client=\"ca-pub-8106111766207173\"\r\n     data-ad-slot=\"8535551207\"\r\n     data-ad-format=\"auto\"\r\n     data-full-width-responsive=\"true\"><\/ins>\r\n<script>\r\n     (adsbygoogle = window.adsbygoogle || []).push({});\r\n<\/script><\/div><\/div><br style=\"clear: both; display: block; float: none;\"\/>\n\n\n\n<p>Ali u ovoj situaciji jedino \u0161to trebate je za\u0161tititi sebe i djecu. U\u017eas koji ste do\u017eivjeli i vi i djeca nema opravdanja, ma kakve mu sva\u0111e prethodile. Nadam se da ste nasilje prijavili policiji. Znajte da niste sami, i da postoje ljudi koji znaju kako vas za\u0161tititi; i pravno i emocionalno.<\/p>\n\n\n\n<p>Takvi napadi se gotovo nikad ne doga\u0111aju &#8220;samo jednom&#8221;. Kako niste postavili pitanje, postavit \u0107u ga ja umjesto vas: mo\u017ee li nova ku\u0107a nakon svega biti va\u0161 sretan dom? Odgovor znate sami.<\/p>\n\n\n\n<div id=\"crveno\"><\/p>\n\n\n\n<h3 class=\"wp-block-heading\">Pi\u0161ite Kseniji!<\/h3>\n\n\n\n<p>\u017delite li <strong>anonimno<\/strong> postaviti pitanje i posavjetovati se s na\u0161om kolumnisticom i \u017eivotnom savjetnicom Ksenijom Habunek ili samo ispri\u010dati svoju pri\u010du i vi\u0111enje ove teme, mo\u017eete to u\u010diniti putem internetskog obrasca klikom na <a href=\"https:\/\/www.mojevrijeme.hr\/magazin\/draga-ksenija\/\"><strong>ovu poveznicu<\/strong><\/a>.<\/p>\n\n\n\n<p>Ostala pitanja i Ksenijine odgovore potra\u017eite na <a href=\"https:\/\/www.mojevrijeme.hr\/magazin\/category\/povjerljivo\/draga-ksenija\/\"><strong>ovoj poveznici<\/strong><\/a>.<\/p>\n\n\n\n<p><\/div>\n\n\n\n<p><\/p>\n<div id=\"mojev-3792119068\" class=\"mojev-kraj-teksta mojev-entity-placement\" style=\"margin-bottom: 20px;margin-left: auto;margin-right: auto;text-align: center;\"><div class=\"mojev-adlabel\">oglas<\/div><div style=\"height: 250px;\"><script async src=\"https:\/\/pagead2.googlesyndication.com\/pagead\/js\/adsbygoogle.js?client=ca-pub-8106111766207173\"\r\n     crossorigin=\"anonymous\"><\/script>\r\n<!-- Display-1 -->\r\n<ins class=\"adsbygoogle\"\r\n     style=\"display:block\"\r\n     data-ad-client=\"ca-pub-8106111766207173\"\r\n     data-ad-slot=\"1465712950\"\r\n     data-ad-format=\"auto\"\r\n     data-full-width-responsive=\"true\"><\/ins>\r\n<script>\r\n     (adsbygoogle = window.adsbygoogle || []).push({});\r\n<\/script><\/div><\/div>","protected":false},"excerpt":{"rendered":"<p>Nakon \u0161to ju je suprug fizi\u010dki napao pred djecom, \u017eena razmi\u0161lja o bijegu iz ku\u0107e koju su tek kupili. \u017divotna savjetnica Ksenija Habunek primje\u0107uje da u njenom pismu nema pitanja.<\/p>\n","protected":false},"author":11,"featured_media":143079,"comment_status":"closed","ping_status":"closed","sticky":false,"template":"","format":"standard","meta":{"footnotes":""},"categories":[4133],"tags":[1450],"class_list":["post-143073","post","type-post","status-publish","format-standard","has-post-thumbnail","hentry","category-draga-ksenija","tag-obiteljsko-nasilje"],"_links":{"self":[{"href":"https:\/\/www.mojevrijeme.hr\/magazin\/wp-json\/wp\/v2\/posts\/143073","targetHints":{"allow":["GET"]}}],"collection":[{"href":"https:\/\/www.mojevrijeme.hr\/magazin\/wp-json\/wp\/v2\/posts"}],"about":[{"href":"https:\/\/www.mojevrijeme.hr\/magazin\/wp-json\/wp\/v2\/types\/post"}],"author":[{"embeddable":true,"href":"https:\/\/www.mojevrijeme.hr\/magazin\/wp-json\/wp\/v2\/users\/11"}],"replies":[{"embeddable":true,"href":"https:\/\/www.mojevrijeme.hr\/magazin\/wp-json\/wp\/v2\/comments?post=143073"}],"version-history":[{"count":7,"href":"https:\/\/www.mojevrijeme.hr\/magazin\/wp-json\/wp\/v2\/posts\/143073\/revisions"}],"predecessor-version":[{"id":143082,"href":"https:\/\/www.mojevrijeme.hr\/magazin\/wp-json\/wp\/v2\/posts\/143073\/revisions\/143082"}],"wp:featuredmedia":[{"embeddable":true,"href":"https:\/\/www.mojevrijeme.hr\/magazin\/wp-json\/wp\/v2\/media\/143079"}],"wp:attachment":[{"href":"https:\/\/www.mojevrijeme.hr\/magazin\/wp-json\/wp\/v2\/media?parent=143073"}],"wp:term":[{"taxonomy":"category","embeddable":true,"href":"https:\/\/www.mojevrijeme.hr\/magazin\/wp-json\/wp\/v2\/categories?post=143073"},{"taxonomy":"post_tag","embeddable":true,"href":"https:\/\/www.mojevrijeme.hr\/magazin\/wp-json\/wp\/v2\/tags?post=143073"}],"curies":[{"name":"wp","href":"https:\/\/api.w.org\/{rel}","templated":true}]}}