{"id":143137,"date":"2025-10-20T13:08:49","date_gmt":"2025-10-20T11:08:49","guid":{"rendered":"https:\/\/www.mojevrijeme.hr\/magazin\/?p=143137"},"modified":"2025-10-20T13:15:42","modified_gmt":"2025-10-20T11:15:42","slug":"natasa-radila-sam-i-u-pelenama-na-zadnjem-razgovoru-nisu-htjeli-reci-placu","status":"publish","type":"post","link":"https:\/\/www.mojevrijeme.hr\/magazin\/2025\/10\/natasa-radila-sam-i-u-pelenama-na-zadnjem-razgovoru-nisu-htjeli-reci-placu\/","title":{"rendered":"Nata\u0161a: Radila sam i u pelenama, na zadnjem razgovoru nisu htjeli re\u0107i pla\u0107u"},"content":{"rendered":"\n<p>Od studija je, pri\u010da nam 57-godi\u0161nja sugovornica <strong>Nata\u0161a<\/strong>, odustala nakon \u0161to je pala drugu godinu na fakultetu i roditelji je nisu mogli dalje financirati. Poljuljanog samopouzdanja, po\u010dela je raditi ni\u017ee kvalificirane poslove na kojima je ostala do danas. Promijenila, je, ka\u017ee, najmanje deset poslova. <\/p>\n\n\n\n<p>&#8220;\u010cistila sam po ku\u0107ama, \u010duvala djecu, \u010distila urede, hotelske sobe, kino-dvorane. Radila sam i u praonici rublja, a ljetos sam dala otkaz i u tvornici pekarskih proizvoda. Uzela sam pauzu od dva mjeseca, sada tra\u017eim novi posao&#8221;, govori nam iskreno.<\/p>\n\n\n\n<p>Na pitanje za\u0161to je promijenila toliko radnih mjesta, ka\u017ee da je tome kumovala psihi\u010dka i fizi\u010dka iscrpljenost ili pak \u017eivotne okolnosti. &#8220;Sve su to te\u0161ki fizi\u010dki poslovi, naj\u010de\u0161\u0107e se radi od \u0161est ujutro. Dizala bih se u 4, napravila pripremu za ru\u010dak, popila kavu i oti\u0161la u mrak, na autobus pa tramvaj. Kina sam pak primjerice \u010distila no\u0107u, od 23 pa sve do 7 ujutro. I tako godinama, dok se ne bih slomila&#8221;, povjerava nam se na\u0161a sugovornica.<\/p><div id=\"mojev-1450858231\" class=\"mojev-u-tekstu mojev-entity-placement\" style=\"margin-left: auto;margin-right: auto;text-align: center;\"><div class=\"mojev-adlabel\">oglas<\/div><div style=\"height: 250px;\"><script async src=\"https:\/\/pagead2.googlesyndication.com\/pagead\/js\/adsbygoogle.js?client=ca-pub-8106111766207173\"\r\n     crossorigin=\"anonymous\"><\/script>\r\n<!-- Prikazni 1 u tekstu -->\r\n<ins class=\"adsbygoogle\"\r\n     style=\"display:block\"\r\n     data-ad-client=\"ca-pub-8106111766207173\"\r\n     data-ad-slot=\"8535551207\"\r\n     data-ad-format=\"auto\"\r\n     data-full-width-responsive=\"true\"><\/ins>\r\n<script>\r\n     (adsbygoogle = window.adsbygoogle || []).push({});\r\n<\/script><\/div><\/div><br style=\"clear: both; display: block; float: none;\"\/>\n\n\n\n<h3 class=\"wp-block-heading\">Fizi\u010dko i psihi\u010dko iscrpljivanje<\/h3>\n\n\n\n<p>Osim \u0161to su ti poslovi fizi\u010dki zahtjevni, ka\u017ee, i psihi\u010dki se znala na\u0107i na rubu. &#8220;Radila sam s ljudima koji su imali osnovnu \u0161kolu, a pravili se kao da su zavr\u0161ili doktorat. Trebate izdr\u017eati ogovaranja, podmetanja na najni\u017eoj razini, izmi\u0161ljanja pa i direktne primitivne uvrede. U praonici sam primjerice radila sa \u017eenom koja nije prestajala pri\u010dati, iznosila je najgadnije intimne stvari i nisam je mogla zaustaviti, kao da govorim zidu. To je bila psihi\u010dka tortura&#8221;, ka\u017ee.<\/p>\n\n\n\n<p>Kad bi se slomila, govori, uzimala bi po mjesec dana pauze i potom opet tra\u017eila posao. &#8220;Vjerujte mi, to su poslovi na kojima mo\u017eete izdr\u017eati nekoliko godina, i onda puknete. Jedina du\u017ea pauza koju sam imala bila je kad sam s 41 godinom rodila sina i oti\u0161la na porodiljni. Bilo je to lijepo razdoblje mog \u017eivota, ali je uslijedio te\u017eak povratak na posao u smjenama. Da nije bilo svekrve u blizini, ne bismo izgurali jer sam imala malu pla\u0107u, a suprug je pokrivao tro\u0161kove podstanarstva i re\u017eija, tako da tetu \u010duvalicu nismo mogli sanjati&#8221;, doznajemo.<\/p>\n\n\n\n<h3 class=\"wp-block-heading\">Nosila pelene na posao<\/h3>\n\n\n\n<p>Zadnji posao koji je radila bio je za strojem u tvornici, od \u0161est ujutro do dva popodne. &#8220;Na tom sam se poslu zaposlila kad sam imala 48 godina i ve\u0107 sam bila na\u010deta sa zdravljem. Nosila sam pelene kad sam dobila upalu mjehura, jer se ne mo\u017eete maknuti od stroja kad vi ho\u0107ete. Svaka godina donijela mi je novo pogor\u0161anje, a s godinama vam to ide rapidno. Krenuli su bolovi u zglobovima i kralje\u017enici, dobila sam i\u0161ijas. Bilo je dana kad od bolova uop\u0107e nisam mogla hodati i suprug me vozio na posao jer je on i po\u010dinjao dva sata kasnije&#8221;, otkriva Nata\u0161a.<\/p>\n\n\n\n<p>&#8220;Uzela bih bolovanje od tjedan dana, ali to su bolovi koji traju dulje od toga. Pla\u0107a je jo\u0161 manja, a \u0161efovi negoduju. Prije nego \u0161to sam u srpnju dala otkaz, tjednima sam i\u0161la na fizikalnu terapiju. Patim od gastritisa, a i \u0161titnja\u010da mi je rubna. Shvatila sam da ako ne stanem, vi\u0161e ne\u0107u mo\u0107i funkcionirati. Oti\u0161la sam glavom bez obzira i tek sam sada malo bolje. Trebalo mi je da odahnem, da se saberem. Tri mjeseca nisam ni tra\u017eila posao, samo sam poku\u0161ala do\u0107i k sebi.&#8221;<\/p>\n\n\n\n<h3 class=\"wp-block-heading\">Zahtjeva puno, zauzvrat \u0161utnja<\/h3>\n\n\n\n<p>Proteklih tjedana poslala je brojne zamolbe za posao, a prvi razgovor na koji je bila pozvala razo\u010darao ju je. &#8220;Bilo je to za posao \u010dista\u010dice u vrti\u0107u. Mislila sam da \u0107e vrti\u0107 biti lako odr\u017eavati, da \u0107u manje iscrpljivati tijelo. No, okus nakon razgovora bio je gorak. Do\u0161la sam pred \u010detvero\u010dlanu komisiju, ravnateljicu, psihologinju i jo\u0161 dvoje zaposlenih. Pitanja su plju\u0161tala jedno za drugim, samo me jo\u0161 nisu pitali imam li menstruaciju. Pitali su me za\u0161to sam mijenjala poslove, koje su mi dijagnoze, jesam li stabilna. Odgovarala sam \u010dak i na pitanja o tome kakve krpe koristim, bih li polagala sanitarni ispit, iako sam ga ve\u0107 jednom polo\u017eila za drugu firmu. Kao da s 57 godina nemam dovoljno iskustva&#8221;, ka\u017ee.<\/p>\n\n\n\n<p>&#8220;Razumijem ozbiljnost razgovora i da nije svejedno kakva \u0107e osoba do\u0107i u kolektiv, ali kad sam pitala za uvjete, ostala sam zapanjena. Radno vrijeme bilo bi mi od 11 do 19 sati nave\u010der, dakle, kretala bih oko pola 10 ujutro i vra\u0107ala se iza 20 nave\u010der. To mi je u ovim godinama nezamislivo. Suprug radi do kasno, a kod ku\u0107e je sin od 16 godina, osjetljiv tinejd\u017eer s kojim se treba baviti. Moj bi se \u017eivot sveo na posao i spavanje. Znam, takav je \u017eivot, ali nisam pristala.&#8221;<\/p>\n\n\n\n<h3 class=\"wp-block-heading\">Samo \u017eeli izdr\u017eati do penzije<\/h3>\n\n\n\n<p>Smatra, ka\u017ee, da je nakon toliko zahtjeva i provjera kojima su je podvrgli, zaslu\u017eila jasan odgovor na pitanje kolika bi joj bila pla\u0107a. &#8220;Taj odgovor nisam dobila i dobila bih ga tek ako bi se odlu\u010dili primiti me. Ustala sam se i zahvalila. Znam da sam samo broj u \u017eivotopisu i da je to posao za neku mla\u0111u \u017eenu kojoj zdravlje jo\u0161 nije naru\u0161eno. Ne mogu si dopustiti da odustanem od sebe, idem dalje u nadi da \u0107u prona\u0107i iole prihvatljiv posao i nadam se da me zdravlje ne\u0107e izdati prije mirovine&#8221;, rekla je gospo\u0111a Nata\u0161a.<\/p>\n\n\n\n<p>Pi\u0161ite nam i vi o svojim iskustvima na poslu u zrelim godinama.<\/p>\n\n\n\n<div id=\"crveno\"><\/p>\n\n\n\n<h3 class=\"wp-block-heading\">Zanima nas va\u0161a pri\u010da<\/h3>\n\n\n\n<p>\u017delite li i vi, posve anonimno, podijeliti svoje iskustvo i vi\u0111enje ove teme s nama i na\u0161im \u010ditateljima, mo\u017eete to u\u010diniti putem web obrasca <a rel=\"noreferrer noopener\" href=\"https:\/\/www.mojevrijeme.hr\/magazin\/povjerljivo\/\" target=\"_blank\">Povjerljivo<\/a>. Napi\u0161ite svoju pri\u010du!<\/p>\n\n\n\n<p><\/div>\n<div id=\"mojev-1259015406\" class=\"mojev-kraj-teksta mojev-entity-placement\" style=\"margin-bottom: 20px;margin-left: auto;margin-right: auto;text-align: center;\"><div class=\"mojev-adlabel\">oglas<\/div><div style=\"height: 250px;\"><script async src=\"https:\/\/pagead2.googlesyndication.com\/pagead\/js\/adsbygoogle.js?client=ca-pub-8106111766207173\"\r\n     crossorigin=\"anonymous\"><\/script>\r\n<!-- Display-1 -->\r\n<ins class=\"adsbygoogle\"\r\n     style=\"display:block\"\r\n     data-ad-client=\"ca-pub-8106111766207173\"\r\n     data-ad-slot=\"1465712950\"\r\n     data-ad-format=\"auto\"\r\n     data-full-width-responsive=\"true\"><\/ins>\r\n<script>\r\n     (adsbygoogle = window.adsbygoogle || []).push({});\r\n<\/script><\/div><\/div>","protected":false},"excerpt":{"rendered":"<p>Stariji radnici na ni\u017ee kvalificiranim poslovima \u010desto se suo\u010davaju s te\u0161kim radnim uvjetima, smjenama i niskim pla\u0107ama, a s godinama i sa sve te\u017eim zdravstvenim problemima. O tome nam govori i 57-godi\u0161nja Nata\u0161a iz Zagreba, koja je na posao znala do\u0161epati u najgorim bolovima zbog i\u0161ijasa.<\/p>\n","protected":false},"author":17,"featured_media":143143,"comment_status":"closed","ping_status":"closed","sticky":false,"template":"","format":"standard","meta":{"footnotes":""},"categories":[2],"tags":[827],"class_list":["post-143137","post","type-post","status-publish","format-standard","has-post-thumbnail","hentry","category-mozaik","tag-radnici"],"_links":{"self":[{"href":"https:\/\/www.mojevrijeme.hr\/magazin\/wp-json\/wp\/v2\/posts\/143137","targetHints":{"allow":["GET"]}}],"collection":[{"href":"https:\/\/www.mojevrijeme.hr\/magazin\/wp-json\/wp\/v2\/posts"}],"about":[{"href":"https:\/\/www.mojevrijeme.hr\/magazin\/wp-json\/wp\/v2\/types\/post"}],"author":[{"embeddable":true,"href":"https:\/\/www.mojevrijeme.hr\/magazin\/wp-json\/wp\/v2\/users\/17"}],"replies":[{"embeddable":true,"href":"https:\/\/www.mojevrijeme.hr\/magazin\/wp-json\/wp\/v2\/comments?post=143137"}],"version-history":[{"count":4,"href":"https:\/\/www.mojevrijeme.hr\/magazin\/wp-json\/wp\/v2\/posts\/143137\/revisions"}],"predecessor-version":[{"id":143146,"href":"https:\/\/www.mojevrijeme.hr\/magazin\/wp-json\/wp\/v2\/posts\/143137\/revisions\/143146"}],"wp:featuredmedia":[{"embeddable":true,"href":"https:\/\/www.mojevrijeme.hr\/magazin\/wp-json\/wp\/v2\/media\/143143"}],"wp:attachment":[{"href":"https:\/\/www.mojevrijeme.hr\/magazin\/wp-json\/wp\/v2\/media?parent=143137"}],"wp:term":[{"taxonomy":"category","embeddable":true,"href":"https:\/\/www.mojevrijeme.hr\/magazin\/wp-json\/wp\/v2\/categories?post=143137"},{"taxonomy":"post_tag","embeddable":true,"href":"https:\/\/www.mojevrijeme.hr\/magazin\/wp-json\/wp\/v2\/tags?post=143137"}],"curies":[{"name":"wp","href":"https:\/\/api.w.org\/{rel}","templated":true}]}}