{"id":143200,"date":"2025-10-21T16:43:29","date_gmt":"2025-10-21T14:43:29","guid":{"rendered":"https:\/\/www.mojevrijeme.hr\/magazin\/?p=143200"},"modified":"2025-10-21T16:47:13","modified_gmt":"2025-10-21T14:47:13","slug":"stjepan-hodao-sam-zagrebom-i-molio-za-posao-a-danas-ne-mogu-naci-radnike","status":"publish","type":"post","link":"https:\/\/www.mojevrijeme.hr\/magazin\/2025\/10\/stjepan-hodao-sam-zagrebom-i-molio-za-posao-a-danas-ne-mogu-naci-radnike\/","title":{"rendered":"Stjepan: &#8216;Hodao sam Zagrebom i molio za posao, a danas ne mogu na\u0107i radnike&#8217;"},"content":{"rendered":"\n<p>Potaknut <a href=\"https:\/\/www.mojevrijeme.hr\/magazin\/2025\/10\/natasa-radila-sam-i-u-pelenama-na-zadnjem-razgovoru-nisu-htjeli-reci-placu\/\">ispovije\u0161\u0107u gospo\u0111e Nata\u0161e<\/a> koja se po\u017ealila na poslodavce i poslove koje je obavljala, javio nam se i jedan poslodavac. S njegove strane posve je druga\u010diji pogled. Na\u0161 \u010ditatelj Stjepan ka\u017ee da nudi korektne uvjete, no ljudi na poslovima za koje nije nu\u017ena kvalifikacija i stru\u010dnost, tra\u017ee pla\u0107e ve\u0107e nego fakultetski obrazovani kadar. Tko je u krivu, on ili svijet oko njega? Pitanje je to koje postavlja prenose\u0107i nam svoja razmi\u0161ljanja.<\/p>\n\n\n\n<p>\u201cRo\u0111en sam 1963. godine. Radio sam 29 godina u istoj firmi, a onda je do\u0161ao \u0161ok. U nekoliko dana nestala je firma sa 62 zaposlenika. Svi na biro! Naknade male, dr\u017eava se pobrinula da barem ne\u0161to dobijemo. A ja star 50 godina. Djeca na pragu fakulteta, ja i supruga bez posla. Te\u0161ko razdoblje&#8221;, prisje\u0107a se egzistencijalne tjeskobe koju je do\u017eivio.<\/p>\n\n\n\n<p>No nisu se predali. Supruga je do\u0161la na ideju otvoriti servis za \u010di\u0161\u0107enje. &#8220;Otvorili smo jednostavno dru\u0161tvo s ograni\u010denom odgovorno\u0161\u0107u da bude jeftinije. U na\u0161oj sredini posla je bilo malo. Prve godine ja sam bio jedini zaposleni jer nije bilo dovoljno novca ni za moju pla\u0107u&#8221;, navodi.<\/p><div id=\"mojev-2285292455\" class=\"mojev-u-tekstu mojev-entity-placement\" style=\"margin-left: auto;margin-right: auto;text-align: center;\"><div class=\"mojev-adlabel\">oglas<\/div><div style=\"height: 250px;\"><script async src=\"https:\/\/pagead2.googlesyndication.com\/pagead\/js\/adsbygoogle.js?client=ca-pub-8106111766207173\"\r\n     crossorigin=\"anonymous\"><\/script>\r\n<!-- Prikazni 1 u tekstu -->\r\n<ins class=\"adsbygoogle\"\r\n     style=\"display:block\"\r\n     data-ad-client=\"ca-pub-8106111766207173\"\r\n     data-ad-slot=\"8535551207\"\r\n     data-ad-format=\"auto\"\r\n     data-full-width-responsive=\"true\"><\/ins>\r\n<script>\r\n     (adsbygoogle = window.adsbygoogle || []).push({});\r\n<\/script><\/div><\/div><br style=\"clear: both; display: block; float: none;\"\/>\n\n\n\n<p>Kada su vidjeli da ne\u0107e tako opstati, Stjepan i supruga odlu\u010dili su posao potra\u017eiti u Zagrebu. Dijelili su letke koje su im k\u0107eri napravile na ra\u010dunalu i ogla\u0161avali usluge svoje tvrtke. No rezultata nije bilo. Pa je Stjepan odlu\u010dio kucati od vrata do vrata firmi nude\u0107i usluge \u010di\u0161\u0107enja. Uglavnom je dobio odbijenice, a jo\u0161 nije zaboravio ni jednu tajnicu koja mu je osorno zalupila vrata pred nosom. Ka\u017ee, jo\u0161 ih vidi kako se tresu.<\/p>\n\n\n\n<h3 class=\"wp-block-heading\">Nisu odustali<\/h3>\n\n\n\n<p>&#8220;Nazovem \u017eenu. \u0160utjeli smo dugo. A onda se sjetim jedne izreke: nekad je i udarac nogom u guzicu korak naprijed. I krenem dalje. Otvorim vrata jedne tiskare, ponovim svoju pjesmicu. Ti\u0161ina. A onda ka\u017eu da im ba\u0161 treba \u010di\u0161\u0107enje jer im je \u010dista\u010dica otkazala zbog bolesti. Razgledali smo, dogovorili posao i sklopili ugovor na godinu dana.&#8221;<\/p>\n\n\n\n<p>Zaposlio je i suprugu pa ih je u firmi sada bilo dvoje. S prvim ra\u010dunom, do\u0161le su i preporuke. Klijent ih je hvalio kako su pedantni i korektni. &#8220;Krenuo je posao za poslom. Trebalo jo\u0161 nekog zaposliti. To je dio za koji sam mislio da je najlak\u0161i, a zapravo je najte\u017ei&#8221;, navodi. <\/p>\n\n\n\n<h3 class=\"wp-block-heading\">Vi\u0161e od minimalca<\/h3>\n\n\n\n<p>\u201cU 13 godina kroz na\u0161u je firmu pro\u0161lo puno \u017eena. Moja supruga u glavnoj ulozi poku\u0161ava i danas odr\u017eati taj visoki nivo koji smo postavili. U nekim trenucima bilo je osam zaposlenih \u017eena i pokoji mu\u0161karac, student. I danas poku\u0161avamo nekoga zaposliti. Minimalac je 750 eura, a ja, uz sve dodatke koje nudi dr\u017eava, dajem tisu\u0107u za osam sati&#8221;, nastavlja.<\/p>\n\n\n\n<p>&#8220;Kazao sam na\u0161oj radnici da treba malo detaljnije po\u010distiti. Odgovorila mi je da ona ne\u0107e lomiti ki\u010dmu zbog moga \u010di\u0161\u0107enja. Oti\u0161la je dalje. Moja k\u0107i sa zavr\u0161enim fakultetom fizike i ra\u010dunarstva ima po\u010detnu pla\u0107u od 1.200 eura. To je Lijepa Na\u0161a&#8221;, zaklju\u010duje Stjepan. Svjedo\u010denje jedne radnice na poslovima \u010di\u0161\u0107enja pro\u010ditajte na <a href=\"https:\/\/www.mojevrijeme.hr\/magazin\/2025\/10\/natasa-radila-sam-i-u-pelenama-na-zadnjem-razgovoru-nisu-htjeli-reci-placu\/\">ovoj poveznici<\/a>.<\/p>\n\n\n\n<div id=\"crveno\"><\/p>\n\n\n\n<h3 class=\"wp-block-heading\">Zanima nas va\u0161a pri\u010da<\/h3>\n\n\n\n<p>\u017delite li i vi, posve anonimno, podijeliti svoje iskustvo i vi\u0111enje ove teme s nama i na\u0161im \u010ditateljima, mo\u017eete to u\u010diniti putem web obrasca <a rel=\"noreferrer noopener\" href=\"https:\/\/www.mojevrijeme.hr\/magazin\/povjerljivo\/\" target=\"_blank\">Povjerljivo<\/a>. Napi\u0161ite svoju pri\u010du!<\/p>\n\n\n\n<p><\/div>\n<div id=\"mojev-346744977\" class=\"mojev-kraj-teksta mojev-entity-placement\" style=\"margin-bottom: 20px;margin-left: auto;margin-right: auto;text-align: center;\"><div class=\"mojev-adlabel\">oglas<\/div><div style=\"height: 250px;\"><script async src=\"https:\/\/pagead2.googlesyndication.com\/pagead\/js\/adsbygoogle.js?client=ca-pub-8106111766207173\"\r\n     crossorigin=\"anonymous\"><\/script>\r\n<!-- Display-1 -->\r\n<ins class=\"adsbygoogle\"\r\n     style=\"display:block\"\r\n     data-ad-client=\"ca-pub-8106111766207173\"\r\n     data-ad-slot=\"1465712950\"\r\n     data-ad-format=\"auto\"\r\n     data-full-width-responsive=\"true\"><\/ins>\r\n<script>\r\n     (adsbygoogle = window.adsbygoogle || []).push({});\r\n<\/script><\/div><\/div>","protected":false},"excerpt":{"rendered":"<p>Nakon \u0161to je zavr\u0161io na burzi, sa suprugom je osnovao malu firmu za \u010di\u0161\u0107enje. Danas, kada napokon mo\u017ee zaposliti druge, suo\u010dava se s neo\u010dekivanim problemom.<\/p>\n","protected":false},"author":1,"featured_media":143207,"comment_status":"closed","ping_status":"closed","sticky":false,"template":"","format":"standard","meta":{"footnotes":""},"categories":[9],"tags":[3466,3990,827],"class_list":["post-143200","post","type-post","status-publish","format-standard","has-post-thumbnail","hentry","category-vijesti","tag-cistacice","tag-poslodavci","tag-radnici"],"_links":{"self":[{"href":"https:\/\/www.mojevrijeme.hr\/magazin\/wp-json\/wp\/v2\/posts\/143200","targetHints":{"allow":["GET"]}}],"collection":[{"href":"https:\/\/www.mojevrijeme.hr\/magazin\/wp-json\/wp\/v2\/posts"}],"about":[{"href":"https:\/\/www.mojevrijeme.hr\/magazin\/wp-json\/wp\/v2\/types\/post"}],"author":[{"embeddable":true,"href":"https:\/\/www.mojevrijeme.hr\/magazin\/wp-json\/wp\/v2\/users\/1"}],"replies":[{"embeddable":true,"href":"https:\/\/www.mojevrijeme.hr\/magazin\/wp-json\/wp\/v2\/comments?post=143200"}],"version-history":[{"count":12,"href":"https:\/\/www.mojevrijeme.hr\/magazin\/wp-json\/wp\/v2\/posts\/143200\/revisions"}],"predecessor-version":[{"id":143214,"href":"https:\/\/www.mojevrijeme.hr\/magazin\/wp-json\/wp\/v2\/posts\/143200\/revisions\/143214"}],"wp:featuredmedia":[{"embeddable":true,"href":"https:\/\/www.mojevrijeme.hr\/magazin\/wp-json\/wp\/v2\/media\/143207"}],"wp:attachment":[{"href":"https:\/\/www.mojevrijeme.hr\/magazin\/wp-json\/wp\/v2\/media?parent=143200"}],"wp:term":[{"taxonomy":"category","embeddable":true,"href":"https:\/\/www.mojevrijeme.hr\/magazin\/wp-json\/wp\/v2\/categories?post=143200"},{"taxonomy":"post_tag","embeddable":true,"href":"https:\/\/www.mojevrijeme.hr\/magazin\/wp-json\/wp\/v2\/tags?post=143200"}],"curies":[{"name":"wp","href":"https:\/\/api.w.org\/{rel}","templated":true}]}}