{"id":143215,"date":"2025-10-22T09:35:13","date_gmt":"2025-10-22T07:35:13","guid":{"rendered":"https:\/\/www.mojevrijeme.hr\/magazin\/?p=143215"},"modified":"2025-10-22T09:37:15","modified_gmt":"2025-10-22T07:37:15","slug":"neformalni-njegovatelji-zasluzuju-zastitu-drzave-evo-sto-treba-uciniti","status":"publish","type":"post","link":"https:\/\/www.mojevrijeme.hr\/magazin\/2025\/10\/neformalni-njegovatelji-zasluzuju-zastitu-drzave-evo-sto-treba-uciniti\/","title":{"rendered":"Neformalni njegovatelji zaslu\u017euju za\u0161titu dr\u017eave, evo \u0161to treba u\u010diniti"},"content":{"rendered":"\n<p>Doslovno stotine tisu\u0107a ljudi u Hrvatskoj pru\u017eaju dugotrajnu, nepla\u0107enu skrb \u010dlanovima obitelji. Oni su neformalni njegovatelji; supru\u017enici, djeca, ro\u0111aci ili susjedi koji bez sustavne pomo\u0107i obavljaju poslove koje bi u ure\u0111enim sustavima obavljali profesionalci.<\/p>\n\n\n\n<p>U istra\u017eivanju prof. Silvije Rusac i suradnica isti\u010de se nekoliko klju\u010dnih \u010dinjenica: ve\u0107ina njegovatelja u Hrvatskoj su \u017eene srednje dobi, \u010desto zaposlene. Gotovo devet od deset njegovatelja \u017eivi u istom ku\u0107anstvu s primateljem skrbi, a prosje\u010dno provodi \u010detiri do \u0161est sati dnevno u aktivnostima njege, \u010desto kontinuirano mjesecima i godinama.<\/p>\n\n\n\n<p>Vi\u0161e od polovice ispitanih \u017eali se na kroni\u010dni umor, zna\u010dajan je udio onih koji imaju zdravstvene pote\u0161ko\u0107e povezane s obvezama njege, a pribli\u017eno 80 posto ne koristi nikakvu stru\u010dnu pomo\u0107 ili formalne usluge. Profesorica Rusac upozorava da ti ljudi dr\u017ee sustav skrbi na nogama, ali su sami ostavljeni bez podr\u0161ke.<\/p><div id=\"mojev-2263084704\" class=\"mojev-u-tekstu mojev-entity-placement\" style=\"margin-left: auto;margin-right: auto;text-align: center;\"><div class=\"mojev-adlabel\">oglas<\/div><div style=\"height: 250px;\"><script async src=\"https:\/\/pagead2.googlesyndication.com\/pagead\/js\/adsbygoogle.js?client=ca-pub-8106111766207173\"\r\n     crossorigin=\"anonymous\"><\/script>\r\n<!-- Prikazni 1 u tekstu -->\r\n<ins class=\"adsbygoogle\"\r\n     style=\"display:block\"\r\n     data-ad-client=\"ca-pub-8106111766207173\"\r\n     data-ad-slot=\"8535551207\"\r\n     data-ad-format=\"auto\"\r\n     data-full-width-responsive=\"true\"><\/ins>\r\n<script>\r\n     (adsbygoogle = window.adsbygoogle || []).push({});\r\n<\/script><\/div><\/div><br style=\"clear: both; display: block; float: none;\"\/>\n\n\n\n<p>Usporedba s nekim drugim zemljama mo\u017ee nam donijeti korisne lekcije. U Italiji i Njema\u010dkoj, zbog demografije i strukture obitelji, neformalna skrb tako\u0111er ima veliku zastupljenost, ali su modeli potpora razli\u010diti.<\/p>\n\n\n\n<h3 class=\"wp-block-heading\">\u0160to \u010dine druge dr\u017eave?<\/h3>\n\n\n\n<p>Tijekom pandemije i u istra\u017eivanjima nakon nje, talijanski njegovatelji \u010desto su prijavljivali zna\u010dajno vi\u0161e sati njege tjedno nego njihovi njema\u010dki kolege. U pojedinim anketama talijanske su \u017eene navodile i vi\u0161e od 17 sati tjedno, dok je u Njema\u010dkoj prosjek bio oko 10-11 sati. Njema\u010dka ve\u0107 godinama razvija zakonske i institucionalne okvire koji uklju\u010duju registracije, udruge zastupanja, financijsku potporu, pravo na predah i programe edukacije. U Italiji podr\u0161ka varira po regijama, ali su zapo\u010deti modeli zamjenske njege i lokalni programi savjetovanja.<\/p>\n\n\n\n<p>Iz tih primjera izdvaja se nekoliko pouka: neformalna skrb je ra\u0161irena i intenzivna; njezino optere\u0107enje mo\u017ee ozbiljno naru\u0161iti zdravlje njegovatelja; u\u010dinkoviti odgovori zahtijevaju kombinaciju zakona, socijalnih prava, edukacija i javne vidljivosti. Drugim rije\u010dima, kad dru\u0161tvo prepozna njegovatelje kao javni resurs, a ne kao privatni teret, mogu\u0107e je graditi odr\u017eiv sustav skrbi.<\/p>\n\n\n\n<p>Za Hrvatsku su te lekcije va\u017ene jer se suo\u010davamo s demografskim pritiscima: starenje stanovni\u0161tva, manje obitelji koje mogu preuzeti skrb i sve ve\u0107e potrebe za dugotrajnom njegom. Prof. Rusac jasno ka\u017ee da obiteljski anga\u017eman danas kompenzira rupe u sustavu, ali ta kompenzacija ne smije biti trajno rje\u0161enje bez za\u0161tite onih koji skrbe.<\/p>\n\n\n\n<p>\u0160to onda treba promijeniti u Hrvatskoj? Koje su realne, konkretne mjere koje bi mogle preokrenuti situaciju i osigurati dostojanstvenu, odr\u017eivu skrb za primatelje i za njegovatelje?<\/p>\n\n\n\n<h3 class=\"wp-block-heading\">1. Zakonsko prepoznavanje i registar njegovatelja<\/h3>\n\n\n\n<p>Potrebno je zakonski definirati tko je neformalni njegovatelj i u kojim okolnostima stje\u010de prava. Uz to, trebalo bi uvesti registar koji bi dr\u017eavnim institucijama, HZZO-u, centrima za socijalnu skrb, dao uvid u obujam potreba. Registar omogu\u0107uje ciljano planiranje: tko treba edukaciju, tko predah, tko hitnu pomo\u0107. Registracija nije samo birokratski korak, ve\u0107 otvara vrata pristupa pravima i potporama.<\/p>\n\n\n\n<h3 class=\"wp-block-heading\">2. Programi zamjenske njege &#8211; pravo na predah<\/h3>\n\n\n\n<p>Njegovatelji ne mogu biti dostupni neograni\u010deno. Uvo\u0111enje sufinancirane zamjenske njege, dnevnih centara i kratkotrajnih smje\u0161taja omogu\u0107ilo bi njegovatelju da se odmori, ode lije\u010dniku ili rije\u0161i neku hitnu privatnu obavezu bez straha da \u0107e primatelj ostati bez njege. Modeli takvog &#8220;predaha&#8221; koji ve\u0107 postoje u Njema\u010dkoj i pojedinim talijanskim regijama mogu poslu\u017eiti kao polazna to\u010dka.<\/p>\n\n\n\n<h3 class=\"wp-block-heading\">3. Edukacija i dostupna psiholo\u0161ka pomo\u0107<\/h3>\n\n\n\n<p>Mnogi koji postanu njegovatelji nemaju osnovne vje\u0161tine: briga o ranama, pravilno rukovanje lijekovima, prehrana pri odre\u0111enim stanjima ili komunikacija s osobama s demencijom. Besplatni lokalni te\u010dajevi, <em>online <\/em>priru\u010dnici i radionice smanjuju rizik ozljeda i stresa. Uz to, dostupna i redovita psiholo\u0161ka podr\u0161ka sprje\u010dava kroni\u010dnu iscrpljenost i poma\u017ee u no\u0161enju s krivnjom i tugom.<\/p>\n\n\n\n<h3 class=\"wp-block-heading\">4. Financijska i mirovinska za\u0161tita<\/h3>\n\n\n\n<p>Dugotrajna skrb \u010desto zna\u010di gubitak prihoda, propu\u0161tene karijere i dodatne tro\u0161kove. Hrvatska mo\u017ee razmotriti modele minimalnih naknada, doprinosa za mirovinsko osiguranje ili poreznih olak\u0161ica za one koji skrbe o \u010dlanovima obitelji odre\u0111eni broj sati tjedno. Takve mjere nisu samo humanitarne: sprje\u010davanje bolesti kod njegovatelja i njihova socijalna za\u0161tita dugoro\u010dno smanjuju tro\u0161kove zdravstvenog sustava.<\/p>\n\n\n\n<h3 class=\"wp-block-heading\">5. Uskla\u0111ivanje rada i skrbi<\/h3>\n\n\n\n<p>U ovom trenutku najva\u017enije je zakonski ustanoviti pravo na bolovanje za bolesne roditelje, bake i djedove, a na \u0161to je upozorila i pu\u010dka pravobraniteljica. Tim vi\u0161e \u0161to zakoni i Ustav RH obvezuje djecu da se moraju brinuti o starim i nemo\u0107nim roditeljima. Uz to, poslodavci bi trebali omogu\u0107iti, fleksibilno radno vrijeme, rad od ku\u0107e ili privremeno smanjenje radnih sati za zaposlene koji skrbe o te\u0161ko bolesnim \u010dlanovima obitelji. Takve mjere poma\u017eu odr\u017eati zaposlenost i smanjuju socijalne posljedice dugotrajne skrbi.<\/p>\n\n\n\n<h3 class=\"wp-block-heading\">6. Lokalna mre\u017ea podr\u0161ke i volontiranje<\/h3>\n\n\n\n<p>Dr\u017eava treba poticati i financijski podupirati lokalne servise, volonterske programe, suradnju s Crvenim kri\u017eem, Caritasom i udrugama. Na razini op\u0107ina i \u017eupanija mogu\u0107e je brzo uvesti modele pomo\u0107i koji rje\u0161avaju prakti\u010dne probleme poput prijevoza, nabavke lijekova ili povremenog boravka u dnevnom centru.<\/p>\n\n\n\n<h3 class=\"wp-block-heading\">7. Javni anga\u017eman i medijska kampanja<\/h3>\n\n\n\n<p>Nevidljivost je jedna od najve\u0107ih prepreka. Mediji moraju nastaviti konkretno prikazivati pri\u010de njegovatelja, upozoravati na rizike i zahtijevati promjene. Javna kampanja mo\u017ee mijenjati percepciju: s privatnog &#8220;obiteljskog&#8221; problema na pitanje javnog interesa.<\/p>\n\n\n\n<h3 class=\"wp-block-heading\">8. Strate\u0161ko planiranje i financijska odr\u017eivost reformi<\/h3>\n\n\n\n<p>Sve reforme trebaju biti dio strate\u0161kog plana koji uklju\u010duje ministarstva zdravstva i socijalne skrbi, HZZO, lokalne jedinice i civilni sektor. Reforma mora imati jasne ciljeve, prora\u010dun i rokove &#8211; tek tako mo\u017ee postati odr\u017eiva i mjerljiva.<\/p>\n\n\n\n<p>Za kraj bismo mogli zaklju\u010diti da neformalni njegovatelji nisu neka izolirana i privatna skupina, ve\u0107 javni resurs bez kojeg sustav dugotrajne skrbi ne bi opstao. <\/p>\n\n\n\n<p>Re\u0107i da je &#8216;vrijeme za promjenu&#8217; nije tek prazna fraza. Ako Hrvatska \u017eeli pravedno i odr\u017eivo dru\u0161tvo koje se brine o svojim gra\u0111anima u svim fazama \u017eivota, mora prepoznati, za\u0161tititi i osna\u017eiti one koji se svakodnevno brinu o drugima. To je investicija u zdravlje, u ekonomsku stabilnost i u dostojanstvo; njihovo i na\u0161e.<\/p>\n\n\n\n<p class=\"has-text-align-center has-text-color\" style=\"color:#666666;font-size:0.8rem\">Ovaj prilog je objavljen u sklopu projekta poticanja novinarske izvrsnosti Agencije za elektroni\u010dke medije.<\/p>\n<div id=\"mojev-3471932836\" class=\"mojev-kraj-teksta mojev-entity-placement\" style=\"margin-bottom: 20px;margin-left: auto;margin-right: auto;text-align: center;\"><div class=\"mojev-adlabel\">oglas<\/div><div style=\"height: 250px;\"><script async src=\"https:\/\/pagead2.googlesyndication.com\/pagead\/js\/adsbygoogle.js?client=ca-pub-8106111766207173\"\r\n     crossorigin=\"anonymous\"><\/script>\r\n<!-- Display-1 -->\r\n<ins class=\"adsbygoogle\"\r\n     style=\"display:block\"\r\n     data-ad-client=\"ca-pub-8106111766207173\"\r\n     data-ad-slot=\"1465712950\"\r\n     data-ad-format=\"auto\"\r\n     data-full-width-responsive=\"true\"><\/ins>\r\n<script>\r\n     (adsbygoogle = window.adsbygoogle || []).push({});\r\n<\/script><\/div><\/div>","protected":false},"excerpt":{"rendered":"<p>Umjesto podr\u0161ke, suo\u010davaju se s iscrpljeno\u0161\u0107u, financijskim gubicima i osje\u0107ajem da su prepu\u0161teni sami sebi. Stru\u010dnjaci upozoravaju da bez jasnih zakonskih rje\u0161enja, edukacije i prava na predah, cijeli sustav dugotrajne neformalne skrbi riskira kolaps.<\/p>\n","protected":false},"author":4,"featured_media":143267,"comment_status":"closed","ping_status":"closed","sticky":false,"template":"","format":"standard","meta":{"footnotes":""},"categories":[9],"tags":[3292],"class_list":["post-143215","post","type-post","status-publish","format-standard","has-post-thumbnail","hentry","category-vijesti","tag-neformalni-njegovatelji"],"_links":{"self":[{"href":"https:\/\/www.mojevrijeme.hr\/magazin\/wp-json\/wp\/v2\/posts\/143215","targetHints":{"allow":["GET"]}}],"collection":[{"href":"https:\/\/www.mojevrijeme.hr\/magazin\/wp-json\/wp\/v2\/posts"}],"about":[{"href":"https:\/\/www.mojevrijeme.hr\/magazin\/wp-json\/wp\/v2\/types\/post"}],"author":[{"embeddable":true,"href":"https:\/\/www.mojevrijeme.hr\/magazin\/wp-json\/wp\/v2\/users\/4"}],"replies":[{"embeddable":true,"href":"https:\/\/www.mojevrijeme.hr\/magazin\/wp-json\/wp\/v2\/comments?post=143215"}],"version-history":[{"count":13,"href":"https:\/\/www.mojevrijeme.hr\/magazin\/wp-json\/wp\/v2\/posts\/143215\/revisions"}],"predecessor-version":[{"id":143271,"href":"https:\/\/www.mojevrijeme.hr\/magazin\/wp-json\/wp\/v2\/posts\/143215\/revisions\/143271"}],"wp:featuredmedia":[{"embeddable":true,"href":"https:\/\/www.mojevrijeme.hr\/magazin\/wp-json\/wp\/v2\/media\/143267"}],"wp:attachment":[{"href":"https:\/\/www.mojevrijeme.hr\/magazin\/wp-json\/wp\/v2\/media?parent=143215"}],"wp:term":[{"taxonomy":"category","embeddable":true,"href":"https:\/\/www.mojevrijeme.hr\/magazin\/wp-json\/wp\/v2\/categories?post=143215"},{"taxonomy":"post_tag","embeddable":true,"href":"https:\/\/www.mojevrijeme.hr\/magazin\/wp-json\/wp\/v2\/tags?post=143215"}],"curies":[{"name":"wp","href":"https:\/\/api.w.org\/{rel}","templated":true}]}}