{"id":143274,"date":"2025-10-22T10:37:39","date_gmt":"2025-10-22T08:37:39","guid":{"rendered":"https:\/\/www.mojevrijeme.hr\/magazin\/?p=143274"},"modified":"2025-10-22T10:39:37","modified_gmt":"2025-10-22T08:39:37","slug":"plenkovic-bez-rasta-mirovina-i-placa-ne-mozemo-uhvatiti-korak-s-najrazvijenijima","status":"publish","type":"post","link":"https:\/\/www.mojevrijeme.hr\/magazin\/2025\/10\/plenkovic-bez-rasta-mirovina-i-placa-ne-mozemo-uhvatiti-korak-s-najrazvijenijima\/","title":{"rendered":"Plenkovi\u0107: Bez rasta mirovina, ne mo\u017eemo uhvatiti korak s najrazvijenijima"},"content":{"rendered":"\n<p>Vlada ne\u0107e odgoditi podizanje minimalne pla\u0107e za 2026. godinu,\u00a0a \u0161to tra\u017ei Hrvatska udruga poslodavaca. Kazao je to premijer Andrej Plenkovi\u0107 (HDZ), istaknuv\u0161i da su dobiti\u00a0kompanija narasle dvostruko u odnosu na 2016. godine, posebice u sektorima gdje ljudi svaki dan kupuju.<\/p>\n\n\n\n<p>Plenkovi\u0107 ka\u017ee da je va\u017eno svim gospodarskim akterima poslati poruku da formiraju razumne cijene jer, upozorio je, imamo trend da inflacija nije zbog vanjskih faktora. &#8220;To je doma\u0107i, hrvatski proizvod. Inflacija na\u017ealost poga\u0111a one koji imaju najmanja primanja&#8221;, rekao je.<\/p>\n\n\n\n<p>Pritom se, dodao je, onima koji to \u010dine omogu\u0107ava br\u017ea i ve\u0107a dobit u kra\u0107em roku dok oni koji imaju najmanje to osje\u0107aju najvi\u0161e. Tada se i odgovornost tra\u017ei na Vladi, a koja je stvorila pretpostavke gospodarskog rasta, visoke zaposlenosti, velike socijalne osjetljivosti.<\/p><div id=\"mojev-3791961702\" class=\"mojev-u-tekstu mojev-entity-placement\" style=\"margin-left: auto;margin-right: auto;text-align: center;\"><div class=\"mojev-adlabel\">oglas<\/div><div style=\"height: 250px;\"><script async src=\"https:\/\/pagead2.googlesyndication.com\/pagead\/js\/adsbygoogle.js?client=ca-pub-8106111766207173\"\r\n     crossorigin=\"anonymous\"><\/script>\r\n<!-- Prikazni 1 u tekstu -->\r\n<ins class=\"adsbygoogle\"\r\n     style=\"display:block\"\r\n     data-ad-client=\"ca-pub-8106111766207173\"\r\n     data-ad-slot=\"8535551207\"\r\n     data-ad-format=\"auto\"\r\n     data-full-width-responsive=\"true\"><\/ins>\r\n<script>\r\n     (adsbygoogle = window.adsbygoogle || []).push({});\r\n<\/script><\/div><\/div><br style=\"clear: both; display: block; float: none;\"\/>\n\n\n\n<p>Plenkovi\u0107 stoga misli da taj dio odgovornosti trebaju preuzeti i oni koji tu inflaciju generiraju. &#8220;Netko je tu zaradio, a nije dobro da se to doga\u0111a na u\u0161trb onih koji imaju najmanje&#8221;, naglasio je.<\/p>\n\n\n\n<p>Smatra i da se doga\u0111a inflacija koja je umjetno generirana i nepotrebna. Poru\u010dio je i da ne\u0107emo mo\u0107i uhvatiti korak sa najrazvijenijima ako pla\u0107e i mirovine ne\u0107e i i\u0107i gore te biti ve\u0107a zaposlenost i manja nezaposlenost.<\/p>\n<div id=\"mojev-2682020104\" class=\"mojev-kraj-teksta mojev-entity-placement\" style=\"margin-bottom: 20px;margin-left: auto;margin-right: auto;text-align: center;\"><div class=\"mojev-adlabel\">oglas<\/div><div style=\"height: 250px;\"><script async src=\"https:\/\/pagead2.googlesyndication.com\/pagead\/js\/adsbygoogle.js?client=ca-pub-8106111766207173\"\r\n     crossorigin=\"anonymous\"><\/script>\r\n<!-- Display-1 -->\r\n<ins class=\"adsbygoogle\"\r\n     style=\"display:block\"\r\n     data-ad-client=\"ca-pub-8106111766207173\"\r\n     data-ad-slot=\"1465712950\"\r\n     data-ad-format=\"auto\"\r\n     data-full-width-responsive=\"true\"><\/ins>\r\n<script>\r\n     (adsbygoogle = window.adsbygoogle || []).push({});\r\n<\/script><\/div><\/div>","protected":false},"excerpt":{"rendered":"<p>Inflacija nije uvezena, nego doma\u0107a, ka\u017ee Andrej Plenkovi\u0107 (HDZ) uz napomenu da tako proizvedena inflacija poga\u0111a one s najmanjim primanjima.<\/p>\n","protected":false},"author":1,"featured_media":143275,"comment_status":"closed","ping_status":"closed","sticky":false,"template":"","format":"standard","meta":{"footnotes":""},"categories":[9],"tags":[888,3232,3990,77],"class_list":["post-143274","post","type-post","status-publish","format-standard","has-post-thumbnail","hentry","category-vijesti","tag-andrej-plenkovic","tag-inflacija","tag-poslodavci","tag-umirovljenici"],"_links":{"self":[{"href":"https:\/\/www.mojevrijeme.hr\/magazin\/wp-json\/wp\/v2\/posts\/143274","targetHints":{"allow":["GET"]}}],"collection":[{"href":"https:\/\/www.mojevrijeme.hr\/magazin\/wp-json\/wp\/v2\/posts"}],"about":[{"href":"https:\/\/www.mojevrijeme.hr\/magazin\/wp-json\/wp\/v2\/types\/post"}],"author":[{"embeddable":true,"href":"https:\/\/www.mojevrijeme.hr\/magazin\/wp-json\/wp\/v2\/users\/1"}],"replies":[{"embeddable":true,"href":"https:\/\/www.mojevrijeme.hr\/magazin\/wp-json\/wp\/v2\/comments?post=143274"}],"version-history":[{"count":4,"href":"https:\/\/www.mojevrijeme.hr\/magazin\/wp-json\/wp\/v2\/posts\/143274\/revisions"}],"predecessor-version":[{"id":143280,"href":"https:\/\/www.mojevrijeme.hr\/magazin\/wp-json\/wp\/v2\/posts\/143274\/revisions\/143280"}],"wp:featuredmedia":[{"embeddable":true,"href":"https:\/\/www.mojevrijeme.hr\/magazin\/wp-json\/wp\/v2\/media\/143275"}],"wp:attachment":[{"href":"https:\/\/www.mojevrijeme.hr\/magazin\/wp-json\/wp\/v2\/media?parent=143274"}],"wp:term":[{"taxonomy":"category","embeddable":true,"href":"https:\/\/www.mojevrijeme.hr\/magazin\/wp-json\/wp\/v2\/categories?post=143274"},{"taxonomy":"post_tag","embeddable":true,"href":"https:\/\/www.mojevrijeme.hr\/magazin\/wp-json\/wp\/v2\/tags?post=143274"}],"curies":[{"name":"wp","href":"https:\/\/api.w.org\/{rel}","templated":true}]}}