{"id":143473,"date":"2025-10-25T11:45:08","date_gmt":"2025-10-25T09:45:08","guid":{"rendered":"https:\/\/www.mojevrijeme.hr\/magazin\/?p=143473"},"modified":"2025-10-25T11:57:58","modified_gmt":"2025-10-25T09:57:58","slug":"spika-umirovljenike-usporedio-s-ovcama-zasto-ne-glasate-za-mene","status":"publish","type":"post","link":"https:\/\/www.mojevrijeme.hr\/magazin\/2025\/10\/spika-umirovljenike-usporedio-s-ovcama-zasto-ne-glasate-za-mene\/","title":{"rendered":"\u0160pika umirovljenike usporedio s ovcama: Za\u0161to ne glasate za mene?"},"content":{"rendered":"\n<p>Predsjednik Bloka umirovljenika zajedno (BUZ) Milivoj \u0160pika objavio je o\u0161tro sro\u010denu poruku upu\u0107enu upravo onima za koje se, kako tvrdi, zala\u017ee ve\u0107 godinama: hrvatskim umirovljenicima. Objavu je popratio <a href=\"https:\/\/archive.ph\/jNqK7\" target=\"_blank\" rel=\"noreferrer noopener\">crte\u017eom <\/a>koji prikazuje kako se rezignirani i naizgled buntovni umirovljenici pretvaraju u ovce kad im se poka\u017ee udica na dugom \u0161tapu s nov\u010danicom od sto eura.<\/p>\n\n\n\n<p>&#8220;Od 1,2 milijuna starijih osoba, pola doslovno pre\u017eivljava s mirovinama ispod razine dostojanstva. Ipak, ta ogromna skupina, tre\u0107ina bira\u010dkog tijela, uporno podr\u017eava iste one koji su ih osiroma\u0161ili. Pitamo se u BUZ-u: kako je mogu\u0107e da 95 posto umirovljenika jo\u0161 uvijek vjeruje istim licima i istim la\u017enim obe\u0107anjima o boljem sutra, dok danas jedva pre\u017eivljavaju?&#8221; pita predsjednik neparlamentarne umirovljeni\u010dke stranke.<\/p>\n\n\n\n<p>Dodaje kako mu je te\u0161ko razumjeti za\u0161to umirovljenici svoj glas ne daju onima koji se, poput BUZ-a, stvarno bore za njihove interese. &#8220;Zar je tako te\u0161ko uvidjeti da je BUZ umirovljeni\u010dka stranka koja se nikome ne prodaje, koja sa nijednom vlasti nikada nije dijelila funkcije ili sinekure, ve\u0107 kao dokazano iskreni borci za umirovljeni\u010dka prava dijelimo sudbinu ve\u0107ine umirovljenika? Izgleda da je politi\u010dki mazohizam postao ja\u010di od instinkta za pre\u017eivljavanje&#8221;, poru\u010duje.<\/p><div id=\"mojev-892292534\" class=\"mojev-u-tekstu mojev-entity-placement\" style=\"margin-left: auto;margin-right: auto;text-align: center;\"><div class=\"mojev-adlabel\">oglas<\/div><div style=\"height: 250px;\"><script async src=\"https:\/\/pagead2.googlesyndication.com\/pagead\/js\/adsbygoogle.js?client=ca-pub-8106111766207173\"\r\n     crossorigin=\"anonymous\"><\/script>\r\n<!-- Prikazni 1 u tekstu -->\r\n<ins class=\"adsbygoogle\"\r\n     style=\"display:block\"\r\n     data-ad-client=\"ca-pub-8106111766207173\"\r\n     data-ad-slot=\"8535551207\"\r\n     data-ad-format=\"auto\"\r\n     data-full-width-responsive=\"true\"><\/ins>\r\n<script>\r\n     (adsbygoogle = window.adsbygoogle || []).push({});\r\n<\/script><\/div><\/div><br style=\"clear: both; display: block; float: none;\"\/>\n\n\n\n<p>\u0160pika dio odgovornosti pripisuje i umirovljeni\u010dkim strankama i udrugama koje, prema njegovu mi\u0161ljenju, vi\u0161e zastupaju interese vlasti nego samih umirovljenika.<\/p>\n\n\n\n<p>Zaklju\u010duje da siroma\u0161tvo umirovljenika nije posljedica nedostatka novca, nego politi\u010dke volje. &#8220;Dr\u017eava koja ima za strana\u010dke uhljebe i besmislene agencije mora imati i za dostojanstvene mirovine. Ali to ne\u0107e u\u010diniti dok umirovljenici \u0161utnjom ili glasom daju mandat onima koji ih poni\u017eavaju. U BUZ-u ne \u0161utimo. Borimo se, i to za sve umirovljenike, pa i za one koji vjeruju da promjene nisu mogu\u0107e&#8221;, poru\u010dio je \u0160pika.<\/p>\n\n\n\n<p>\u0160to mislite, je li rije\u010d o realnoj analizi stanja ili o grubom vrije\u0111anju bira\u010da?<\/p>\n\n\n\n<div id=\"crveno\"><\/p>\n\n\n\n<h3 class=\"wp-block-heading\">Zanima nas va\u0161a pri\u010da<\/h3>\n\n\n\n<p>\u017delite li i vi, posve anonimno, podijeliti svoje iskustvo i vi\u0111enje ove teme s nama i na\u0161im \u010ditateljima, mo\u017eete to u\u010diniti putem web obrasca <a rel=\"noreferrer noopener\" href=\"https:\/\/www.mojevrijeme.hr\/magazin\/povjerljivo\/\" target=\"_blank\">Povjerljivo<\/a>. Napi\u0161ite svoju pri\u010du!<\/p>\n\n\n\n<p><\/div>\n<div id=\"mojev-500570640\" class=\"mojev-kraj-teksta mojev-entity-placement\" style=\"margin-bottom: 20px;margin-left: auto;margin-right: auto;text-align: center;\"><div class=\"mojev-adlabel\">oglas<\/div><div style=\"height: 250px;\"><script async src=\"https:\/\/pagead2.googlesyndication.com\/pagead\/js\/adsbygoogle.js?client=ca-pub-8106111766207173\"\r\n     crossorigin=\"anonymous\"><\/script>\r\n<!-- Display-1 -->\r\n<ins class=\"adsbygoogle\"\r\n     style=\"display:block\"\r\n     data-ad-client=\"ca-pub-8106111766207173\"\r\n     data-ad-slot=\"1465712950\"\r\n     data-ad-format=\"auto\"\r\n     data-full-width-responsive=\"true\"><\/ins>\r\n<script>\r\n     (adsbygoogle = window.adsbygoogle || []).push({});\r\n<\/script><\/div><\/div>","protected":false},"excerpt":{"rendered":"<p>Svoju poruku ilustrirao je crte\u017eom na kojem se bijesni stariji ljudi pretvaraju u ovce \u010dim im se poka\u017ee udica s nov\u010danicom od sto eura, uz pitanje: Za\u0161to ne glasate za nas?<\/p>\n","protected":false},"author":1,"featured_media":143475,"comment_status":"closed","ping_status":"closed","sticky":false,"template":"","format":"standard","meta":{"footnotes":""},"categories":[9],"tags":[223,854,77],"class_list":["post-143473","post","type-post","status-publish","format-standard","has-post-thumbnail","hentry","category-vijesti","tag-izbori","tag-milivoj-spika","tag-umirovljenici"],"_links":{"self":[{"href":"https:\/\/www.mojevrijeme.hr\/magazin\/wp-json\/wp\/v2\/posts\/143473","targetHints":{"allow":["GET"]}}],"collection":[{"href":"https:\/\/www.mojevrijeme.hr\/magazin\/wp-json\/wp\/v2\/posts"}],"about":[{"href":"https:\/\/www.mojevrijeme.hr\/magazin\/wp-json\/wp\/v2\/types\/post"}],"author":[{"embeddable":true,"href":"https:\/\/www.mojevrijeme.hr\/magazin\/wp-json\/wp\/v2\/users\/1"}],"replies":[{"embeddable":true,"href":"https:\/\/www.mojevrijeme.hr\/magazin\/wp-json\/wp\/v2\/comments?post=143473"}],"version-history":[{"count":4,"href":"https:\/\/www.mojevrijeme.hr\/magazin\/wp-json\/wp\/v2\/posts\/143473\/revisions"}],"predecessor-version":[{"id":143478,"href":"https:\/\/www.mojevrijeme.hr\/magazin\/wp-json\/wp\/v2\/posts\/143473\/revisions\/143478"}],"wp:featuredmedia":[{"embeddable":true,"href":"https:\/\/www.mojevrijeme.hr\/magazin\/wp-json\/wp\/v2\/media\/143475"}],"wp:attachment":[{"href":"https:\/\/www.mojevrijeme.hr\/magazin\/wp-json\/wp\/v2\/media?parent=143473"}],"wp:term":[{"taxonomy":"category","embeddable":true,"href":"https:\/\/www.mojevrijeme.hr\/magazin\/wp-json\/wp\/v2\/categories?post=143473"},{"taxonomy":"post_tag","embeddable":true,"href":"https:\/\/www.mojevrijeme.hr\/magazin\/wp-json\/wp\/v2\/tags?post=143473"}],"curies":[{"name":"wp","href":"https:\/\/api.w.org\/{rel}","templated":true}]}}