{"id":143486,"date":"2025-10-25T14:16:39","date_gmt":"2025-10-25T12:16:39","guid":{"rendered":"https:\/\/www.mojevrijeme.hr\/magazin\/?p=143486"},"modified":"2025-10-25T14:16:40","modified_gmt":"2025-10-25T12:16:40","slug":"fatalni-doktor-udo-proslavio-je-71-rodendan-hrvatice-i-danas-uzdisu-za-njim","status":"publish","type":"post","link":"https:\/\/www.mojevrijeme.hr\/magazin\/2025\/10\/fatalni-doktor-udo-proslavio-je-71-rodendan-hrvatice-i-danas-uzdisu-za-njim\/","title":{"rendered":"Fatalni doktor Udo proslavio je 71. ro\u0111endan, Hrvatice i danas uzdi\u0161u za njim"},"content":{"rendered":"\n<p>Krajem osamdesetih Jugoslavija je imala svoje grje\u0161no zadovoljstvo. U sklopu no\u0107nog programa emitirana je &#8220;Klinika Schwarzwald&#8221;. Popularna njema\u010dka serija, koja je u originalu nosila naziv <em>Die Schwarzwaldklinik<\/em>, postala je toliko obo\u017eavana da su gledatelji najprije pratili no\u0107nu premijeru, a zatim bi ponovno sjedali pred ekran i gledali popodnevnu reprizu.<\/p>\n\n\n\n<p>Glavni razlog? Doktor <strong>Udo Brinkmann<\/strong>, zgodni, pomalo drski sin uglednog profesora Klausa Brinkmanna. Taj lik mladog, impulzivnog i neodoljivog kirurga Uda utjelovio je<strong> Sascha Hehn<\/strong>, tada\u0161nji simbol zdrave mu\u0161kosti i \u0161arma. <\/p>\n\n\n\n<figure class=\"wp-block-image size-large\"><img loading=\"lazy\" decoding=\"async\" width=\"740\" height=\"444\" src=\"https:\/\/www.mojevrijeme.hr\/magazin\/wp-content\/uploads\/2025\/10\/udo3-740x444.jpg\" alt=\"\" class=\"wp-image-143487\" srcset=\"https:\/\/www.mojevrijeme.hr\/magazin\/wp-content\/uploads\/2025\/10\/udo3-740x444.jpg 740w, https:\/\/www.mojevrijeme.hr\/magazin\/wp-content\/uploads\/2025\/10\/udo3-636x382.jpg 636w, https:\/\/www.mojevrijeme.hr\/magazin\/wp-content\/uploads\/2025\/10\/udo3-768x461.jpg 768w, https:\/\/www.mojevrijeme.hr\/magazin\/wp-content\/uploads\/2025\/10\/udo3-1536x922.jpg 1536w, https:\/\/www.mojevrijeme.hr\/magazin\/wp-content\/uploads\/2025\/10\/udo3-1500x900.jpg 1500w, https:\/\/www.mojevrijeme.hr\/magazin\/wp-content\/uploads\/2025\/10\/udo3-1600x960.jpg 1600w, https:\/\/www.mojevrijeme.hr\/magazin\/wp-content\/uploads\/2025\/10\/udo3-590x354.jpg 590w, https:\/\/www.mojevrijeme.hr\/magazin\/wp-content\/uploads\/2025\/10\/udo3-400x240.jpg 400w, https:\/\/www.mojevrijeme.hr\/magazin\/wp-content\/uploads\/2025\/10\/udo3.jpg 2000w\" sizes=\"auto, (max-width: 740px) 100vw, 740px\" \/><figcaption class=\"wp-element-caption\">Sascha Hehn kao Udo Brinkmann (scr: ZDF)<\/figcaption><\/figure>\n\n\n\n<p>Udo je bio zlo\u0107ko po prirodi; privla\u010dan, samouvjeren, \u010desto nestrpljiv; ali uvijek s dobrim namjerama. Nasuprot njemu stajao je njegov otac Klaus, oli\u010denje smirenosti, po\u0161tenja i moralne usmjerenosti koji je dr\u017eao sve konce obitelji i klinike u rukama.<\/p><div id=\"mojev-193296650\" class=\"mojev-u-tekstu mojev-entity-placement\" style=\"margin-left: auto;margin-right: auto;text-align: center;\"><div class=\"mojev-adlabel\">oglas<\/div><div style=\"height: 250px;\"><script async src=\"https:\/\/pagead2.googlesyndication.com\/pagead\/js\/adsbygoogle.js?client=ca-pub-8106111766207173\"\r\n     crossorigin=\"anonymous\"><\/script>\r\n<!-- Prikazni 1 u tekstu -->\r\n<ins class=\"adsbygoogle\"\r\n     style=\"display:block\"\r\n     data-ad-client=\"ca-pub-8106111766207173\"\r\n     data-ad-slot=\"8535551207\"\r\n     data-ad-format=\"auto\"\r\n     data-full-width-responsive=\"true\"><\/ins>\r\n<script>\r\n     (adsbygoogle = window.adsbygoogle || []).push({});\r\n<\/script><\/div><\/div><br style=\"clear: both; display: block; float: none;\"\/>\n\n\n\n<p>Bake su zaljubljeno gledale Klausa, djevojke i mlade \u017eene uszdisale su za Udom. Zahvaljuju\u0107i tom kontrastu, nemirnog sina i stalo\u017eenog oca, serija je nudila sve: strast, emociju, melodramu i moralnu lekciju, umotanu u romanti\u010dne kadrove Schwarzwalda.<\/p>\n\n\n\n<p>Sascha Hehn prije samo dva tjedna proslavio je 71. ro\u0111endan. I dalje izgleda odli\u010dno; sijed, ali vitalan, s onim istim pogledom zbog kojeg su se neko\u0107 topila srca gledateljica i gledatelja. Nakon desetlje\u0107a pred kamerama, povukao se iz javnog \u017eivota i \u017eivi mirno u M\u00fcnchenu.<\/p>\n\n\n\n<figure class=\"wp-block-image size-large\"><img loading=\"lazy\" decoding=\"async\" width=\"740\" height=\"444\" src=\"https:\/\/www.mojevrijeme.hr\/magazin\/wp-content\/uploads\/2025\/10\/doktor-udo-brinkmann-740x444.jpg\" alt=\"\" class=\"wp-image-143489\" srcset=\"https:\/\/www.mojevrijeme.hr\/magazin\/wp-content\/uploads\/2025\/10\/doktor-udo-brinkmann-740x444.jpg 740w, https:\/\/www.mojevrijeme.hr\/magazin\/wp-content\/uploads\/2025\/10\/doktor-udo-brinkmann-636x382.jpg 636w, https:\/\/www.mojevrijeme.hr\/magazin\/wp-content\/uploads\/2025\/10\/doktor-udo-brinkmann-768x461.jpg 768w, https:\/\/www.mojevrijeme.hr\/magazin\/wp-content\/uploads\/2025\/10\/doktor-udo-brinkmann-1536x922.jpg 1536w, https:\/\/www.mojevrijeme.hr\/magazin\/wp-content\/uploads\/2025\/10\/doktor-udo-brinkmann-1500x900.jpg 1500w, https:\/\/www.mojevrijeme.hr\/magazin\/wp-content\/uploads\/2025\/10\/doktor-udo-brinkmann-1600x960.jpg 1600w, https:\/\/www.mojevrijeme.hr\/magazin\/wp-content\/uploads\/2025\/10\/doktor-udo-brinkmann-590x354.jpg 590w, https:\/\/www.mojevrijeme.hr\/magazin\/wp-content\/uploads\/2025\/10\/doktor-udo-brinkmann-400x240.jpg 400w, https:\/\/www.mojevrijeme.hr\/magazin\/wp-content\/uploads\/2025\/10\/doktor-udo-brinkmann.jpg 2000w\" sizes=\"auto, (max-width: 740px) 100vw, 740px\" \/><figcaption class=\"wp-element-caption\">Sascha Hehn (scr: Facebook)<\/figcaption><\/figure>\n\n\n\n<p>Iako se povremeno pojavi u emisijama o zlatnim osamdesetima, priznaje da danas vi\u0161e voli prirodu i mir od reflektora. No popularnost mu nije minula pa na dru\u0161tvenim mre\u017eama ima i slu\u017ebene profile za obo\u017eavatelja koji mogu vidjeti kako popularni glumac danas izgleda. <\/p>\n<div id=\"mojev-2796426778\" class=\"mojev-kraj-teksta mojev-entity-placement\" style=\"margin-bottom: 20px;margin-left: auto;margin-right: auto;text-align: center;\"><div class=\"mojev-adlabel\">oglas<\/div><div style=\"height: 250px;\"><script async src=\"https:\/\/pagead2.googlesyndication.com\/pagead\/js\/adsbygoogle.js?client=ca-pub-8106111766207173\"\r\n     crossorigin=\"anonymous\"><\/script>\r\n<!-- Display-1 -->\r\n<ins class=\"adsbygoogle\"\r\n     style=\"display:block\"\r\n     data-ad-client=\"ca-pub-8106111766207173\"\r\n     data-ad-slot=\"1465712950\"\r\n     data-ad-format=\"auto\"\r\n     data-full-width-responsive=\"true\"><\/ins>\r\n<script>\r\n     (adsbygoogle = window.adsbygoogle || []).push({});\r\n<\/script><\/div><\/div>","protected":false},"excerpt":{"rendered":"<p>Klinika Schwarzwald nije bila samo televizijska serija, bila je kulturni fenomen. Spajala je obiteljske vrijednosti, romanti\u010dne zaplete i idili\u010dne pejza\u017ee.<\/p>\n","protected":false},"author":1,"featured_media":143488,"comment_status":"closed","ping_status":"closed","sticky":false,"template":"","format":"standard","meta":{"footnotes":""},"categories":[84],"tags":[4819,328,4820,142],"class_list":["post-143486","post","type-post","status-publish","format-standard","has-post-thumbnail","hentry","category-show","tag-klinika-schwarzwald","tag-retro","tag-sacha-hehn","tag-televizija"],"_links":{"self":[{"href":"https:\/\/www.mojevrijeme.hr\/magazin\/wp-json\/wp\/v2\/posts\/143486","targetHints":{"allow":["GET"]}}],"collection":[{"href":"https:\/\/www.mojevrijeme.hr\/magazin\/wp-json\/wp\/v2\/posts"}],"about":[{"href":"https:\/\/www.mojevrijeme.hr\/magazin\/wp-json\/wp\/v2\/types\/post"}],"author":[{"embeddable":true,"href":"https:\/\/www.mojevrijeme.hr\/magazin\/wp-json\/wp\/v2\/users\/1"}],"replies":[{"embeddable":true,"href":"https:\/\/www.mojevrijeme.hr\/magazin\/wp-json\/wp\/v2\/comments?post=143486"}],"version-history":[{"count":1,"href":"https:\/\/www.mojevrijeme.hr\/magazin\/wp-json\/wp\/v2\/posts\/143486\/revisions"}],"predecessor-version":[{"id":143490,"href":"https:\/\/www.mojevrijeme.hr\/magazin\/wp-json\/wp\/v2\/posts\/143486\/revisions\/143490"}],"wp:featuredmedia":[{"embeddable":true,"href":"https:\/\/www.mojevrijeme.hr\/magazin\/wp-json\/wp\/v2\/media\/143488"}],"wp:attachment":[{"href":"https:\/\/www.mojevrijeme.hr\/magazin\/wp-json\/wp\/v2\/media?parent=143486"}],"wp:term":[{"taxonomy":"category","embeddable":true,"href":"https:\/\/www.mojevrijeme.hr\/magazin\/wp-json\/wp\/v2\/categories?post=143486"},{"taxonomy":"post_tag","embeddable":true,"href":"https:\/\/www.mojevrijeme.hr\/magazin\/wp-json\/wp\/v2\/tags?post=143486"}],"curies":[{"name":"wp","href":"https:\/\/api.w.org\/{rel}","templated":true}]}}