{"id":143511,"date":"2025-10-26T08:07:54","date_gmt":"2025-10-26T07:07:54","guid":{"rendered":"https:\/\/www.mojevrijeme.hr\/magazin\/?p=143511"},"modified":"2025-10-26T08:08:02","modified_gmt":"2025-10-26T07:08:02","slug":"mirovina-prije-70-godine-nije-postena-prema-mladim-radnicima","status":"publish","type":"post","link":"https:\/\/www.mojevrijeme.hr\/magazin\/2025\/10\/mirovina-prije-70-godine-nije-postena-prema-mladim-radnicima\/","title":{"rendered":"&#8216;Mirovina prije 70. godine nije po\u0161tena prema mladim radnicima&#8217;"},"content":{"rendered":"\n<p>Kako o\u010dekivani \u017eivotni vijek raste, a stanovni\u0161tvo stari, dob za odlazak u prvostupnu mirovinu sve je \u010de\u0161\u0107e pod pove\u0107alom.<\/p>\n\n\n\n<p>Europske vlade pose\u017eu za duljim radnim vijekom i beneficijama za one koji se odlu\u010de na njega, jer jednostavno nema dovoljno mladih radnika koji bi mogli nositi veliko umirovljeni\u010dko tijelo na svojim le\u0111ima. Protivnici toga tvrde da je rije\u010d o neutemeljenom zastra\u0161ivanju jer vlada uvijek mo\u017ee stvoriti novac potreban za isplatu mirovina.<\/p>\n\n\n\n<p>No britanska ekonomistica <strong>Frances Copolla<\/strong> upozorava da nitko ne vidi pravi problem, a to je da sve manji broj radnika mora dijeliti zara\u0111eno sa sve ve\u0107im broj umirovljenika. Pri tomu je sasvim izvjesno da su ve\u0107 sada\u0161nji radnici financijski iscrpljeniji nego \u0161to su to bili dana\u0161nji umirovljenici u njihovim godinama.<\/p><div id=\"mojev-3777938218\" class=\"mojev-u-tekstu mojev-entity-placement\" style=\"margin-left: auto;margin-right: auto;text-align: center;\"><div class=\"mojev-adlabel\">oglas<\/div><div style=\"height: 250px;\"><script async src=\"https:\/\/pagead2.googlesyndication.com\/pagead\/js\/adsbygoogle.js?client=ca-pub-8106111766207173\"\r\n     crossorigin=\"anonymous\"><\/script>\r\n<!-- Prikazni 1 u tekstu -->\r\n<ins class=\"adsbygoogle\"\r\n     style=\"display:block\"\r\n     data-ad-client=\"ca-pub-8106111766207173\"\r\n     data-ad-slot=\"8535551207\"\r\n     data-ad-format=\"auto\"\r\n     data-full-width-responsive=\"true\"><\/ins>\r\n<script>\r\n     (adsbygoogle = window.adsbygoogle || []).push({});\r\n<\/script><\/div><\/div><br style=\"clear: both; display: block; float: none;\"\/>\n\n\n\n<p>&#8220;U kona\u010dnici, razlog zbog kojeg se dob za umirovljenje mora pove\u0107ati nema veze s dr\u017eavnim financijama. Rije\u010d je o produktivnom kapacitetu nacije i o na\u010dinu na koji se dijele plodovi tog rada&#8221;, obja\u0161njava Copolla.<\/p>\n\n\n\n<p>U proteklom stolje\u0107u o\u010dekivani \u017eivotni vijek znatno je porastao, a stopa nataliteta pala. Danas vi\u0161e od 40 posto odraslih nije ekonomski aktivno, a golema ve\u0107ina tih ljudi su umirovljenici. Kako raste broj ekonomski neaktivnih, tako se pove\u0107ava i udio proizvodnje koji ide na njihovu potporu, ostavljaju\u0107i sve manje onima koji stvarno rade. To za radno sposobno stanovni\u0161tvo zna\u010di ve\u0107e poreze, slabije naknade i prisilnu \u0161tednju, \u0161to dugoro\u010dno smanjuje i samu produktivnost. &#8220;To je za\u010darani krug&#8221;, ka\u017ee Coppola.<\/p>\n\n\n\n<p>Ako se udio ekonomski neaktivnih u populaciji nastavi pove\u0107avati, usporit \u0107e gospodarski rast, porasti inflacija i smanjiti se blagostanje svih. Dana\u0161nji umirovljenici mo\u017eda su za\u0161ti\u0107eni, ali sutra\u0161nji umirovljenici su upravo dana\u0161nji radnici, a mnogi od njih ve\u0107 su sada materijalno siroma\u0161niji nego \u0161to su dana\u0161nji umirovljenici bili u njihovim godinama. Za djecu i budu\u0107e generacije, upozorava, perspektiva je jo\u0161 sumornija.<\/p>\n\n\n\n<p>&#8220;Radi prosperiteta budu\u0107ih generacija, to se mora promijeniti. Udio proizvodnje koji se dijeli s ekonomski neaktivnima mora pasti. Podizanje dobi za umirovljenje odmah \u0107e smanjiti broj onih koji se smatraju prestarima za rad. Zbog toga bi pove\u0107anje na 68 godina trebalo ubrzati&#8221;, navodi autorica.<\/p>\n\n\n\n<p>Naravno, dodaje, granica mora postojati. &#8220;Ne \u017eelimo dru\u0161tvo u kojem \u0107e slabi stariji ljudi biti prisiljeni birati izme\u0111u rada i smrti.&#8221; No budu\u0107i da ljudi danas u prosjeku \u017eive 15 do 20 godina nakon \u0161to dosegnu sada\u0161nju mirovinsku dob, Coppola smatra da prostora za pove\u0107anje ima, barem do 70 godina.<\/p>\n\n\n\n<p>Istodobno predla\u017ee ja\u010danje socijalnih davanja i ve\u0107u dostupnost pomo\u0107i starijim radnicima, kako bi se smanjila golema razlika izme\u0111u naknada za radno sposobne i dr\u017eavne mirovine te osiguralo da oni koji doista ne mogu raditi ni ne moraju.<\/p>\n<div id=\"mojev-1493152540\" class=\"mojev-kraj-teksta mojev-entity-placement\" style=\"margin-bottom: 20px;margin-left: auto;margin-right: auto;text-align: center;\"><div class=\"mojev-adlabel\">oglas<\/div><div style=\"height: 250px;\"><script async src=\"https:\/\/pagead2.googlesyndication.com\/pagead\/js\/adsbygoogle.js?client=ca-pub-8106111766207173\"\r\n     crossorigin=\"anonymous\"><\/script>\r\n<!-- Display-1 -->\r\n<ins class=\"adsbygoogle\"\r\n     style=\"display:block\"\r\n     data-ad-client=\"ca-pub-8106111766207173\"\r\n     data-ad-slot=\"1465712950\"\r\n     data-ad-format=\"auto\"\r\n     data-full-width-responsive=\"true\"><\/ins>\r\n<script>\r\n     (adsbygoogle = window.adsbygoogle || []).push({});\r\n<\/script><\/div><\/div>","protected":false},"excerpt":{"rendered":"<p>Dana\u0161nji radnici financiraju mirovine svojih roditelja i baka, ali sami tu privilegiju vjerojatno ne\u0107e imati. Broj umirovljenika raste, a radnika je sve manje, upozorava ekonomistica.<\/p>\n","protected":false},"author":1,"featured_media":101983,"comment_status":"closed","ping_status":"closed","sticky":false,"template":"","format":"standard","meta":{"footnotes":""},"categories":[9],"tags":[205,18],"class_list":["post-143511","post","type-post","status-publish","format-standard","has-post-thumbnail","hentry","category-vijesti","tag-demografija","tag-mirovine"],"_links":{"self":[{"href":"https:\/\/www.mojevrijeme.hr\/magazin\/wp-json\/wp\/v2\/posts\/143511","targetHints":{"allow":["GET"]}}],"collection":[{"href":"https:\/\/www.mojevrijeme.hr\/magazin\/wp-json\/wp\/v2\/posts"}],"about":[{"href":"https:\/\/www.mojevrijeme.hr\/magazin\/wp-json\/wp\/v2\/types\/post"}],"author":[{"embeddable":true,"href":"https:\/\/www.mojevrijeme.hr\/magazin\/wp-json\/wp\/v2\/users\/1"}],"replies":[{"embeddable":true,"href":"https:\/\/www.mojevrijeme.hr\/magazin\/wp-json\/wp\/v2\/comments?post=143511"}],"version-history":[{"count":3,"href":"https:\/\/www.mojevrijeme.hr\/magazin\/wp-json\/wp\/v2\/posts\/143511\/revisions"}],"predecessor-version":[{"id":143514,"href":"https:\/\/www.mojevrijeme.hr\/magazin\/wp-json\/wp\/v2\/posts\/143511\/revisions\/143514"}],"wp:featuredmedia":[{"embeddable":true,"href":"https:\/\/www.mojevrijeme.hr\/magazin\/wp-json\/wp\/v2\/media\/101983"}],"wp:attachment":[{"href":"https:\/\/www.mojevrijeme.hr\/magazin\/wp-json\/wp\/v2\/media?parent=143511"}],"wp:term":[{"taxonomy":"category","embeddable":true,"href":"https:\/\/www.mojevrijeme.hr\/magazin\/wp-json\/wp\/v2\/categories?post=143511"},{"taxonomy":"post_tag","embeddable":true,"href":"https:\/\/www.mojevrijeme.hr\/magazin\/wp-json\/wp\/v2\/tags?post=143511"}],"curies":[{"name":"wp","href":"https:\/\/api.w.org\/{rel}","templated":true}]}}