{"id":14411,"date":"2018-04-12T10:37:22","date_gmt":"2018-04-12T08:37:22","guid":{"rendered":"https:\/\/www.mojevrijeme.hr\/magazin\/?p=14411"},"modified":"2022-05-03T14:48:50","modified_gmt":"2022-05-03T12:48:50","slug":"pokazite-srednji-prst-ageizmu","status":"publish","type":"post","link":"https:\/\/www.mojevrijeme.hr\/magazin\/2018\/04\/pokazite-srednji-prst-ageizmu\/","title":{"rendered":"Poka\u017eite ageizmu srednji prst"},"content":{"rendered":"<p><strong>Ageizam<\/strong> [ejd\u017eizam; od eng. rije\u010di <em>age<\/em>, \u017eivotna dob, starost] ozna\u010dava diskriminaciju osoba na temelju njihove dob. Ageizam odre\u0111enoj dobnoj skupini, naj\u010de\u0161\u0107e starijim ljudima, ne priznaje prava ili im ih ograni\u010dava.<\/p>\n<p>Ageizam je uokviren predrasudama: da su stariji ljudi me\u0111usobno sli\u010dni, da su senilni, konzervativni, neefikasni i sebi\u010dni. Ukratko, da se bitno razlikuju od mladih, i to na lo\u0161 na\u010din pa im nije dopu\u0161teno sve ono \u0161to je dopu\u0161teno mla\u0111im ljudima.&nbsp;No stariji ljudi se izme\u0111u sebe razlikuju vi\u0161e nego mladi ljudi i nije ih mogu\u0107e svesti pod isti nazivnik, jer njihovi \u017eivotni prioriteti ne obuhva\u0107aju pripadanje grupi i svoj su identitet izgradili kroz privatni i profesionalni \u017eivot.<\/p>\n<h3>Internalizirani ageizam<\/h3>\n<p>Ageizam je vrlo sli\u010dan <strong>rasizmu<\/strong> i <strong>seksizmu<\/strong>;&nbsp; uzrokuju ga predrasude, frustracije i strahovi. Posljedica su i sve ve\u0107e segregacije starijih ljudi. Najtu\u017enija posljedica ageizma jest <strong>internalizirani ageizam<\/strong> \u2013 ono kad ste i sami u ozbiljnim godinama, a pri tome prihva\u0107ate i \u0161irite sve predrasude koje dru\u0161tvo ima prema va\u0161oj dobnoj skupini. To je stanje u kojem starije osobe na temelju dobi diskriminiraju druge starije osobe; bilo da tvrde da starijima nije dopu\u0161teno ono \u0161to je dopu\u0161teno mladima, bilo da se na sve mogu\u0107e na\u010dine opiru tome da ih se svrsta u njihovu dobnu skupinu.<\/p><div id=\"mojev-1517251319\" class=\"mojev-u-tekstu mojev-entity-placement\" style=\"margin-left: auto;margin-right: auto;text-align: center;\"><div class=\"mojev-adlabel\">oglas<\/div><div style=\"height: 250px;\"><script async src=\"https:\/\/pagead2.googlesyndication.com\/pagead\/js\/adsbygoogle.js?client=ca-pub-8106111766207173\"\r\n     crossorigin=\"anonymous\"><\/script>\r\n<!-- Prikazni 1 u tekstu -->\r\n<ins class=\"adsbygoogle\"\r\n     style=\"display:block\"\r\n     data-ad-client=\"ca-pub-8106111766207173\"\r\n     data-ad-slot=\"8535551207\"\r\n     data-ad-format=\"auto\"\r\n     data-full-width-responsive=\"true\"><\/ins>\r\n<script>\r\n     (adsbygoogle = window.adsbygoogle || []).push({});\r\n<\/script><\/div><\/div><br style=\"clear: both; display: block; float: none;\"\/>\n<p>Dakle, internalizirani ageizam jest kada starija osoba tvrdi da se njeni vr\u0161njaci ne bi smjeli pokazivati tijelo, jer je to \u201erezervirano za mlade\u201c. Tako\u0111er je internalizirani ageizam kada starija osoba pani\u010dno krije svoje godine ili se podvrgava ekstremnim tretmanima kako bi izgledala mla\u0111e.<\/p>\n<p>Brojna istra\u017eivanja su pokazala da internalizirani ageizam negativno utje\u010de na zdravlje pojedinca; uzrokuje kra\u0107i \u017eivotni vijek, vi\u0161i krvni tlak, naru\u0161eno samopouzdanje i ni\u017eu motiviranost za pove\u0107anje kvalitete \u017eivljenja. <em>(Coudin &amp; Alexopoulos, 2010; Cruikshank, 2003; Levy, Hausdorff, Hencke, &amp; Wei, 2000; Levy, Slade, Kunkel, &amp; Kasl, 2002)<\/em>.<\/p>\n<h3>Kako ageizam izgleda u svakodnevici?<\/h3>\n<p>Kada popularni pjeva\u010d u sedamdesetim godinama objavi goli\u0161avu, ali pristojnu fotografiju, ageisti\u010dke i zlobne reakcije se kre\u0107u od \u201estara konjina misli da je mlad\u201c do \u201esram ga bilo, jednom nogom je u grobu\u201c. Internalizirani ageizam je kada to pi\u0161u ili govore njegovi vr\u0161njaci.<\/p>\n<div id=\"attachment_14258\" style=\"width: 646px\" class=\"wp-caption aligncenter\"><a href=\"https:\/\/www.mojevrijeme.hr\/magazin\/2018\/04\/slavljenje-ljubavi-bebek-i-supruga-opet-objavili-golisave-fotke\/\" target=\"_blank\" rel=\"noopener noreferrer\"><img loading=\"lazy\" decoding=\"async\" aria-describedby=\"caption-attachment-14258\" class=\"size-medium wp-image-14258\" src=\"https:\/\/www.mojevrijeme.hr\/magazin\/wp-content\/uploads\/2018\/04\/zeljko-bebek-gol-636x352.jpg\" alt=\"\" width=\"636\" height=\"352\" srcset=\"https:\/\/www.mojevrijeme.hr\/magazin\/wp-content\/uploads\/2018\/04\/zeljko-bebek-gol-636x352.jpg 636w, https:\/\/www.mojevrijeme.hr\/magazin\/wp-content\/uploads\/2018\/04\/zeljko-bebek-gol-150x83.jpg 150w, https:\/\/www.mojevrijeme.hr\/magazin\/wp-content\/uploads\/2018\/04\/zeljko-bebek-gol.jpg 740w\" sizes=\"auto, (max-width: 636px) 100vw, 636px\" \/><\/a><p id=\"caption-attachment-14258\" class=\"wp-caption-text\">foto: Zeljko Bebek\/Facebook<\/p><\/div>\n<p>Kada saborski zastupnik tvrdi da svi stariji od 65 godina &#8220;nemaju razvijeno kriti\u010dko mi\u0161ljenje jer su izmanipulirani i isprogramirani od strane medija&#8221; te da je te da ne\u0161to nije u redu kad &#8220;umirovljenik od 90 godina koji je jednom nogom u grobu ima pravo glasa&#8221;, to je ageizam. Internalizirani ageizam jest kada starija osoba ka\u017ee da je saborski zastupnik u pravu.<\/p>\n<div id=\"attachment_9221\" style=\"width: 646px\" class=\"wp-caption aligncenter\"><a href=\"https:\/\/www.mojevrijeme.hr\/magazin\/2017\/03\/pernar-izvrijedao-umirovljenike-hsu-trazi-ispriku\/\" target=\"_blank\" rel=\"noopener noreferrer\"><img loading=\"lazy\" decoding=\"async\" aria-describedby=\"caption-attachment-9221\" class=\"wp-image-9221 size-medium\" src=\"https:\/\/www.mojevrijeme.hr\/magazin\/wp-content\/uploads\/2017\/03\/ivan-pernar-636x352.jpg\" alt=\"ivan pernar dijagnoza\" width=\"636\" height=\"352\" srcset=\"https:\/\/www.mojevrijeme.hr\/magazin\/wp-content\/uploads\/2017\/03\/ivan-pernar-636x352.jpg 636w, https:\/\/www.mojevrijeme.hr\/magazin\/wp-content\/uploads\/2017\/03\/ivan-pernar-150x83.jpg 150w, https:\/\/www.mojevrijeme.hr\/magazin\/wp-content\/uploads\/2017\/03\/ivan-pernar.jpg 740w\" sizes=\"auto, (max-width: 636px) 100vw, 636px\" \/><\/a><p id=\"caption-attachment-9221\" class=\"wp-caption-text\">Ivan Pernar (screenshot: N1)<\/p><\/div>\n<p>Ageizam jest i kada televizijska ku\u0107a iz filma izbaci sve scene u kojima starije osobe vode ljubav, a pri tome joj ne smetaju scene u kojima mladi \u010dine to isto. Internalizirani ageizam je kada starije osobe to komentiraju s rije\u010dima: \u201eObjektivno gledaju\u0107i, nije lijepo na televiziji gledati stare i debele. \u010cisto estetike radi.\u201c<\/p>\n<div id=\"attachment_14387\" style=\"width: 646px\" class=\"wp-caption aligncenter\"><a href=\"https:\/\/www.mojevrijeme.hr\/magazin\/2018\/04\/slovackatelevizija-izbacuje-scene-seksa-starijih-osoba-mladi-mogu-proci\/\" target=\"_blank\" rel=\"noopener noreferrer\"><img loading=\"lazy\" decoding=\"async\" aria-describedby=\"caption-attachment-14387\" class=\"size-medium wp-image-14387\" src=\"https:\/\/www.mojevrijeme.hr\/magazin\/wp-content\/uploads\/2018\/04\/baba-iz-leda-636x352.jpg\" alt=\"\" width=\"636\" height=\"352\" srcset=\"https:\/\/www.mojevrijeme.hr\/magazin\/wp-content\/uploads\/2018\/04\/baba-iz-leda-636x352.jpg 636w, https:\/\/www.mojevrijeme.hr\/magazin\/wp-content\/uploads\/2018\/04\/baba-iz-leda-150x83.jpg 150w, https:\/\/www.mojevrijeme.hr\/magazin\/wp-content\/uploads\/2018\/04\/baba-iz-leda.jpg 740w\" sizes=\"auto, (max-width: 636px) 100vw, 636px\" \/><\/a><p id=\"caption-attachment-14387\" class=\"wp-caption-text\">screenshot: Baba z \u013eadu<\/p><\/div>\n<p>Kada vam industrija kozmetike poru\u010duje da morate koristiti njihove &#8220;anti-ageing&#8221; kreme, to je ageizam. Jer starenje je normalno, ne treba izazivati negativne emocije i protiv njega se ne treba boriti. Ne morate imati 70 i imati zategnuto lice poput curice od 20. Uostalom, ni najbolja kozmetika vam to ne mo\u017ee omogu\u0107iti.<\/p>\n<div id=\"attachment_15821\" style=\"width: 646px\" class=\"wp-caption aligncenter\"><img loading=\"lazy\" decoding=\"async\" aria-describedby=\"caption-attachment-15821\" class=\"size-medium wp-image-15821\" src=\"https:\/\/www.mojevrijeme.hr\/magazin\/wp-content\/uploads\/2018\/05\/kozmetika-636x352.jpg\" alt=\"\" width=\"636\" height=\"352\" srcset=\"https:\/\/www.mojevrijeme.hr\/magazin\/wp-content\/uploads\/2018\/05\/kozmetika-636x352.jpg 636w, https:\/\/www.mojevrijeme.hr\/magazin\/wp-content\/uploads\/2018\/05\/kozmetika.jpg 740w\" sizes=\"auto, (max-width: 636px) 100vw, 636px\" \/><p id=\"caption-attachment-15821\" class=\"wp-caption-text\">foto: Pexels<\/p><\/div>\n<p>Ageizam je i kada mediji objave da \u0107e ugledna novinarka, dio hrvatske novinarske povijesti, biti zamijenjena u novoj sezoni popularnog televizijskog showa pa gledatelji komentiraju kako je &#8220;staru babu trebalo ve\u0107 jednom maknuti&#8221;. Internalizirani ageizam je kada osobe starije \u017eivotne dobi tvrde da je na ekranu puno ugodnije gledati neku mla\u0111u osobu. Ili da mladima treba dati \u0161ansu, iako su\u0111enje u talent programima nije radno mjesto, niti za njega postoji propisana dob.<\/p>\n<div id=\"attachment_19874\" style=\"width: 646px\" class=\"wp-caption aligncenter\"><a href=\"https:\/\/www.mojevrijeme.hr\/magazin\/2018\/12\/milka-babovic-90-ispala-iz-plesa-sa-zvijezdama\/\" target=\"_blank\" rel=\"noopener noreferrer\"><img loading=\"lazy\" decoding=\"async\" aria-describedby=\"caption-attachment-19874\" class=\"wp-image-19874 size-medium\" src=\"https:\/\/www.mojevrijeme.hr\/magazin\/wp-content\/uploads\/2018\/12\/milka-babovic-636x352.jpg\" alt=\"Ples sa zvijezdama\" width=\"636\" height=\"352\" srcset=\"https:\/\/www.mojevrijeme.hr\/magazin\/wp-content\/uploads\/2018\/12\/milka-babovic-636x352.jpg 636w, https:\/\/www.mojevrijeme.hr\/magazin\/wp-content\/uploads\/2018\/12\/milka-babovic.jpg 740w\" sizes=\"auto, (max-width: 636px) 100vw, 636px\" \/><\/a><p id=\"caption-attachment-19874\" class=\"wp-caption-text\">Milka Babovi\u0107 (screenshot HTV)<\/p><\/div>\n<div id=\"crveno\"><\/p>\n<h3>Povjerljivo<\/h3>\n<p>Susreli ste se s ageizmom? Netko vas je diskriminirao ne temelju va\u0161e dobi?&nbsp;<a href=\"http:\/\/www.mojevrijeme.hr\/magazin\/povjerljivo\/\"><strong>Kliknite ovdje<\/strong><\/a> i napi\u0161ite nam sve, a mi \u0107emo to novinarski urediti, objaviti i podijeliti s na\u0161im \u010ditateljima. Ispri\u010dajte nam cijelu pri\u010du, sa \u0161to vi\u0161e istinitih detalja. <\/div>\n<div id=\"mojev-3167942009\" class=\"mojev-kraj-teksta mojev-entity-placement\" style=\"margin-bottom: 20px;margin-left: auto;margin-right: auto;text-align: center;\"><div class=\"mojev-adlabel\">oglas<\/div><div style=\"height: 250px;\"><script async src=\"https:\/\/pagead2.googlesyndication.com\/pagead\/js\/adsbygoogle.js?client=ca-pub-8106111766207173\"\r\n     crossorigin=\"anonymous\"><\/script>\r\n<!-- Display-1 -->\r\n<ins class=\"adsbygoogle\"\r\n     style=\"display:block\"\r\n     data-ad-client=\"ca-pub-8106111766207173\"\r\n     data-ad-slot=\"1465712950\"\r\n     data-ad-format=\"auto\"\r\n     data-full-width-responsive=\"true\"><\/ins>\r\n<script>\r\n     (adsbygoogle = window.adsbygoogle || []).push({});\r\n<\/script><\/div><\/div>","protected":false},"excerpt":{"rendered":"<p>Ageizam [ejd\u017eizam] ozna\u010dava diskriminaciju osoba na temelju njihove dob. Ageizam odre\u0111enoj dobnoj skupini, naj\u010de\u0161\u0107e starijim ljudima, ne priznaje prava ili im ih ograni\u010dava.<\/p>\n","protected":false},"author":1,"featured_media":6242,"comment_status":"closed","ping_status":"closed","sticky":false,"template":"","format":"standard","meta":{"footnotes":""},"categories":[2],"tags":[1185,476,2878],"class_list":["post-14411","post","type-post","status-publish","format-standard","has-post-thumbnail","hentry","category-mozaik","tag-ageizam","tag-diskriminacija","tag-internalizirani-ageizam"],"_links":{"self":[{"href":"https:\/\/www.mojevrijeme.hr\/magazin\/wp-json\/wp\/v2\/posts\/14411","targetHints":{"allow":["GET"]}}],"collection":[{"href":"https:\/\/www.mojevrijeme.hr\/magazin\/wp-json\/wp\/v2\/posts"}],"about":[{"href":"https:\/\/www.mojevrijeme.hr\/magazin\/wp-json\/wp\/v2\/types\/post"}],"author":[{"embeddable":true,"href":"https:\/\/www.mojevrijeme.hr\/magazin\/wp-json\/wp\/v2\/users\/1"}],"replies":[{"embeddable":true,"href":"https:\/\/www.mojevrijeme.hr\/magazin\/wp-json\/wp\/v2\/comments?post=14411"}],"version-history":[{"count":0,"href":"https:\/\/www.mojevrijeme.hr\/magazin\/wp-json\/wp\/v2\/posts\/14411\/revisions"}],"wp:featuredmedia":[{"embeddable":true,"href":"https:\/\/www.mojevrijeme.hr\/magazin\/wp-json\/wp\/v2\/media\/6242"}],"wp:attachment":[{"href":"https:\/\/www.mojevrijeme.hr\/magazin\/wp-json\/wp\/v2\/media?parent=14411"}],"wp:term":[{"taxonomy":"category","embeddable":true,"href":"https:\/\/www.mojevrijeme.hr\/magazin\/wp-json\/wp\/v2\/categories?post=14411"},{"taxonomy":"post_tag","embeddable":true,"href":"https:\/\/www.mojevrijeme.hr\/magazin\/wp-json\/wp\/v2\/tags?post=14411"}],"curies":[{"name":"wp","href":"https:\/\/api.w.org\/{rel}","templated":true}]}}