{"id":144315,"date":"2025-11-14T07:52:08","date_gmt":"2025-11-14T06:52:08","guid":{"rendered":"https:\/\/www.mojevrijeme.hr\/magazin\/?p=144315"},"modified":"2025-11-14T07:52:09","modified_gmt":"2025-11-14T06:52:09","slug":"draga-ksenija-trebam-li-dignuti-kredit-za-platiti-maturalac","status":"publish","type":"post","link":"https:\/\/www.mojevrijeme.hr\/magazin\/2025\/11\/draga-ksenija-trebam-li-dignuti-kredit-za-platiti-maturalac\/","title":{"rendered":"Draga Ksenija: Trebam li dignuti kredit za platiti maturalac?"},"content":{"rendered":"\n<p><strong>Draga Ksenija<\/strong>, imam troje djece od kojih je najstarija k\u0107i u tre\u0107em razredu srednje i idu\u0107e godine ide na maturalac, sin je u osmom razredu i o\u010dekuje nas krizma, a k\u0107i je u petom. Svi oni imaju svoje potrebe, a na\u0161e pla\u0107e su ne\u0161to ni\u017ee od zagreba\u010dkog prosjeka, ali nisu lo\u0161e: suprug ima preko 1.400 eura, a ja 1.300.<\/p>\n\n\n\n<p>Moja pla\u0107a ode na kredit za stan, re\u017eije i gorivo, preostane mi tek za sendvi\u010d na poslu. S njegovom pak pokrivamo u\u017easno skupu hranu, dje\u010dje aktivnosti, odje\u0107u, obu\u0107u i izvanredne tro\u0161kove. Preta\u010demo iz \u0161upljeg u prazno iz mjeseca u mjesec.<\/p>\n\n\n\n<p>Prije nekoliko dana bila sam na roditeljskom sastanku i razrednik je objavio da ponuda agencije koja organizira maturalac na Maltu iznosi 1.600 eura. I sam je bio \u0161okiran. \u010cudim se, gledam roditelje oko sebe, svi \u0161ute. Digla sam ruku i pitala postoje li druge opcije, no nitko me nije podr\u017eao u poku\u0161aju da prona\u0111emo povoljnije rje\u0161enje. Je li mogu\u0107e da su svi u ovoj dr\u017eavi bogati? Na sastanku su bila 22 roditelja!<\/p><div id=\"mojev-2411553003\" class=\"mojev-u-tekstu mojev-entity-placement\" style=\"margin-left: auto;margin-right: auto;text-align: center;\"><div class=\"mojev-adlabel\">oglas<\/div><div style=\"height: 250px;\"><script async src=\"https:\/\/pagead2.googlesyndication.com\/pagead\/js\/adsbygoogle.js?client=ca-pub-8106111766207173\"\r\n     crossorigin=\"anonymous\"><\/script>\r\n<!-- Prikazni 1 u tekstu -->\r\n<ins class=\"adsbygoogle\"\r\n     style=\"display:block\"\r\n     data-ad-client=\"ca-pub-8106111766207173\"\r\n     data-ad-slot=\"8535551207\"\r\n     data-ad-format=\"auto\"\r\n     data-full-width-responsive=\"true\"><\/ins>\r\n<script>\r\n     (adsbygoogle = window.adsbygoogle || []).push({});\r\n<\/script><\/div><\/div><br style=\"clear: both; display: block; float: none;\"\/>\n\n\n\n<p>\u0160tovi\u0161e, po\u010deli su me\u0111usobno raspravljati da je realan d\u017eeparac oko 400 do 500 eura. Povukla sam se. Ku\u0107i sam do\u0161la posve utu\u010dena i razgovarala sa suprugom. Zar smo jedino mi ludi? Trebam li pisati pismo ravnatelju, razredniku, Ministarstvu obrazovanja ili uzeti kredit, mo\u017eda posuditi od mame koja je u mirovini? <em>\u0160okirana<\/em><\/p>\n\n\n\n<h3 class=\"wp-block-heading\">Ksenija: Niste ludi<\/h3>\n\n\n\n<p><strong>Draga \u0160okirana<\/strong>, to je neprihvatljivo visok iznos za ve\u0107inu obitelji i posve ste racionalni kad se zgra\u017eate nad tom idejom. Nakaradno je da u takvom cije\u0111enju roditelja sudjeluje \u0161kola. Pogotovo jer djeci nije va\u017eno gdje su, nego s kim su. Dobar maturalac se pamti po dru\u0161tvu, a ne po lokaciji. <\/p>\n\n\n\n<p>Vjerojatno postoje roditelji koji sli\u010dno razmi\u0161ljaju, ali su u\u0161utkani ve\u0107inskom \u0161utnjom. Poku\u0161ajte otkriti tko su i vidjeti znaju li oni kako rije\u0161iti problem. Skupno pismo ravnatelju i razredniku mo\u017ee imati puno ve\u0107u te\u017einu. Tako\u0111er, o ovome biste mogli razgovarati i s nekom od udruga roditelja. Neke od njih ve\u0107 godinama upozoravaju na elitizam u \u0161kolskim izletima. Postoji li mogu\u0107nost da se ve\u0107ina roditelja prvo usuglasi oko bud\u017eeta pa da onda manevrirate u tim okvirima pri odabiru destinacije? Predlo\u017eite tajno glasanje kako se nitko ne bi osje\u0107ao da je pod pritiskom.<\/p>\n\n\n\n<p>I da, ne bi bilo lo\u0161e objasniti i k\u0107eri koliko je taj iznos velik. Djeci treba re\u0107i istinu i nau\u010diti ih da biti realan nije isto \u0161to i biti siroma\u0161an. Tako\u0111er im treba sugerirati da se ,zbog takvih odluka i izbora, djeca s manje novca osje\u0107aju neadekvatno i posramljeno.<\/p>\n\n\n\n<p>Na\u0161oj generaciji tako \u0161to ne bi ni palo na pamet jer bi se to smatralo nepristojnim. Odgajani smo s idejom da su roditelji tu da osiguraju dom, knjige i osnovne stvari, a ne da se zadu\u017euju zbog maturalca. Rekla bih da djeca tu nisu kriva, nego su krive \u0161kole koje ih aktivno ili pasivno usmjeravaju prema takvim potrebama. <em>Ksenija<\/em><\/p>\n\n\n\n<div id=\"crveno\"><\/p>\n\n\n\n<h3 class=\"wp-block-heading\">Pi\u0161ite Kseniji!<\/h3>\n\n\n\n<p>\u017delite li <strong>anonimno<\/strong> postaviti pitanje i posavjetovati se s na\u0161om kolumnisticom i \u017eivotnom savjetnicom Ksenijom Habunek ili samo ispri\u010dati svoju pri\u010du i vi\u0111enje ove teme, mo\u017eete to u\u010diniti putem internetskog obrasca klikom na <a href=\"https:\/\/www.mojevrijeme.hr\/magazin\/draga-ksenija\/\"><strong>ovu poveznicu<\/strong><\/a>.<\/p>\n\n\n\n<p>Ostala pitanja i Ksenijine odgovore potra\u017eite na <a href=\"https:\/\/www.mojevrijeme.hr\/magazin\/category\/povjerljivo\/draga-ksenija\/\"><strong>ovoj poveznici<\/strong><\/a>.<\/p>\n\n\n\n<p><\/div>\n<div id=\"mojev-1298995440\" class=\"mojev-kraj-teksta mojev-entity-placement\" style=\"margin-bottom: 20px;margin-left: auto;margin-right: auto;text-align: center;\"><div class=\"mojev-adlabel\">oglas<\/div><div style=\"height: 250px;\"><script async src=\"https:\/\/pagead2.googlesyndication.com\/pagead\/js\/adsbygoogle.js?client=ca-pub-8106111766207173\"\r\n     crossorigin=\"anonymous\"><\/script>\r\n<!-- Display-1 -->\r\n<ins class=\"adsbygoogle\"\r\n     style=\"display:block\"\r\n     data-ad-client=\"ca-pub-8106111766207173\"\r\n     data-ad-slot=\"1465712950\"\r\n     data-ad-format=\"auto\"\r\n     data-full-width-responsive=\"true\"><\/ins>\r\n<script>\r\n     (adsbygoogle = window.adsbygoogle || []).push({});\r\n<\/script><\/div><\/div>","protected":false},"excerpt":{"rendered":"<p>Na\u0161oj \u017eivotnoj savjetnici Kseniji Habunek javila se ogor\u010dena majka troje djece koja otkriva da tro\u0161kovi \u0161kolskih izleta i maturalaca sve vi\u0161e nadma\u0161uju realne mogu\u0107nosti prosje\u010dnih obitelji. Pita se treba li biti proaktivna i poku\u0161ati na nekoj instanci osvijestiti problem. <\/p>\n","protected":false},"author":11,"featured_media":124685,"comment_status":"closed","ping_status":"closed","sticky":false,"template":"","format":"standard","meta":{"footnotes":""},"categories":[4133],"tags":[4849,236],"class_list":["post-144315","post","type-post","status-publish","format-standard","has-post-thumbnail","hentry","category-draga-ksenija","tag-maturalna-putovanja","tag-standard"],"_links":{"self":[{"href":"https:\/\/www.mojevrijeme.hr\/magazin\/wp-json\/wp\/v2\/posts\/144315","targetHints":{"allow":["GET"]}}],"collection":[{"href":"https:\/\/www.mojevrijeme.hr\/magazin\/wp-json\/wp\/v2\/posts"}],"about":[{"href":"https:\/\/www.mojevrijeme.hr\/magazin\/wp-json\/wp\/v2\/types\/post"}],"author":[{"embeddable":true,"href":"https:\/\/www.mojevrijeme.hr\/magazin\/wp-json\/wp\/v2\/users\/11"}],"replies":[{"embeddable":true,"href":"https:\/\/www.mojevrijeme.hr\/magazin\/wp-json\/wp\/v2\/comments?post=144315"}],"version-history":[{"count":21,"href":"https:\/\/www.mojevrijeme.hr\/magazin\/wp-json\/wp\/v2\/posts\/144315\/revisions"}],"predecessor-version":[{"id":144477,"href":"https:\/\/www.mojevrijeme.hr\/magazin\/wp-json\/wp\/v2\/posts\/144315\/revisions\/144477"}],"wp:featuredmedia":[{"embeddable":true,"href":"https:\/\/www.mojevrijeme.hr\/magazin\/wp-json\/wp\/v2\/media\/124685"}],"wp:attachment":[{"href":"https:\/\/www.mojevrijeme.hr\/magazin\/wp-json\/wp\/v2\/media?parent=144315"}],"wp:term":[{"taxonomy":"category","embeddable":true,"href":"https:\/\/www.mojevrijeme.hr\/magazin\/wp-json\/wp\/v2\/categories?post=144315"},{"taxonomy":"post_tag","embeddable":true,"href":"https:\/\/www.mojevrijeme.hr\/magazin\/wp-json\/wp\/v2\/tags?post=144315"}],"curies":[{"name":"wp","href":"https:\/\/api.w.org\/{rel}","templated":true}]}}