{"id":144394,"date":"2025-11-12T09:57:14","date_gmt":"2025-11-12T08:57:14","guid":{"rendered":"https:\/\/www.mojevrijeme.hr\/magazin\/?p=144394"},"modified":"2025-11-12T10:03:54","modified_gmt":"2025-11-12T09:03:54","slug":"svedska-je-nasla-formulu-za-spas-mirovinskog-sustava","status":"publish","type":"post","link":"https:\/\/www.mojevrijeme.hr\/magazin\/2025\/11\/svedska-je-nasla-formulu-za-spas-mirovinskog-sustava\/","title":{"rendered":"\u0160vedska je na\u0161la formulu za spas mirovinskog sustava"},"content":{"rendered":"\n<p>Generacijski jaz u \u0160vedskoj vidljiviji je no ikada. Osobe ro\u0111ene pedesetih godina pro\u0161log stolje\u0107a rade dulje i kasnije odlaze u mirovinu u usporedbi s generacijom \u010detrdesetih. Brojke su upe\u010datljive; zaposlenost u skupini od 65 do 69 godina sko\u010dila je sa 14 na 34 posto otkako je 2003. uveden novi mirovinski sustav.<\/p>\n\n\n\n<p>Pro\u0161le je godine 36 posto \u0160ve\u0111ana starih 65 godina primalo pla\u0107u \u0161to je pove\u0107anje od sedam postotnih bodova u odnosu na 2022. Istodobno, udio onih koji u toj dobi \u017eive od dr\u017eavne mirovine pao je drasti\u010dno sa 68 na 47 posto. I to u samo dvije godine.<\/p>\n\n\n\n<p>&#8220;Jasno vidimo pomak prema duljem radnom vijeku&#8221;, ka\u017ee Stefan Granbom, analiti\u010dar Mirovinske agencije. Glavni pokreta\u010d ovih promjena je politi\u010dka odluka o donesena kao odgovor na pove\u0107anje \u017eivotnog vijeka koji je opteretio mirovinski i druge sustave socijalne skrbi. Promjene o podizanju dobi za umirovljenje stupile su na snagu 2023.<\/p><div id=\"mojev-2703675466\" class=\"mojev-u-tekstu mojev-entity-placement\" style=\"margin-left: auto;margin-right: auto;text-align: center;\"><div class=\"mojev-adlabel\">oglas<\/div><div style=\"height: 250px;\"><script async src=\"https:\/\/pagead2.googlesyndication.com\/pagead\/js\/adsbygoogle.js?client=ca-pub-8106111766207173\"\r\n     crossorigin=\"anonymous\"><\/script>\r\n<!-- Prikazni 1 u tekstu -->\r\n<ins class=\"adsbygoogle\"\r\n     style=\"display:block\"\r\n     data-ad-client=\"ca-pub-8106111766207173\"\r\n     data-ad-slot=\"8535551207\"\r\n     data-ad-format=\"auto\"\r\n     data-full-width-responsive=\"true\"><\/ins>\r\n<script>\r\n     (adsbygoogle = window.adsbygoogle || []).push({});\r\n<\/script><\/div><\/div><br style=\"clear: both; display: block; float: none;\"\/>\n\n\n\n<p>Naime, minimalna dob za dr\u017eavnu mirovinu u \u0160vedskoj je 63 godine, a zajam\u010dena mirovina mo\u017ee se primati tek nakon \u0161to osoba navr\u0161i 66 godina. Zajam\u010dena mirovina je minimalna mirovina koju dr\u017eava jam\u010di svim stanovnicima koji imaju malo ili nimalo radnog sta\u017ea u \u0160vedskoj. Za razliku od redovne dr\u017eavne mirovine koja se ispla\u0107uje iz prikupljenih doprinosa, zajam\u010dena mirovina ispla\u0107uje se iz prora\u010dunskih sredstava pri \u010demu je mogu\u0107e zajam\u010denu mirovinu primati i kao nadopunu niskih redovnih mirovinskih primanja.<\/p>\n\n\n\n<p>&#8220;Reforma je postigla cilj&#8221;, nagla\u0161ava Granbom. &#8220;Sve vi\u0161e 65-godi\u0161njaka ima pla\u0107u kao glavni prihod, a istodobno su se smanjile isplate iz socijalnog osiguranja za osobe starije od 60 godina.&#8221; Analiza otkriva i rodne razlike. Mu\u0161karci u prosjeku tri godine kra\u0107e primaju dr\u017eavnu mirovinu, dijelom zato \u0161to \u017eene dulje \u017eive.<\/p>\n<div id=\"mojev-1753206530\" class=\"mojev-kraj-teksta mojev-entity-placement\" style=\"margin-bottom: 20px;margin-left: auto;margin-right: auto;text-align: center;\"><div class=\"mojev-adlabel\">oglas<\/div><div style=\"height: 250px;\"><script async src=\"https:\/\/pagead2.googlesyndication.com\/pagead\/js\/adsbygoogle.js?client=ca-pub-8106111766207173\"\r\n     crossorigin=\"anonymous\"><\/script>\r\n<!-- Display-1 -->\r\n<ins class=\"adsbygoogle\"\r\n     style=\"display:block\"\r\n     data-ad-client=\"ca-pub-8106111766207173\"\r\n     data-ad-slot=\"1465712950\"\r\n     data-ad-format=\"auto\"\r\n     data-full-width-responsive=\"true\"><\/ins>\r\n<script>\r\n     (adsbygoogle = window.adsbygoogle || []).push({});\r\n<\/script><\/div><\/div>","protected":false},"excerpt":{"rendered":"<p>\u0160ve\u0111ani sve dulje ostaju na tr\u017ei\u0161tu rada. Istra\u017eivanje \u0160vedske mirovinske agencije pokazuje da pove\u0107anje dobi za umirovljenje posti\u017ee \u017eeljene u\u010dinke.<\/p>\n","protected":false},"author":1,"featured_media":134475,"comment_status":"closed","ping_status":"closed","sticky":false,"template":"","format":"standard","meta":{"footnotes":""},"categories":[9],"tags":[2706,18,555],"class_list":["post-144394","post","type-post","status-publish","format-standard","has-post-thumbnail","hentry","category-vijesti","tag-dob-za-umirovljenje","tag-mirovine","tag-svedska"],"_links":{"self":[{"href":"https:\/\/www.mojevrijeme.hr\/magazin\/wp-json\/wp\/v2\/posts\/144394","targetHints":{"allow":["GET"]}}],"collection":[{"href":"https:\/\/www.mojevrijeme.hr\/magazin\/wp-json\/wp\/v2\/posts"}],"about":[{"href":"https:\/\/www.mojevrijeme.hr\/magazin\/wp-json\/wp\/v2\/types\/post"}],"author":[{"embeddable":true,"href":"https:\/\/www.mojevrijeme.hr\/magazin\/wp-json\/wp\/v2\/users\/1"}],"replies":[{"embeddable":true,"href":"https:\/\/www.mojevrijeme.hr\/magazin\/wp-json\/wp\/v2\/comments?post=144394"}],"version-history":[{"count":4,"href":"https:\/\/www.mojevrijeme.hr\/magazin\/wp-json\/wp\/v2\/posts\/144394\/revisions"}],"predecessor-version":[{"id":144401,"href":"https:\/\/www.mojevrijeme.hr\/magazin\/wp-json\/wp\/v2\/posts\/144394\/revisions\/144401"}],"wp:featuredmedia":[{"embeddable":true,"href":"https:\/\/www.mojevrijeme.hr\/magazin\/wp-json\/wp\/v2\/media\/134475"}],"wp:attachment":[{"href":"https:\/\/www.mojevrijeme.hr\/magazin\/wp-json\/wp\/v2\/media?parent=144394"}],"wp:term":[{"taxonomy":"category","embeddable":true,"href":"https:\/\/www.mojevrijeme.hr\/magazin\/wp-json\/wp\/v2\/categories?post=144394"},{"taxonomy":"post_tag","embeddable":true,"href":"https:\/\/www.mojevrijeme.hr\/magazin\/wp-json\/wp\/v2\/tags?post=144394"}],"curies":[{"name":"wp","href":"https:\/\/api.w.org\/{rel}","templated":true}]}}