{"id":144559,"date":"2025-11-16T15:08:47","date_gmt":"2025-11-16T14:08:47","guid":{"rendered":"https:\/\/www.mojevrijeme.hr\/magazin\/?p=144559"},"modified":"2025-11-16T15:27:42","modified_gmt":"2025-11-16T14:27:42","slug":"svecenik-iz-broda-porucio-orasara-mozete-imati-u-svoja-cetiri-zida-javno-ne","status":"publish","type":"post","link":"https:\/\/www.mojevrijeme.hr\/magazin\/2025\/11\/svecenik-iz-broda-porucio-orasara-mozete-imati-u-svoja-cetiri-zida-javno-ne\/","title":{"rendered":"Sve\u0107enik iz Broda poru\u010dio: Ora\u0161ara mo\u017eete imati u svoja \u010detiri zida, javno ne"},"content":{"rendered":"\n<p>\u017dupnik Josip Tomi\u0107 osudio je postavljanje Ora\u0161ara na trgu Broda na Kupi tvrde\u0107i da takav ukras ne pripada hrvatskoj uljudbi i identitetu te da je rije\u010d o sadr\u017eaju opasnom za javno \u0107udore\u0111e. U njegovom istupu \u010ditamo o\u010dekivanje da se javni prostor u potpunosti podredi katoli\u010dkoj vjeri, jer je sve ostale koji \u017eele druga\u010diji blagdanski ugo\u0111aj uputio da to rade isklju\u010divo u svojem domu. To smo ve\u0107 negdje \u010duli, zar ne?<\/p>\n\n\n\n<p>Tomi\u0107 tako navodi da hrvatski kulturni krug ne predvi\u0111a nikakvo ukra\u0161avanje naselja prije Bo\u017ei\u0107a jer se, po njemu, time poni\u0161tava pokorni\u010dko vrijeme i\u0161\u010dekivanja. Ora\u0161ara opisuje kao ukras koji ne pripada hrvatskim i katoli\u010dkim na\u010dinima ukra\u0161avanja javnih prostora za bo\u017ei\u0107no doba, ve\u0107 ga naziva dijelom okultne i trgova\u010dke prakse.<\/p>\n\n\n\n<p>U nastavku statusa objavljenom na Facebooku tvrdi da se time s javnih mjesta uklanja &#8220;Onaj koji je smisao proslave Bo\u017ei\u0107a&#8221; te da je Ora\u0161ar simbol zla koji nema nikakve povezanosti s Bo\u017ei\u0107em. Od odgovornih tra\u017ei hitno uklanjanje, a ako se to ne dogodi, poziva \u017eupljane da ga sami uklone bez o\u0161te\u0107ivanja. Nagla\u0161ava da vjera tra\u017ei i javno iskazivanje i da su vjernici pozvani <strong>ukloniti sve ono iz javnog prostora \u0161to remeti hrvatski i katoli\u010dki na\u010din<\/strong> proslave Bo\u017ei\u0107a.<\/p><div id=\"mojev-1376236569\" class=\"mojev-u-tekstu mojev-entity-placement\" style=\"margin-left: auto;margin-right: auto;text-align: center;\"><div class=\"mojev-adlabel\">oglas<\/div><div style=\"height: 250px;\"><script async src=\"https:\/\/pagead2.googlesyndication.com\/pagead\/js\/adsbygoogle.js?client=ca-pub-8106111766207173\"\r\n     crossorigin=\"anonymous\"><\/script>\r\n<!-- Prikazni 1 u tekstu -->\r\n<ins class=\"adsbygoogle\"\r\n     style=\"display:block\"\r\n     data-ad-client=\"ca-pub-8106111766207173\"\r\n     data-ad-slot=\"8535551207\"\r\n     data-ad-format=\"auto\"\r\n     data-full-width-responsive=\"true\"><\/ins>\r\n<script>\r\n     (adsbygoogle = window.adsbygoogle || []).push({});\r\n<\/script><\/div><\/div><br style=\"clear: both; display: block; float: none;\"\/>\n\n\n\n<p>Vrhunac njegova istupa je poruka upu\u0107ena gra\u0111anima koji Bo\u017ei\u0107 ne obilje\u017eavaju prema njegovoj viziji: oni, poru\u010duje, &#8220;mogu slobodno uzeti ukras svojoj ku\u0107i i u svojoj ku\u0107i slaviti bilo \u0161to, osim Bo\u017ei\u0107a&#8221;. Jedino \u0161to je ovaj sve\u0107enik previdio je \u010dinjenica da Hrvatska jo\u0161 uvijek nije vjerska dr\u017eava, na \u0161to su mu i sami \u017eupljani skrenuli pozornost. <\/p>\n\n\n\n<p>&#8220;Mislim da je najbitnije da ljudi ne \u010dine zlo jedni drugima. To \u0161to \u0107e tko imati ispred ku\u0107e ili na trgu njihova je stvar. \u017divimo u dru\u0161tvu u kojem je sve manje iskrenih vjernika; to vi\u0161e nije moderno&#8221;, napisao  je Darko.<\/p>\n\n\n\n<p>&#8220;Zanimljivo je kako Crkva ne poziva na ukidanje ZDS-a i fa\u0161izma, niti isti\u010de da su vjernici du\u017eni slijediti Isusov nauk: oprosti jer je i tebi opro\u0161teno, ne \u010dini zlo, ne \u017eeli zlo, ne mrzi. Stotine tisu\u0107a vjernika ne pona\u0161a se u skladu s tim&#8221;, odgovorila je vele\u010dasnom Alenka. &#8220;Niste normalni. I onda se \u010dudite kad sve manje ljudi dolazi u crkvu&#8221;, zaklju\u010dio je Silvio.<\/p>\n\n\n\n<div id=\"crveno\"><\/p>\n\n\n\n<h3 class=\"wp-block-heading\">Zanima nas va\u0161a pri\u010da<\/h3>\n\n\n\n<p>\u017delite li i vi, posve anonimno, podijeliti svoje iskustvo i vi\u0111enje ove teme s nama i na\u0161im \u010ditateljima, mo\u017eete to u\u010diniti putem web obrasca <a rel=\"noreferrer noopener\" href=\"https:\/\/www.mojevrijeme.hr\/magazin\/povjerljivo\/\" target=\"_blank\">Povjerljivo<\/a>. Napi\u0161ite svoju pri\u010du!<\/p>\n\n\n\n<p><\/div>\n\n\n\n<p><br><br><\/p>\n<div id=\"mojev-461936399\" class=\"mojev-kraj-teksta mojev-entity-placement\" style=\"margin-bottom: 20px;margin-left: auto;margin-right: auto;text-align: center;\"><div class=\"mojev-adlabel\">oglas<\/div><div style=\"height: 250px;\"><script async src=\"https:\/\/pagead2.googlesyndication.com\/pagead\/js\/adsbygoogle.js?client=ca-pub-8106111766207173\"\r\n     crossorigin=\"anonymous\"><\/script>\r\n<!-- Display-1 -->\r\n<ins class=\"adsbygoogle\"\r\n     style=\"display:block\"\r\n     data-ad-client=\"ca-pub-8106111766207173\"\r\n     data-ad-slot=\"1465712950\"\r\n     data-ad-format=\"auto\"\r\n     data-full-width-responsive=\"true\"><\/ins>\r\n<script>\r\n     (adsbygoogle = window.adsbygoogle || []).push({});\r\n<\/script><\/div><\/div>","protected":false},"excerpt":{"rendered":"<p>Sve\u0107enik Josip Tomi\u0107 ka\u017ee da hrvatski kulturni krug ne predvi\u0111a ukra\u0161avanje naselja prije Bo\u017ei\u0107a, Ora\u0161ara je opisao kao dio okultne i trgova\u010dke prakse te zatra\u017eio njegovo uklanjanje, a gra\u0111anima koji ga \u017eele poru\u010dio je da ga mogu dr\u017eati u svojem domu.<\/p>\n","protected":false},"author":1,"featured_media":144569,"comment_status":"closed","ping_status":"closed","sticky":false,"template":"","format":"standard","meta":{"footnotes":""},"categories":[9],"tags":[385,4851],"class_list":["post-144559","post","type-post","status-publish","format-standard","has-post-thumbnail","hentry","category-vijesti","tag-bozic","tag-orasar"],"_links":{"self":[{"href":"https:\/\/www.mojevrijeme.hr\/magazin\/wp-json\/wp\/v2\/posts\/144559","targetHints":{"allow":["GET"]}}],"collection":[{"href":"https:\/\/www.mojevrijeme.hr\/magazin\/wp-json\/wp\/v2\/posts"}],"about":[{"href":"https:\/\/www.mojevrijeme.hr\/magazin\/wp-json\/wp\/v2\/types\/post"}],"author":[{"embeddable":true,"href":"https:\/\/www.mojevrijeme.hr\/magazin\/wp-json\/wp\/v2\/users\/1"}],"replies":[{"embeddable":true,"href":"https:\/\/www.mojevrijeme.hr\/magazin\/wp-json\/wp\/v2\/comments?post=144559"}],"version-history":[{"count":16,"href":"https:\/\/www.mojevrijeme.hr\/magazin\/wp-json\/wp\/v2\/posts\/144559\/revisions"}],"predecessor-version":[{"id":144576,"href":"https:\/\/www.mojevrijeme.hr\/magazin\/wp-json\/wp\/v2\/posts\/144559\/revisions\/144576"}],"wp:featuredmedia":[{"embeddable":true,"href":"https:\/\/www.mojevrijeme.hr\/magazin\/wp-json\/wp\/v2\/media\/144569"}],"wp:attachment":[{"href":"https:\/\/www.mojevrijeme.hr\/magazin\/wp-json\/wp\/v2\/media?parent=144559"}],"wp:term":[{"taxonomy":"category","embeddable":true,"href":"https:\/\/www.mojevrijeme.hr\/magazin\/wp-json\/wp\/v2\/categories?post=144559"},{"taxonomy":"post_tag","embeddable":true,"href":"https:\/\/www.mojevrijeme.hr\/magazin\/wp-json\/wp\/v2\/tags?post=144559"}],"curies":[{"name":"wp","href":"https:\/\/api.w.org\/{rel}","templated":true}]}}