{"id":144787,"date":"2025-11-20T13:08:23","date_gmt":"2025-11-20T12:08:23","guid":{"rendered":"https:\/\/www.mojevrijeme.hr\/magazin\/?p=144787"},"modified":"2025-11-20T13:08:24","modified_gmt":"2025-11-20T12:08:24","slug":"umirovljenici-odgovorili-na-pitanje-zasto-ste-tako-lijeni-i-razmazeni","status":"publish","type":"post","link":"https:\/\/www.mojevrijeme.hr\/magazin\/2025\/11\/umirovljenici-odgovorili-na-pitanje-zasto-ste-tako-lijeni-i-razmazeni\/","title":{"rendered":"Umirovljenici odgovorili na pitanje: Za\u0161to ste tako lijeni i razma\u017eeni?"},"content":{"rendered":"\n<p> \u201cZa\u0161to su umirovljenici tako lijeni i pona\u0161aju se kao da su im svi ne\u0161to du\u017eni i kao da imaju pravo na sve?&#8221; Ovo provokativno pitanje postavljeno je na platformi <em>Quora<\/em>, no odgovori koji su uslijedili na njega razbili su gotovo svaki stereotip o navodno lijenim &#8220;starcima&#8221;.<\/p>\n\n\n\n<h3 class=\"wp-block-heading\">&#8220;Radio sam du\u017ee nego \u0161to ti \u017eivi\u0161&#8221;<\/h3>\n\n\n\n<p>Jedan od onih koji se osjetio prozvanim je 83-godi\u0161nji Peter. &#8220;Po\u010deo sam raditi kao \u0161esnaestogodi\u0161njak i prestao tek dva tjedna nakon 67. ro\u0111endana&#8221;, pi\u0161e. Ni tada se nije umirovio u klasi\u010dnom smislu: jo\u0161 tri godine u svojoj je radionici restaurirao stare automobilske motore. Kad je napunio 70, zaklju\u010dio je da je vrijeme za mirovinu.<\/p>\n\n\n\n<p>&#8220;U svim tim godinama nikad nisam bio nezaposlen i rijetko kad bolestan. Sada, nakon svega, osje\u0107am da sam zaslu\u017eio mirovinu&#8221;, ka\u017ee. No njegov \u017eivot je sve samo ne miran. Skrbi o supruzi koja boluje od raka, podu\u010dava aviojedrenje i besplatno popravlja stare automobile prijateljima. <\/p><div id=\"mojev-3954067431\" class=\"mojev-u-tekstu mojev-entity-placement\" style=\"margin-left: auto;margin-right: auto;text-align: center;\"><div class=\"mojev-adlabel\">oglas<\/div><div style=\"height: 250px;\"><script async src=\"https:\/\/pagead2.googlesyndication.com\/pagead\/js\/adsbygoogle.js?client=ca-pub-8106111766207173\"\r\n     crossorigin=\"anonymous\"><\/script>\r\n<!-- Prikazni 1 u tekstu -->\r\n<ins class=\"adsbygoogle\"\r\n     style=\"display:block\"\r\n     data-ad-client=\"ca-pub-8106111766207173\"\r\n     data-ad-slot=\"8535551207\"\r\n     data-ad-format=\"auto\"\r\n     data-full-width-responsive=\"true\"><\/ins>\r\n<script>\r\n     (adsbygoogle = window.adsbygoogle || []).push({});\r\n<\/script><\/div><\/div><br style=\"clear: both; display: block; float: none;\"\/>\n\n\n\n<p>Zato ga je prozivka za lijenost duboko uznemirila. &#8220;Re\u0107i da sam parazit je jebeno bezobrazno i neprihvatljivo. Ti si, kako mi ka\u017eemo u Engleskoj, totalni drkad\u017eija&#8221;, uzvratio je s nimalo biranim rije\u010dima.<\/p>\n\n\n\n<h3 class=\"wp-block-heading\">&#8220;Neki rade, a neki ne mogu raditi&#8221;<\/h3>\n\n\n\n<p>U raspravu se uklju\u010dila i Kata koja podsje\u0107a pojam \u201cumirovljenik\u201d obuhva\u0107a cijeli spektar ljudi; od onih u dubokoj starosti, preko kroni\u010dnih bolesnika, do osoba s invaliditetom. &#8220;Ljudi ne odlu\u010de samo tako da im se vi\u0161e ne radi pa se bace u mirovinu&#8221;, pi\u0161e. Mirovina se mora zatra\u017eiti, proces je slo\u017een, a mnogi koji zaista trebaju potporu, ne dobiju je.<\/p>\n\n\n\n<p>&#8220;Stariji ljudi koji su radili cijeli \u017eivot i imaju istro\u0161ena tijela zaslu\u017euju krov nad glavom i osnovnu socijalnu sigurnost. Nadam se da vama jednog dana to ne\u0107e biti problem jer svota koja ostaje nakon \u0161tio popla\u0107ate ra\u010dune, nije ne\u0161to s \u010dim mo\u017eete pokriti izvanredne tro\u0161kove.&#8221;<\/p>\n\n\n\n<h3 class=\"wp-block-heading\">&#8220;Ljen\u010darim i u\u017eivam, \u0161to mi mo\u017ee\u0161?&#8221;<\/h3>\n\n\n\n<p>Neki su odgovorili i ironijom. Tomo, o\u010dito gospodin u dobroj formi, napisao je da je ba\u0161 fantasti\u010dno dobro  biti lijen. Ka\u017ee, mirovina mu omogu\u0107uje da tjedno priprema nekoliko gurmanskih obroka, tri puta dnevno \u0161eta psa, odr\u017eava dvije ku\u0107e, predaje honorarno na fakultetu, raspravlja na internetu i povremeno le\u017ei na kau\u010du, gleda nogomet i pije uglavnom gaziranu vodu. &#8220;Nemam ni trunku krivnje, stoga se prestani s tim balavim sranjima&#8221;, zaklju\u010duje.<\/p>\n\n\n\n<p>Ukratko, umirovljenici su postavlja\u010du pitanja dali va\u017enu lekciju: &#8220;Ako smo stari, nismo glupi, a znamo i odgovoriti.\u201d U nekoliko re\u010denica razbili su mit o lijenosti, pokazali \u017eivotnu \u0161irinu, radne biografije du\u017ee od ne\u010dijeg \u017eivota  i dovoljno duha da svakom tko ih podcjenjuje jasno daju do znanja gdje mu je mjesto.<\/p>\n\n\n\n<div id=\"crveno\"><\/p>\n\n\n\n<h3 class=\"wp-block-heading\">Zanima nas va\u0161a pri\u010da<\/h3>\n\n\n\n<p>\u017delite li i vi, posve anonimno, podijeliti svoje iskustvo i vi\u0111enje ove teme s nama i na\u0161im \u010ditateljima, mo\u017eete to u\u010diniti putem web obrasca <a rel=\"noreferrer noopener\" href=\"https:\/\/www.mojevrijeme.hr\/magazin\/povjerljivo\/\" target=\"_blank\">Povjerljivo<\/a>. Napi\u0161ite svoju pri\u010du!<\/p>\n\n\n\n<p><\/div>\n<div id=\"mojev-752346522\" class=\"mojev-kraj-teksta mojev-entity-placement\" style=\"margin-bottom: 20px;margin-left: auto;margin-right: auto;text-align: center;\"><div class=\"mojev-adlabel\">oglas<\/div><div style=\"height: 250px;\"><script async src=\"https:\/\/pagead2.googlesyndication.com\/pagead\/js\/adsbygoogle.js?client=ca-pub-8106111766207173\"\r\n     crossorigin=\"anonymous\"><\/script>\r\n<!-- Display-1 -->\r\n<ins class=\"adsbygoogle\"\r\n     style=\"display:block\"\r\n     data-ad-client=\"ca-pub-8106111766207173\"\r\n     data-ad-slot=\"1465712950\"\r\n     data-ad-format=\"auto\"\r\n     data-full-width-responsive=\"true\"><\/ins>\r\n<script>\r\n     (adsbygoogle = window.adsbygoogle || []).push({});\r\n<\/script><\/div><\/div>","protected":false},"excerpt":{"rendered":"<p>Mnogi mla\u0111i ljudi vole etiketirati umirovljenike kao lijene, razma\u017eene i uvjerene da im dru\u0161tvo ne\u0161to duguje. No neki su umirovljenici odlu\u010dili takve tvrdnje sasje\u0107i u korijenu: bez rukavica i biranih rije\u010di.<\/p>\n","protected":false},"author":1,"featured_media":103029,"comment_status":"closed","ping_status":"closed","sticky":false,"template":"","format":"standard","meta":{"footnotes":""},"categories":[9],"tags":[3753,957],"class_list":["post-144787","post","type-post","status-publish","format-standard","has-post-thumbnail","hentry","category-vijesti","tag-lijenost","tag-mirovina"],"_links":{"self":[{"href":"https:\/\/www.mojevrijeme.hr\/magazin\/wp-json\/wp\/v2\/posts\/144787","targetHints":{"allow":["GET"]}}],"collection":[{"href":"https:\/\/www.mojevrijeme.hr\/magazin\/wp-json\/wp\/v2\/posts"}],"about":[{"href":"https:\/\/www.mojevrijeme.hr\/magazin\/wp-json\/wp\/v2\/types\/post"}],"author":[{"embeddable":true,"href":"https:\/\/www.mojevrijeme.hr\/magazin\/wp-json\/wp\/v2\/users\/1"}],"replies":[{"embeddable":true,"href":"https:\/\/www.mojevrijeme.hr\/magazin\/wp-json\/wp\/v2\/comments?post=144787"}],"version-history":[{"count":6,"href":"https:\/\/www.mojevrijeme.hr\/magazin\/wp-json\/wp\/v2\/posts\/144787\/revisions"}],"predecessor-version":[{"id":144797,"href":"https:\/\/www.mojevrijeme.hr\/magazin\/wp-json\/wp\/v2\/posts\/144787\/revisions\/144797"}],"wp:featuredmedia":[{"embeddable":true,"href":"https:\/\/www.mojevrijeme.hr\/magazin\/wp-json\/wp\/v2\/media\/103029"}],"wp:attachment":[{"href":"https:\/\/www.mojevrijeme.hr\/magazin\/wp-json\/wp\/v2\/media?parent=144787"}],"wp:term":[{"taxonomy":"category","embeddable":true,"href":"https:\/\/www.mojevrijeme.hr\/magazin\/wp-json\/wp\/v2\/categories?post=144787"},{"taxonomy":"post_tag","embeddable":true,"href":"https:\/\/www.mojevrijeme.hr\/magazin\/wp-json\/wp\/v2\/tags?post=144787"}],"curies":[{"name":"wp","href":"https:\/\/api.w.org\/{rel}","templated":true}]}}