{"id":144851,"date":"2025-11-21T19:02:28","date_gmt":"2025-11-21T18:02:28","guid":{"rendered":"https:\/\/www.mojevrijeme.hr\/magazin\/?p=144851"},"modified":"2025-11-21T19:03:13","modified_gmt":"2025-11-21T18:03:13","slug":"plenkovic-o-poskupljenju-dopunskog-cijena-je-bila-izrazito-niska","status":"publish","type":"post","link":"https:\/\/www.mojevrijeme.hr\/magazin\/2025\/11\/plenkovic-o-poskupljenju-dopunskog-cijena-je-bila-izrazito-niska\/","title":{"rendered":"Plenkovi\u0107 o poskupljenju dopunskog: Cijena je bila izrazito niska"},"content":{"rendered":"\n<p>Premijer Andrej Plenkovi\u0107 komentirao je najavljeno poskupljenje dr\u017eavnog dopunskog zdravstvenog osiguranja poru\u010div\u0161i da takav potez ne smatra pretjeranim.<\/p>\n\n\n\n<p>&#8220;Cijene svih proizvoda i usluga su stalno u porastu, a jako dugo je cijena dopunskog osiguranja bila izrazito niska. Ovo je manje pove\u0107anje koje nije jako veliko na mjese\u010dnoj razini. Svatko \u0107e za sebe procijeniti koliko mu je korisno imati dopunsko zdravstveno osiguranje&#8221;, rekao je Plenkovi\u0107.<\/p>\n\n\n\n<h3 class=\"wp-block-heading\">Prva promjena cijene nakon 12 godina<\/h3>\n\n\n\n<p>HZZO je pojasnio da se premija dopunskog osiguranja nije mijenjala \u010dak 12 godina tijekom kojih je ostala na 9,29 eura mjese\u010dno, odnosno 111,49 eura godi\u0161nje. U me\u0111uvremenu je sklapao dodatne ugovore s pru\u017eateljima zdravstvenih usluga kako bi unaprijedio dostupnost i kvalitetu zdravstvene za\u0161tite, a to je pove\u0107alo rashode sustava. Stabilno vi\u0161egodi\u0161nje poslovanje omogu\u0107ilo je dugotrajno zadr\u017eavanje iste cijene, no, kako nagla\u0161avaju, za o\u010duvanje odr\u017eivosti modela nu\u017ena je korekcija.<\/p><div id=\"mojev-3136706308\" class=\"mojev-u-tekstu mojev-entity-placement\" style=\"margin-left: auto;margin-right: auto;text-align: center;\"><div class=\"mojev-adlabel\">oglas<\/div><div style=\"height: 250px;\"><script async src=\"https:\/\/pagead2.googlesyndication.com\/pagead\/js\/adsbygoogle.js?client=ca-pub-8106111766207173\"\r\n     crossorigin=\"anonymous\"><\/script>\r\n<!-- Prikazni 1 u tekstu -->\r\n<ins class=\"adsbygoogle\"\r\n     style=\"display:block\"\r\n     data-ad-client=\"ca-pub-8106111766207173\"\r\n     data-ad-slot=\"8535551207\"\r\n     data-ad-format=\"auto\"\r\n     data-full-width-responsive=\"true\"><\/ins>\r\n<script>\r\n     (adsbygoogle = window.adsbygoogle || []).push({});\r\n<\/script><\/div><\/div><br style=\"clear: both; display: block; float: none;\"\/>\n\n\n\n<p>U HZZO-u podsje\u0107aju i da sustav dopunskog po\u010diva na solidarnosti i jednakoj dostupnosti zdravstvene za\u0161tite za sve osiguranike te da ostaju na snazi mehanizmi za\u0161tite socijalno osjetljivih skupina. Dr\u017eava i dalje u cijelosti podmiruje premiju svima koji ispunjavaju prihodovni cenzus. Ta mjera je uvedena jo\u0161 2009. godine, a dodatno pro\u0161irena 2023. godine zna\u010dajnim pove\u0107anjem prihodovnog praga.<\/p>\n\n\n\n<h3 class=\"wp-block-heading\">Novi iznos: 15 eura mjese\u010dno<\/h3>\n\n\n\n<p>U javno savjetovanje upu\u0107en je prijedlog odluke prema kojoj bi se cijena police dopunskog osiguranja pove\u0107ala s dosada\u0161njih 111,49 eura na 180 eura godi\u0161nje, odnosno sa 9,29 na 15 eura mjese\u010dno. HZZO isti\u010de da je poskupljenje nu\u017eno kako bi se zadr\u017eala dugoro\u010dna stabilnost sustava i financiranje \u0161irokog opsega prava iz dopunskog osiguranja.<\/p>\n<div id=\"mojev-1012830603\" class=\"mojev-kraj-teksta mojev-entity-placement\" style=\"margin-bottom: 20px;margin-left: auto;margin-right: auto;text-align: center;\"><div class=\"mojev-adlabel\">oglas<\/div><div style=\"height: 250px;\"><script async src=\"https:\/\/pagead2.googlesyndication.com\/pagead\/js\/adsbygoogle.js?client=ca-pub-8106111766207173\"\r\n     crossorigin=\"anonymous\"><\/script>\r\n<!-- Display-1 -->\r\n<ins class=\"adsbygoogle\"\r\n     style=\"display:block\"\r\n     data-ad-client=\"ca-pub-8106111766207173\"\r\n     data-ad-slot=\"1465712950\"\r\n     data-ad-format=\"auto\"\r\n     data-full-width-responsive=\"true\"><\/ins>\r\n<script>\r\n     (adsbygoogle = window.adsbygoogle || []).push({});\r\n<\/script><\/div><\/div>","protected":false},"excerpt":{"rendered":"<p>HZZO isti\u010de da je poskupljenje nu\u017eno kako bi se zadr\u017eala dugoro\u010dna stabilnost sustava i financiranje \u0161irokog opsega prava iz dopunskog osiguranja.<\/p>\n","protected":false},"author":1,"featured_media":143275,"comment_status":"closed","ping_status":"closed","sticky":false,"template":"","format":"standard","meta":{"footnotes":""},"categories":[9],"tags":[888,607,875,51],"class_list":["post-144851","post","type-post","status-publish","format-standard","has-post-thumbnail","hentry","category-vijesti","tag-andrej-plenkovic","tag-dopunsko-osiguranje","tag-poskupljenje","tag-zdravstvo"],"_links":{"self":[{"href":"https:\/\/www.mojevrijeme.hr\/magazin\/wp-json\/wp\/v2\/posts\/144851","targetHints":{"allow":["GET"]}}],"collection":[{"href":"https:\/\/www.mojevrijeme.hr\/magazin\/wp-json\/wp\/v2\/posts"}],"about":[{"href":"https:\/\/www.mojevrijeme.hr\/magazin\/wp-json\/wp\/v2\/types\/post"}],"author":[{"embeddable":true,"href":"https:\/\/www.mojevrijeme.hr\/magazin\/wp-json\/wp\/v2\/users\/1"}],"replies":[{"embeddable":true,"href":"https:\/\/www.mojevrijeme.hr\/magazin\/wp-json\/wp\/v2\/comments?post=144851"}],"version-history":[{"count":2,"href":"https:\/\/www.mojevrijeme.hr\/magazin\/wp-json\/wp\/v2\/posts\/144851\/revisions"}],"predecessor-version":[{"id":144853,"href":"https:\/\/www.mojevrijeme.hr\/magazin\/wp-json\/wp\/v2\/posts\/144851\/revisions\/144853"}],"wp:featuredmedia":[{"embeddable":true,"href":"https:\/\/www.mojevrijeme.hr\/magazin\/wp-json\/wp\/v2\/media\/143275"}],"wp:attachment":[{"href":"https:\/\/www.mojevrijeme.hr\/magazin\/wp-json\/wp\/v2\/media?parent=144851"}],"wp:term":[{"taxonomy":"category","embeddable":true,"href":"https:\/\/www.mojevrijeme.hr\/magazin\/wp-json\/wp\/v2\/categories?post=144851"},{"taxonomy":"post_tag","embeddable":true,"href":"https:\/\/www.mojevrijeme.hr\/magazin\/wp-json\/wp\/v2\/tags?post=144851"}],"curies":[{"name":"wp","href":"https:\/\/api.w.org\/{rel}","templated":true}]}}