{"id":144953,"date":"2025-11-23T11:32:32","date_gmt":"2025-11-23T10:32:32","guid":{"rendered":"https:\/\/www.mojevrijeme.hr\/magazin\/?p=144953"},"modified":"2025-11-23T11:32:33","modified_gmt":"2025-11-23T10:32:33","slug":"europljani-znaju-sto-je-vegeburger-ali-traze-jasnije-deklaracije","status":"publish","type":"post","link":"https:\/\/www.mojevrijeme.hr\/magazin\/2025\/11\/europljani-znaju-sto-je-vegeburger-ali-traze-jasnije-deklaracije\/","title":{"rendered":"Europljani znaju \u0161to je vegeburger, ali tra\u017ee jasnije deklaracije"},"content":{"rendered":"\n<p>Rasprava o nazivima biljnih zamjena za meso ponovno se zahuktala u institucijama Europske unije. U Bruxellesu se razmatra mogu\u0107nost da se proizvodima poput veganskih kobasica i vegeburgera zabrani kori\u0161tenje naziva koji se tradicionalno vezuju uz meso. No prema podacima organizacija za za\u0161titu potro\u0161a\u010da; takva zabrinutost je neutemeljena, javlja <a href=\"https:\/\/koliko.hr\/2025\/11\/22\/europljani-znaju-sto-je-vegeburger-ali-traze-jasnije-deklaracije\/\">Koliko.HR<\/a>.<\/p>\n\n\n\n<p>Prema analizi BEUC-a, krovne europske organizacije za za\u0161titu potro\u0161a\u010da, velika ve\u0107ina gra\u0111ana Unije vrlo dobro razlikuje biljne proizvode od mesnih. Istra\u017eivanje iz 2020. godine pokazalo je da oko 70 posto potro\u0161a\u010da nema nikakav problem s nazivima poput \u201cvegeburger\u201d ili \u201cveganska kobasica\u201d, sve dok je na ambala\u017ei jasno nazna\u010deno da je rije\u010d o vegetarijanskom ili veganskom proizvodu. \u010cak \u010detvrtina ispitanika smatra da su takvi nazivi potpuno opravdani.<\/p>\n\n\n\n<p>Rasprava o imenima dolazi u trenutku kada EU poti\u010de prelazak na zdraviju i odr\u017eiviju prehranu. \u010cak 80 posto Europljana ne jede dovoljno cjelovitih \u017eitarica, mahunarki, vo\u0107a i povr\u0107a, \u0161to se povezuje s rastom kardiovaskularnih bolesti, dijabetesa i drugih kroni\u010dnih stanja. U tom kontekstu, biljne alternative, uklju\u010duju\u0107i popularne \u201cvegeburgere\u201d, mnogima poma\u017eu da lak\u0161e pove\u0107aju udio biljnih namirnica u jelovniku.<\/p><div id=\"mojev-3906037875\" class=\"mojev-u-tekstu mojev-entity-placement\" style=\"margin-left: auto;margin-right: auto;text-align: center;\"><div class=\"mojev-adlabel\">oglas<\/div><div style=\"height: 250px;\"><script async src=\"https:\/\/pagead2.googlesyndication.com\/pagead\/js\/adsbygoogle.js?client=ca-pub-8106111766207173\"\r\n     crossorigin=\"anonymous\"><\/script>\r\n<!-- Prikazni 1 u tekstu -->\r\n<ins class=\"adsbygoogle\"\r\n     style=\"display:block\"\r\n     data-ad-client=\"ca-pub-8106111766207173\"\r\n     data-ad-slot=\"8535551207\"\r\n     data-ad-format=\"auto\"\r\n     data-full-width-responsive=\"true\"><\/ins>\r\n<script>\r\n     (adsbygoogle = window.adsbygoogle || []).push({});\r\n<\/script><\/div><\/div><br style=\"clear: both; display: block; float: none;\"\/>\n\n\n\n<p>Politi\u010dka previranja oko naziva nisu nova. Europski parlament je 2020. godine odbacio prijedlog zabrane kori\u0161tenja mesnih termina za biljne proizvode. Pro\u0161le godine Europski sud pravde dodatno je podcrtao: dr\u017eave \u010dlanice ne mogu uvoditi takve zabrane ako prethodno nisu definirale \u0161to to\u010dno \u010dini, primjerice, kobasicu ili burger. Uvo\u0111enje novih definicija na razini EU-a, ka\u017eu potro\u0161a\u010dke organizacije, donijelo bi malo koristi, a moglo bi dovesti do fragmentacije tr\u017ei\u0161ta i suvi\u0161ne regulacije.<\/p>\n\n\n\n<p>Iz BEUC-a nagla\u0161avaju da je su\u0161tinsko pitanje sasvim drugo: ambala\u017ea ne smije zavaravati potro\u0161a\u010de, bez obzira na to je li rije\u010d o mesnim, biljnim ili bilo kojim drugim prehrambenim proizvodima. Jasne deklaracije o sastojcima, nutritivnim vrijednostima i odr\u017eivosti klju\u010dne su kako bi se kupci mogli informirano odlu\u010divati.<\/p>\n<div id=\"mojev-1243464779\" class=\"mojev-kraj-teksta mojev-entity-placement\" style=\"margin-bottom: 20px;margin-left: auto;margin-right: auto;text-align: center;\"><div class=\"mojev-adlabel\">oglas<\/div><div style=\"height: 250px;\"><script async src=\"https:\/\/pagead2.googlesyndication.com\/pagead\/js\/adsbygoogle.js?client=ca-pub-8106111766207173\"\r\n     crossorigin=\"anonymous\"><\/script>\r\n<!-- Display-1 -->\r\n<ins class=\"adsbygoogle\"\r\n     style=\"display:block\"\r\n     data-ad-client=\"ca-pub-8106111766207173\"\r\n     data-ad-slot=\"1465712950\"\r\n     data-ad-format=\"auto\"\r\n     data-full-width-responsive=\"true\"><\/ins>\r\n<script>\r\n     (adsbygoogle = window.adsbygoogle || []).push({});\r\n<\/script><\/div><\/div>","protected":false},"excerpt":{"rendered":"<p>Potro\u0161a\u010dke organizacije poru\u010duju da bi se rasprava trebala usmjeriti na transparentno ozna\u010davanje hrane, a ne na preimenovanje proizvoda koje velik broj Europljana ve\u0107 dobro razumije.<\/p>\n","protected":false},"author":1,"featured_media":144954,"comment_status":"closed","ping_status":"closed","sticky":false,"template":"","format":"standard","meta":{"footnotes":""},"categories":[9],"tags":[171,4863,4020],"class_list":["post-144953","post","type-post","status-publish","format-standard","has-post-thumbnail","hentry","category-vijesti","tag-hrana","tag-zamjena-za-meso","tag-zastita-potrosaca"],"_links":{"self":[{"href":"https:\/\/www.mojevrijeme.hr\/magazin\/wp-json\/wp\/v2\/posts\/144953","targetHints":{"allow":["GET"]}}],"collection":[{"href":"https:\/\/www.mojevrijeme.hr\/magazin\/wp-json\/wp\/v2\/posts"}],"about":[{"href":"https:\/\/www.mojevrijeme.hr\/magazin\/wp-json\/wp\/v2\/types\/post"}],"author":[{"embeddable":true,"href":"https:\/\/www.mojevrijeme.hr\/magazin\/wp-json\/wp\/v2\/users\/1"}],"replies":[{"embeddable":true,"href":"https:\/\/www.mojevrijeme.hr\/magazin\/wp-json\/wp\/v2\/comments?post=144953"}],"version-history":[{"count":1,"href":"https:\/\/www.mojevrijeme.hr\/magazin\/wp-json\/wp\/v2\/posts\/144953\/revisions"}],"predecessor-version":[{"id":144955,"href":"https:\/\/www.mojevrijeme.hr\/magazin\/wp-json\/wp\/v2\/posts\/144953\/revisions\/144955"}],"wp:featuredmedia":[{"embeddable":true,"href":"https:\/\/www.mojevrijeme.hr\/magazin\/wp-json\/wp\/v2\/media\/144954"}],"wp:attachment":[{"href":"https:\/\/www.mojevrijeme.hr\/magazin\/wp-json\/wp\/v2\/media?parent=144953"}],"wp:term":[{"taxonomy":"category","embeddable":true,"href":"https:\/\/www.mojevrijeme.hr\/magazin\/wp-json\/wp\/v2\/categories?post=144953"},{"taxonomy":"post_tag","embeddable":true,"href":"https:\/\/www.mojevrijeme.hr\/magazin\/wp-json\/wp\/v2\/tags?post=144953"}],"curies":[{"name":"wp","href":"https:\/\/api.w.org\/{rel}","templated":true}]}}