{"id":145004,"date":"2025-11-24T08:31:54","date_gmt":"2025-11-24T07:31:54","guid":{"rendered":"https:\/\/www.mojevrijeme.hr\/magazin\/?p=145004"},"modified":"2025-11-24T08:33:33","modified_gmt":"2025-11-24T07:33:33","slug":"pao-slovenski-zakon-o-eutanaziji","status":"publish","type":"post","link":"https:\/\/www.mojevrijeme.hr\/magazin\/2025\/11\/pao-slovenski-zakon-o-eutanaziji\/","title":{"rendered":"Pao slovenski zakon o dostojanstvenoj smrti"},"content":{"rendered":"\n<p>Slovenski bira\u010di odbacili su zakon o potpomognutom okon\u010danju \u017eivota na referendumu odr\u017eanom u nedjelju. Prema 99,9 posto prebrojanih glasova, protivnici su prikupili vi\u0161e od 369 tisu\u0107a glasova; dovoljno da ispune i uvjet ve\u0107ine i zakonski propisan odbijaju\u0107i kvorum. Protiv je glasovalo 53,4 posto bira\u010da, dok je za zakon bilo 46,57 posto.<\/p>\n\n\n\n<p>Dr\u017eavno izborno pojernstvo objavilo je da je na referendum iza\u0161lo 40,93 posto glasa\u010da. Zakon je odbijen u ve\u0107ini izbornih jedinica, a jedina koja je podr\u017eala njegovo dono\u0161enje bila je Ljubljana \u2013 Center.<\/p>\n\n\n\n<p>Metka Zevnik, predsjednica Udruga baka i djedova Slovenije i jedna od najistaknutijih protivnica, poru\u010dila je kako je presretna zbog ishoda, dodaju\u0107i da je eutanazija poraz ljubavi te da je pobijedila ljubav. Naglasila je va\u017enost ja\u010danja sustavne paliativne skrbi u cijeloj zemlji.<\/p><div id=\"mojev-3338529255\" class=\"mojev-u-tekstu mojev-entity-placement\" style=\"margin-left: auto;margin-right: auto;text-align: center;\"><div class=\"mojev-adlabel\">oglas<\/div><div style=\"height: 250px;\"><script async src=\"https:\/\/pagead2.googlesyndication.com\/pagead\/js\/adsbygoogle.js?client=ca-pub-8106111766207173\"\r\n     crossorigin=\"anonymous\"><\/script>\r\n<!-- Prikazni 1 u tekstu -->\r\n<ins class=\"adsbygoogle\"\r\n     style=\"display:block\"\r\n     data-ad-client=\"ca-pub-8106111766207173\"\r\n     data-ad-slot=\"8535551207\"\r\n     data-ad-format=\"auto\"\r\n     data-full-width-responsive=\"true\"><\/ins>\r\n<script>\r\n     (adsbygoogle = window.adsbygoogle || []).push({});\r\n<\/script><\/div><\/div><br style=\"clear: both; display: block; float: none;\"\/>\n\n\n\n<p>Politi\u010dki analiti\u010dari zaklju\u010duju da se referendum u velikoj mjeri pretvorio u glasovanje o povjerenju aktualnoj vlasti, a manje o samom pitanju potpomognutog samoubojstva.<\/p>\n<div id=\"mojev-3057375834\" class=\"mojev-kraj-teksta mojev-entity-placement\" style=\"margin-bottom: 20px;margin-left: auto;margin-right: auto;text-align: center;\"><div class=\"mojev-adlabel\">oglas<\/div><div style=\"height: 250px;\"><script async src=\"https:\/\/pagead2.googlesyndication.com\/pagead\/js\/adsbygoogle.js?client=ca-pub-8106111766207173\"\r\n     crossorigin=\"anonymous\"><\/script>\r\n<!-- Display-1 -->\r\n<ins class=\"adsbygoogle\"\r\n     style=\"display:block\"\r\n     data-ad-client=\"ca-pub-8106111766207173\"\r\n     data-ad-slot=\"1465712950\"\r\n     data-ad-format=\"auto\"\r\n     data-full-width-responsive=\"true\"><\/ins>\r\n<script>\r\n     (adsbygoogle = window.adsbygoogle || []).push({});\r\n<\/script><\/div><\/div>","protected":false},"excerpt":{"rendered":"<p>Politi\u010dki analiti\u010dari zaklju\u010duju da se referendum u velikoj mjeri pretvorio u glasovanje o povjerenju aktualnoj vlasti, a manje o samom pitanju potpomognutog samoubojstva.<\/p>\n","protected":false},"author":1,"featured_media":136008,"comment_status":"closed","ping_status":"closed","sticky":false,"template":"","format":"standard","meta":{"footnotes":""},"categories":[9],"tags":[326,376],"class_list":["post-145004","post","type-post","status-publish","format-standard","has-post-thumbnail","hentry","category-vijesti","tag-eutanazija","tag-slovenija"],"_links":{"self":[{"href":"https:\/\/www.mojevrijeme.hr\/magazin\/wp-json\/wp\/v2\/posts\/145004","targetHints":{"allow":["GET"]}}],"collection":[{"href":"https:\/\/www.mojevrijeme.hr\/magazin\/wp-json\/wp\/v2\/posts"}],"about":[{"href":"https:\/\/www.mojevrijeme.hr\/magazin\/wp-json\/wp\/v2\/types\/post"}],"author":[{"embeddable":true,"href":"https:\/\/www.mojevrijeme.hr\/magazin\/wp-json\/wp\/v2\/users\/1"}],"replies":[{"embeddable":true,"href":"https:\/\/www.mojevrijeme.hr\/magazin\/wp-json\/wp\/v2\/comments?post=145004"}],"version-history":[{"count":3,"href":"https:\/\/www.mojevrijeme.hr\/magazin\/wp-json\/wp\/v2\/posts\/145004\/revisions"}],"predecessor-version":[{"id":145007,"href":"https:\/\/www.mojevrijeme.hr\/magazin\/wp-json\/wp\/v2\/posts\/145004\/revisions\/145007"}],"wp:featuredmedia":[{"embeddable":true,"href":"https:\/\/www.mojevrijeme.hr\/magazin\/wp-json\/wp\/v2\/media\/136008"}],"wp:attachment":[{"href":"https:\/\/www.mojevrijeme.hr\/magazin\/wp-json\/wp\/v2\/media?parent=145004"}],"wp:term":[{"taxonomy":"category","embeddable":true,"href":"https:\/\/www.mojevrijeme.hr\/magazin\/wp-json\/wp\/v2\/categories?post=145004"},{"taxonomy":"post_tag","embeddable":true,"href":"https:\/\/www.mojevrijeme.hr\/magazin\/wp-json\/wp\/v2\/tags?post=145004"}],"curies":[{"name":"wp","href":"https:\/\/api.w.org\/{rel}","templated":true}]}}