{"id":145008,"date":"2025-11-24T10:32:27","date_gmt":"2025-11-24T09:32:27","guid":{"rendered":"https:\/\/www.mojevrijeme.hr\/magazin\/?p=145008"},"modified":"2025-11-24T13:23:22","modified_gmt":"2025-11-24T12:23:22","slug":"trump-transrodnim-vojnicima-ukida-pravo-na-mirovinu-i-zdravstveno-osiguranje","status":"publish","type":"post","link":"https:\/\/www.mojevrijeme.hr\/magazin\/2025\/11\/trump-transrodnim-vojnicima-ukida-pravo-na-mirovinu-i-zdravstveno-osiguranje\/","title":{"rendered":"Trump transrodnim vojnicima ukida pravo na mirovinu i zdravstveno osiguranje"},"content":{"rendered":"\n<p>Grupa od 17 transrodnih pripadnica i pripadnika Ameri\u010dkog ratnog zrakoplovstva tu\u017ei ameri\u010dku vladu zbog, kako tvrde, nezakonitog ukidanja njihovih prijevremenih mirovina i povezanih beneficija. Tu\u017eba je u ponedjeljak podnesena saveznom sudu, nekoliko mjeseci nakon \u0161to je Zrakoplovstvo potvrdilo da \u0107e svim transrodnim vojnicima s 15 do 18 godina slu\u017ebe uskratiti mogu\u0107nost prijevremenog umirovljenja te ih umjesto toga otpustiti bez mirovinskih prava.<\/p>\n\n\n\n<p>Rije\u010d je o najnovijoj u nizu pravnih bitki protiv administracije Donalda Trumpa koja od po\u010detka njegova drugog mandata nastoji izgurati transrodne osobe iz vojske. Vrhovni sud SAD-a u svibnju je dopustio provedbu zabrane slu\u017eenja transrodnih vojnika dok sudski postupci traju.<\/p>\n\n\n\n<p>Prema navodima <em>GLAD Lawa<\/em>, udruge koja je pomogla pokrenuti tu\u017ebu, pogo\u0111eni pripadnici sada riskiraju gubitak i do dva milijuna dolara mirovinskih primanja tijekom \u017eivota, uz ukidanje zdravstvenog osiguranja. Glasnogovornik organizacije, odvjetnik<strong> Michael Haley<\/strong>, izjavio je da je ukidanje beneficija dio \u201cop\u0107e okrutnosti prema transrodnim osobama\u201d. Naglasio je da su mnogi tu\u017eitelji ve\u0107 dobili odobrenje za umirovljenje i zapo\u010deli pripreme za izlazak iz slu\u017ebe.<\/p><div id=\"mojev-3055818432\" class=\"mojev-u-tekstu mojev-entity-placement\" style=\"margin-left: auto;margin-right: auto;text-align: center;\"><div class=\"mojev-adlabel\">oglas<\/div><div style=\"height: 250px;\"><script async src=\"https:\/\/pagead2.googlesyndication.com\/pagead\/js\/adsbygoogle.js?client=ca-pub-8106111766207173\"\r\n     crossorigin=\"anonymous\"><\/script>\r\n<!-- Prikazni 1 u tekstu -->\r\n<ins class=\"adsbygoogle\"\r\n     style=\"display:block\"\r\n     data-ad-client=\"ca-pub-8106111766207173\"\r\n     data-ad-slot=\"8535551207\"\r\n     data-ad-format=\"auto\"\r\n     data-full-width-responsive=\"true\"><\/ins>\r\n<script>\r\n     (adsbygoogle = window.adsbygoogle || []).push({});\r\n<\/script><\/div><\/div><br style=\"clear: both; display: block; float: none;\"\/>\n\n\n\n<p>Me\u0111u njima je i <strong>Logan Ireland<\/strong>, narednik s 15 godina sta\u017ea i borbenim iskustvom iz Afganistana, kojem je prijevremena mirovina odbijena. Za <em>Associated Press<\/em> rekao je da ga je vojska nau\u010dila voditi i boriti se, \u201ca ne povla\u010diti se\u201d. Oduzimanje mirovine, dodao je, \u0161alje poruku da se te vrijednosti ne primjenjuju kada ih vojnik osobno treba.<\/p>\n\n\n\n<p>Pentagon nije komentirao slu\u010daj, pozivaju\u0107i se na politiku neizja\u0161njavanja o aktivnim postupcima. Ministar obrane <strong>Pete Hegseth<\/strong> i predsjednik Trump u posljednje su dvije godine usmjerili napore na ukidanje programa raznolikosti, jednakosti i inkluzije, tvrde\u0107i da \u017eele u\u010diniti vojsku \u201cubojitijom\u201d. Prema podacima Pentagona, 4.240 pripadnika oru\u017eanih snaga ima dijagnozu rodne disforije, koju vojska koristi kao identifikator transrodnosti.<\/p>\n\n\n\n<p>Zrakoplovstvo se posebno istaknulo u provo\u0111enju stro\u017eih mjera. Uz ukidanje prijevremenih mirovina, u kolovozu je ukinulo i pravo transrodnih vojnika da se pojave pred slu\u017ebenim odborom i zatra\u017ee nastavak karijere. Pentagon je prije manje od dva tjedna objavio da sli\u010dnu mjeru \u0161iri na cijele oru\u017eane snage.<\/p>\n<div id=\"mojev-264152098\" class=\"mojev-kraj-teksta mojev-entity-placement\" style=\"margin-bottom: 20px;margin-left: auto;margin-right: auto;text-align: center;\"><div class=\"mojev-adlabel\">oglas<\/div><div style=\"height: 250px;\"><script async src=\"https:\/\/pagead2.googlesyndication.com\/pagead\/js\/adsbygoogle.js?client=ca-pub-8106111766207173\"\r\n     crossorigin=\"anonymous\"><\/script>\r\n<!-- Display-1 -->\r\n<ins class=\"adsbygoogle\"\r\n     style=\"display:block\"\r\n     data-ad-client=\"ca-pub-8106111766207173\"\r\n     data-ad-slot=\"1465712950\"\r\n     data-ad-format=\"auto\"\r\n     data-full-width-responsive=\"true\"><\/ins>\r\n<script>\r\n     (adsbygoogle = window.adsbygoogle || []).push({});\r\n<\/script><\/div><\/div>","protected":false},"excerpt":{"rendered":"<p>Ameri\u010dko ratno zrakoplovstvo suo\u010deno je s tu\u017ebom 17 svojih transrodnih pripadnika koji tvrde da im je vlada nezakonito ukinula prijevremene mirovine i zdravstvene beneficije.<\/p>\n","protected":false},"author":1,"featured_media":126381,"comment_status":"closed","ping_status":"closed","sticky":false,"template":"","format":"standard","meta":{"footnotes":""},"categories":[9],"tags":[476,908,4865,1810],"class_list":["post-145008","post","type-post","status-publish","format-standard","has-post-thumbnail","hentry","category-vijesti","tag-diskriminacija","tag-donald-trump","tag-transrodnost","tag-vojska"],"_links":{"self":[{"href":"https:\/\/www.mojevrijeme.hr\/magazin\/wp-json\/wp\/v2\/posts\/145008","targetHints":{"allow":["GET"]}}],"collection":[{"href":"https:\/\/www.mojevrijeme.hr\/magazin\/wp-json\/wp\/v2\/posts"}],"about":[{"href":"https:\/\/www.mojevrijeme.hr\/magazin\/wp-json\/wp\/v2\/types\/post"}],"author":[{"embeddable":true,"href":"https:\/\/www.mojevrijeme.hr\/magazin\/wp-json\/wp\/v2\/users\/1"}],"replies":[{"embeddable":true,"href":"https:\/\/www.mojevrijeme.hr\/magazin\/wp-json\/wp\/v2\/comments?post=145008"}],"version-history":[{"count":6,"href":"https:\/\/www.mojevrijeme.hr\/magazin\/wp-json\/wp\/v2\/posts\/145008\/revisions"}],"predecessor-version":[{"id":145060,"href":"https:\/\/www.mojevrijeme.hr\/magazin\/wp-json\/wp\/v2\/posts\/145008\/revisions\/145060"}],"wp:featuredmedia":[{"embeddable":true,"href":"https:\/\/www.mojevrijeme.hr\/magazin\/wp-json\/wp\/v2\/media\/126381"}],"wp:attachment":[{"href":"https:\/\/www.mojevrijeme.hr\/magazin\/wp-json\/wp\/v2\/media?parent=145008"}],"wp:term":[{"taxonomy":"category","embeddable":true,"href":"https:\/\/www.mojevrijeme.hr\/magazin\/wp-json\/wp\/v2\/categories?post=145008"},{"taxonomy":"post_tag","embeddable":true,"href":"https:\/\/www.mojevrijeme.hr\/magazin\/wp-json\/wp\/v2\/tags?post=145008"}],"curies":[{"name":"wp","href":"https:\/\/api.w.org\/{rel}","templated":true}]}}