{"id":145204,"date":"2025-11-27T09:22:34","date_gmt":"2025-11-27T08:22:34","guid":{"rendered":"https:\/\/www.mojevrijeme.hr\/magazin\/?p=145204"},"modified":"2025-11-27T09:22:35","modified_gmt":"2025-11-27T08:22:35","slug":"ne-zvuci-logicno-ali-istina-je-mirovina-moze-biti-mucenje","status":"publish","type":"post","link":"https:\/\/www.mojevrijeme.hr\/magazin\/2025\/11\/ne-zvuci-logicno-ali-istina-je-mirovina-moze-biti-mucenje\/","title":{"rendered":"Ne zvu\u010di logi\u010dno, ali istina je: mirovina mo\u017ee biti mu\u010denje"},"content":{"rendered":"\n<p>Mirovina bi trebala biti poput posljednjeg i vro dugog poglavlja dobro napisane knjige. O\u010dekujemo da \u0107e biti mirna (onoliko koliko nam mir treba), zaokru\u017eena, ispunjena u\u017eivanjem u plodovima dugogodi\u0161njeg rada. Ali nekim ljudima ona ne donosi olak\u0161anje, ve\u0107 osje\u0107aj praznine, frustracije i besmisla. Mjesto gdje bi trebali prona\u0107i mir i slobodu postaje im zatvor. Tko su ti ljudi koji iskreno mrze biti umirovljenici?<\/p>\n\n\n\n<h3 class=\"wp-block-heading\">Profesionalci s autoritetom<\/h3>\n\n\n\n<p>Ludi koji su u\u017eivali u profesionalnom autoritetu te\u0161ko podnose umirovljeni\u010dke dane. Direktorima, menad\u017eerima, znanstvenicima i sli\u010dnima odlazak iz radnog okru\u017eenja zna\u010di gubitak mo\u0107i i statusa. Bez profesionalnih titula i svakodnevnih poslovnih izazova, \u010dvrste dnevne strukture i hijerarhije, \u017eivot im postaje no\u0107na mora. <\/p>\n\n\n\n<h3 class=\"wp-block-heading\">Radoholi\u010dari<\/h3>\n\n\n\n<p>Radoholi\u010dari su tako\u0111er me\u0111u onima kojima mirovina nije prirasla srcu. Godinama su bili potpuno posve\u0107eni poslu, \u010desto stavljaju\u0107i obitelj, prijatelje i slobodno vrijeme u drugi plan. Kad odjednom prestane odlazak na posao koji ih je definirao, suo\u010davaju se s prazninom koju je te\u0161ko popuniti, a besposlenost ih \u010dini tjeskobnima.<\/p><div id=\"mojev-179799568\" class=\"mojev-u-tekstu mojev-entity-placement\" style=\"margin-left: auto;margin-right: auto;text-align: center;\"><div class=\"mojev-adlabel\">oglas<\/div><div style=\"height: 250px;\"><script async src=\"https:\/\/pagead2.googlesyndication.com\/pagead\/js\/adsbygoogle.js?client=ca-pub-8106111766207173\"\r\n     crossorigin=\"anonymous\"><\/script>\r\n<!-- Prikazni 1 u tekstu -->\r\n<ins class=\"adsbygoogle\"\r\n     style=\"display:block\"\r\n     data-ad-client=\"ca-pub-8106111766207173\"\r\n     data-ad-slot=\"8535551207\"\r\n     data-ad-format=\"auto\"\r\n     data-full-width-responsive=\"true\"><\/ins>\r\n<script>\r\n     (adsbygoogle = window.adsbygoogle || []).push({});\r\n<\/script><\/div><\/div><br style=\"clear: both; display: block; float: none;\"\/>\n\n\n\n<h3 class=\"wp-block-heading\">Nesretno o\u017eenjeni i udani<\/h3>\n\n\n\n<p>Za one koji nemaju skladne odnose s partnerom, mirovina je napeta poput hodanja po minskom polju. Vi\u0161e &#8220;dru\u017eenja&#8221;, bez mogu\u0107nosti bijega u radno vrijeme, \u010desto zna\u010di intenziviranje sukoba koji su tinjali godinama. Male nesuglasice koje su se ranije mogle ignorirati sada dolaze u prvi plan, stvaraju\u0107i neugodnu atmosferu u obiteljskom okru\u017eenju. U stvarnosti, te se nesuglasice \u010dine ve\u0107e no \u0161to jesu, no za uvi\u0111anje toga nu\u017eno je vrijeme prilagodbe na mirovinu i partnera.<\/p>\n\n\n\n<h3 class=\"wp-block-heading\">Ljudi bez posebnih interesa<\/h3>\n\n\n\n<p>Postoji i velik broj umirovljenika koji jednostavno nemaju hobije ili aktivnosti koje bi ih okupirale. Nikada nisu razvili interese izvan posla pa im mirovina brzo postaje nepodno\u0161ljivo dosadna. Bez jasne svrhe i rutine, dani im se \u010dine isprazni, a povla\u010denje iz dru\u0161tva \u010desto je neizbje\u017ean rezultat.<\/p>\n\n\n\n<h3 class=\"wp-block-heading\">Roditelji koji o\u010dekuju previ\u0161e od djece<\/h3>\n\n\n\n<p>Problemi nisu rijetki ni za umirovljene roditelje koji nemaju kvalitetan odnos s odraslom djecom. Nakon umirovljenja, o\u010dekuju vi\u0161e pa\u017enje i zajedni\u010dkog vremena, no \u010desto se razo\u010daraju kad obiteljski odnosi ne ispune njihova o\u010dekivanja. To mo\u017ee voditi osje\u0107aju odba\u010denosti ili nepotrebnosti, posebno u obiteljima gdje nema \u010dvrste povezanosti.<\/p>\n\n\n\n<h3 class=\"wp-block-heading\">Osobe naru\u0161enog zdravlja<\/h3>\n\n\n\n<p>Na kraju, tu su i oni koji ve\u0107 u mirovinu ulaze s naru\u0161enim zdravljem. Paradoksalno, o\u010dekivalo bi se da njima mirovina najvi\u0161e godi. No gledaju\u0107i druge zdravije i sretnije umirovljenike, postaju svjesniji svojih ograni\u010denja i briga koje ih sputavaju. Lije\u010denje, financijski pritisci i osje\u0107aj nemo\u0107i \u010desto ih dr\u017ee daleko od slike bezbri\u017enog umirovljeni\u010dkog \u017eivota kojeg svi pri\u017eeljkuju. <em>(r)<\/em><\/p>\n\n\n\n<div id=\"crveno\"><\/p>\n\n\n\n<h3 class=\"wp-block-heading\">Zanima nas va\u0161a pri\u010da<\/h3>\n\n\n\n<p>\u017delite li i vi, posve anonimno, podijeliti svoje iskustvo i vi\u0111enje ove teme s nama i na\u0161im \u010ditateljima, mo\u017eete to u\u010diniti putem web obrasca <a rel=\"noreferrer noopener\" href=\"https:\/\/www.mojevrijeme.hr\/magazin\/povjerljivo\/\" target=\"_blank\">Povjerljivo<\/a>. Napi\u0161ite svoju pri\u010du!<\/p>\n\n\n\n<p><\/div>\n\n\n\n<p><\/p>\n<div id=\"mojev-1178941834\" class=\"mojev-kraj-teksta mojev-entity-placement\" style=\"margin-bottom: 20px;margin-left: auto;margin-right: auto;text-align: center;\"><div class=\"mojev-adlabel\">oglas<\/div><div style=\"height: 250px;\"><script async src=\"https:\/\/pagead2.googlesyndication.com\/pagead\/js\/adsbygoogle.js?client=ca-pub-8106111766207173\"\r\n     crossorigin=\"anonymous\"><\/script>\r\n<!-- Display-1 -->\r\n<ins class=\"adsbygoogle\"\r\n     style=\"display:block\"\r\n     data-ad-client=\"ca-pub-8106111766207173\"\r\n     data-ad-slot=\"1465712950\"\r\n     data-ad-format=\"auto\"\r\n     data-full-width-responsive=\"true\"><\/ins>\r\n<script>\r\n     (adsbygoogle = window.adsbygoogle || []).push({});\r\n<\/script><\/div><\/div>","protected":false},"excerpt":{"rendered":"<p>Mirovina ne donosi svakome olak\u0161anje i bezbri\u017enost. Za dio ljudi trenutak umirovljenja ozna\u010dava gubitak upori\u0161ta, a svakodnevica se pretvara u borbu s prazninom i nelagodom koju ne uspijevaju prikriti.<\/p>\n","protected":false},"author":1,"featured_media":88519,"comment_status":"closed","ping_status":"closed","sticky":false,"template":"","format":"standard","meta":{"footnotes":""},"categories":[2],"tags":[957],"class_list":["post-145204","post","type-post","status-publish","format-standard","has-post-thumbnail","hentry","category-mozaik","tag-mirovina"],"_links":{"self":[{"href":"https:\/\/www.mojevrijeme.hr\/magazin\/wp-json\/wp\/v2\/posts\/145204","targetHints":{"allow":["GET"]}}],"collection":[{"href":"https:\/\/www.mojevrijeme.hr\/magazin\/wp-json\/wp\/v2\/posts"}],"about":[{"href":"https:\/\/www.mojevrijeme.hr\/magazin\/wp-json\/wp\/v2\/types\/post"}],"author":[{"embeddable":true,"href":"https:\/\/www.mojevrijeme.hr\/magazin\/wp-json\/wp\/v2\/users\/1"}],"replies":[{"embeddable":true,"href":"https:\/\/www.mojevrijeme.hr\/magazin\/wp-json\/wp\/v2\/comments?post=145204"}],"version-history":[{"count":3,"href":"https:\/\/www.mojevrijeme.hr\/magazin\/wp-json\/wp\/v2\/posts\/145204\/revisions"}],"predecessor-version":[{"id":145207,"href":"https:\/\/www.mojevrijeme.hr\/magazin\/wp-json\/wp\/v2\/posts\/145204\/revisions\/145207"}],"wp:featuredmedia":[{"embeddable":true,"href":"https:\/\/www.mojevrijeme.hr\/magazin\/wp-json\/wp\/v2\/media\/88519"}],"wp:attachment":[{"href":"https:\/\/www.mojevrijeme.hr\/magazin\/wp-json\/wp\/v2\/media?parent=145204"}],"wp:term":[{"taxonomy":"category","embeddable":true,"href":"https:\/\/www.mojevrijeme.hr\/magazin\/wp-json\/wp\/v2\/categories?post=145204"},{"taxonomy":"post_tag","embeddable":true,"href":"https:\/\/www.mojevrijeme.hr\/magazin\/wp-json\/wp\/v2\/tags?post=145204"}],"curies":[{"name":"wp","href":"https:\/\/api.w.org\/{rel}","templated":true}]}}