{"id":145269,"date":"2025-11-27T14:05:34","date_gmt":"2025-11-27T13:05:34","guid":{"rendered":"https:\/\/www.mojevrijeme.hr\/magazin\/?p=145269"},"modified":"2025-11-27T14:08:21","modified_gmt":"2025-11-27T13:08:21","slug":"plenkovic-o-mirovinama-iz-doprinosa-davno-su-prosla-ta-vremena","status":"publish","type":"post","link":"https:\/\/www.mojevrijeme.hr\/magazin\/2025\/11\/plenkovic-o-mirovinama-iz-doprinosa-davno-su-prosla-ta-vremena\/","title":{"rendered":"Plenkovi\u0107 o mirovinama iz doprinosa: Davno su pro\u0161la ta vremena"},"content":{"rendered":"\n<p>U Hrvatskom saboru u tijeku je aktualno prijepodne na kojem zastupnici postavljaju pitanja predsjedniku Vlade <strong>Andreju Plenkovi\u0107u<\/strong> (HDZ) i ministru financija Marku Primorcu o prijedlogu dr\u017eavnog prora\u010duna za idu\u0107u godinu.<\/p>\n\n\n\n<p>Izme\u0111u ostalog, zastupnik <strong>Damir Barbir<\/strong> (Centar), otvorio je temu financiranja mirovinskog sustava koji se, prema njemu, pretjerano financira iz dr\u017eavne blagajne. &#8220;Kako mislite osigurati dugoro\u010dnu odr\u017eivost prora\u010duna, ako mirovinski sustav svake godine mora biti saniran prora\u010dunskim transferima u iznosu od 40 posto?\u201d upitao je Barbir premijera.<\/p>\n\n\n\n<p>Barbir ka\u017ee da se radi o situaciji u kojoj umirovljenici, kao najugro\u017eenija dru\u0161tvena skupina, zaslu\u017euju stabilnost sustava i sigurnost te da ih inflacija najvi\u0161e poga\u0111a. &#8220;Svaka pomo\u0107 umirovljenicima jest dobrodo\u0161la i hvalevrijedna, ali to je samo ga\u0161enje po\u017eara\u201d. Naglasio je da je potrebna reforma koja \u0107e kreirati posve novi mirovinski sustav. &#8220;Je li to u planu i na koji na\u010din?\u201d pita ovaj zastupnik Centra.<\/p><div id=\"mojev-4227597716\" class=\"mojev-u-tekstu mojev-entity-placement\" style=\"margin-left: auto;margin-right: auto;text-align: center;\"><div class=\"mojev-adlabel\">oglas<\/div><div style=\"height: 250px;\"><script async src=\"https:\/\/pagead2.googlesyndication.com\/pagead\/js\/adsbygoogle.js?client=ca-pub-8106111766207173\"\r\n     crossorigin=\"anonymous\"><\/script>\r\n<!-- Prikazni 1 u tekstu -->\r\n<ins class=\"adsbygoogle\"\r\n     style=\"display:block\"\r\n     data-ad-client=\"ca-pub-8106111766207173\"\r\n     data-ad-slot=\"8535551207\"\r\n     data-ad-format=\"auto\"\r\n     data-full-width-responsive=\"true\"><\/ins>\r\n<script>\r\n     (adsbygoogle = window.adsbygoogle || []).push({});\r\n<\/script><\/div><\/div><br style=\"clear: both; display: block; float: none;\"\/>\n\n\n\n<p>Premijer Andrej Plenkovi\u0107 odgovorio mu je da bi i on \u017eelio da se sve mirovine financiraju isklju\u010divo iz doprinosa, ali da to ve\u0107 dugo nije mogu\u0107e. &#8220;To nije ni lani i preklani ni prije pet, deset, petnaest godina bilo mogu\u0107e. Davno su pro\u0161la vremena kada je bilo toliko vi\u0161e radnika koji su upla\u0107ivali doprinos da bi financirali one koji su do\u0161li u mirovinu.&#8221;<\/p>\n\n\n\n<p>Plenkovi\u0107 je naglasio da je sada broj zaposlenih znatno ve\u0107i. &#8220;Ovakav odnos onih koji rade i onih koji su u mirovini nismo imali dugi niz godina. Sad je udio novaca koji se upla\u0107uju iz doprinosa da bi se platile mirovine 65 posto. Ja ne znam je li bio ikad ve\u0107i. Evo, sad to \u010dak nije ni tako lo\u0161e.&#8221;<\/p>\n\n\n\n<p>Dodao je da nije realno o\u010dekivati da se mirovine mogu u cijelosti financirati iz doprinosa: \u201cTo bi bilo super, ali mislim da to nije realno. Nije ovo spa\u0161avanje. Ovo je ozbiljno vo\u0111enje politike od koje imaju svi koristi.&#8221;<\/p>\n\n\n\n<p>Podsjetimo, Hrvatski zavod za mirovinsko osiguranje objavio je statisti\u010dke pokazatelje za listopadske mirovine koje su ispla\u0107ene po\u010detkom ovog mjeseca. U Hrvatskoj je trenuta\u010dno 1.753.125 osiguranika i 1.230.851 korisnik mirovina, \u0161to zna\u010di da na jednog umirovljenika dolazi tek 1,42 radnika. Odnos je to koji i dalje opravdano izaziva zabrinutost ekonomista i demografa. Vi\u0161e o krvnoj slici mirovinskog sustava pro\u010ditajte na <a href=\"https:\/\/www.mojevrijeme.hr\/magazin\/2025\/11\/prosjecna-mirovina-za-40-godina-staza-preskocila-psiholosku-granicu-od-1-000-eura\/\">ovoj poveznici<\/a>.<\/p>\n<div id=\"mojev-695633189\" class=\"mojev-kraj-teksta mojev-entity-placement\" style=\"margin-bottom: 20px;margin-left: auto;margin-right: auto;text-align: center;\"><div class=\"mojev-adlabel\">oglas<\/div><div style=\"height: 250px;\"><script async src=\"https:\/\/pagead2.googlesyndication.com\/pagead\/js\/adsbygoogle.js?client=ca-pub-8106111766207173\"\r\n     crossorigin=\"anonymous\"><\/script>\r\n<!-- Display-1 -->\r\n<ins class=\"adsbygoogle\"\r\n     style=\"display:block\"\r\n     data-ad-client=\"ca-pub-8106111766207173\"\r\n     data-ad-slot=\"1465712950\"\r\n     data-ad-format=\"auto\"\r\n     data-full-width-responsive=\"true\"><\/ins>\r\n<script>\r\n     (adsbygoogle = window.adsbygoogle || []).push({});\r\n<\/script><\/div><\/div>","protected":false},"excerpt":{"rendered":"<p>Mirovine te\u0161ko priti\u0161\u0107u dr\u017eavni prora\u010dun, no premijer smatra da su vremena u kojima hrvatski mirovinski sustav po\u010diva na doprinosima &#8211; pro\u0161lo svr\u0161eno vrijeme.<\/p>\n","protected":false},"author":1,"featured_media":127966,"comment_status":"closed","ping_status":"closed","sticky":false,"template":"","format":"standard","meta":{"footnotes":""},"categories":[9],"tags":[1840,18,4869],"class_list":["post-145269","post","type-post","status-publish","format-standard","has-post-thumbnail","hentry","category-vijesti","tag-doprinosi","tag-mirovine","tag-plenkovic"],"_links":{"self":[{"href":"https:\/\/www.mojevrijeme.hr\/magazin\/wp-json\/wp\/v2\/posts\/145269","targetHints":{"allow":["GET"]}}],"collection":[{"href":"https:\/\/www.mojevrijeme.hr\/magazin\/wp-json\/wp\/v2\/posts"}],"about":[{"href":"https:\/\/www.mojevrijeme.hr\/magazin\/wp-json\/wp\/v2\/types\/post"}],"author":[{"embeddable":true,"href":"https:\/\/www.mojevrijeme.hr\/magazin\/wp-json\/wp\/v2\/users\/1"}],"replies":[{"embeddable":true,"href":"https:\/\/www.mojevrijeme.hr\/magazin\/wp-json\/wp\/v2\/comments?post=145269"}],"version-history":[{"count":6,"href":"https:\/\/www.mojevrijeme.hr\/magazin\/wp-json\/wp\/v2\/posts\/145269\/revisions"}],"predecessor-version":[{"id":145275,"href":"https:\/\/www.mojevrijeme.hr\/magazin\/wp-json\/wp\/v2\/posts\/145269\/revisions\/145275"}],"wp:featuredmedia":[{"embeddable":true,"href":"https:\/\/www.mojevrijeme.hr\/magazin\/wp-json\/wp\/v2\/media\/127966"}],"wp:attachment":[{"href":"https:\/\/www.mojevrijeme.hr\/magazin\/wp-json\/wp\/v2\/media?parent=145269"}],"wp:term":[{"taxonomy":"category","embeddable":true,"href":"https:\/\/www.mojevrijeme.hr\/magazin\/wp-json\/wp\/v2\/categories?post=145269"},{"taxonomy":"post_tag","embeddable":true,"href":"https:\/\/www.mojevrijeme.hr\/magazin\/wp-json\/wp\/v2\/tags?post=145269"}],"curies":[{"name":"wp","href":"https:\/\/api.w.org\/{rel}","templated":true}]}}