{"id":145276,"date":"2025-11-27T15:27:17","date_gmt":"2025-11-27T14:27:17","guid":{"rendered":"https:\/\/www.mojevrijeme.hr\/magazin\/?p=145276"},"modified":"2025-11-27T15:30:52","modified_gmt":"2025-11-27T14:30:52","slug":"plenkovic-hdz-je-dignuo-mirovine-za-300-eura-sdp-im-je-dao-dva-paketa-toaletnog-papira","status":"publish","type":"post","link":"https:\/\/www.mojevrijeme.hr\/magazin\/2025\/11\/plenkovic-hdz-je-dignuo-mirovine-za-300-eura-sdp-im-je-dao-dva-paketa-toaletnog-papira\/","title":{"rendered":"Plenkovi\u0107: HDZ je dignuo mirovine za 300 eura, SDP im je dao dva paketa toaletnog papira"},"content":{"rendered":"\n<p>Premijer Andrej Plenkovi\u0107 (HDZ) u \u010detvrtak je u Saboru branio prijedlog dr\u017eavnog prora\u010duna za 2026. godinu, odbaciv\u0161i tvrdnje SDP-a da Vlada zanemaruje umirovljenike. Podsjetio je da je, u \u010detiri godine SDP-ove vlade, mirovina porasla 12 eura, dok je u njegova dva mandata porasla oko 300 eura.<\/p>\n\n\n\n<p>SDP-ov Sa\u0161a \u0110uji\u0107 optu\u017eio je Vladu da umirovljenike tretira kao tro\u0161ak, upozoriv\u0161i da godi\u0161nji dodatak iznosi tek \u0161est eura po godini sta\u017ea. \u201cZnate li \u0161to se za to mo\u017ee kupiti?\u201d upitao je premijera i pokazao mu paket toaletnog papira. \u201cTo nije briga za umirovljenike nego poni\u017eenje i uvreda\u201d, rekao je.<\/p>\n\n\n\n<p>Plenkovi\u0107 mu je uzvratio da je \u201cto sigurno smislio novi PR tim\u201d, te ponovio da su mirovine za SDP-ove vlade porasle tek za ova dva paketa toaletnog papira, 12 eura u \u010detiri godine. \u201cU na\u0161em mandatu rasle su vi\u0161e od 300 eura, ili 82 posto, a dignut \u0107emo ih jo\u0161 za 30 posto do 2028. godine\u201d dodao je, primijetiv\u0161i da &#8220;ni Miro Bulj nije u sabornicu donosio toaletni papir&#8221;.<\/p><div id=\"mojev-4176353129\" class=\"mojev-u-tekstu mojev-entity-placement\" style=\"margin-left: auto;margin-right: auto;text-align: center;\"><div class=\"mojev-adlabel\">oglas<\/div><div style=\"height: 250px;\"><script async src=\"https:\/\/pagead2.googlesyndication.com\/pagead\/js\/adsbygoogle.js?client=ca-pub-8106111766207173\"\r\n     crossorigin=\"anonymous\"><\/script>\r\n<!-- Prikazni 1 u tekstu -->\r\n<ins class=\"adsbygoogle\"\r\n     style=\"display:block\"\r\n     data-ad-client=\"ca-pub-8106111766207173\"\r\n     data-ad-slot=\"8535551207\"\r\n     data-ad-format=\"auto\"\r\n     data-full-width-responsive=\"true\"><\/ins>\r\n<script>\r\n     (adsbygoogle = window.adsbygoogle || []).push({});\r\n<\/script><\/div><\/div><br style=\"clear: both; display: block; float: none;\"\/>\n\n\n\n<p>\u201cKupite jo\u0161 jedno pakiranje neka vas podsje\u0107a na va\u0161 dar umirovljenicima\u201d, dobacio je premijer \u0110uji\u0107u.<\/p>\n\n\n\n<p>Plenkovi\u0107 je odgovorio i Ivici Baksi (NPS), koji je tra\u017eio ukidanje TV pristojbe za umirovljenike. Naglasio je da \u0161est eura po godini sta\u017ea za nekoga s 30 godina sta\u017ea zna\u010di 180 eura, te da \u0107e zahvaljuju\u0107i ura\u010dunavanju dodatka prosje\u010dna mirovina od 1. sije\u010dnja prije\u0107i 700 eura. Baksi je poru\u010dio da \u0107e Vlada \u201crazmotriti\u201d njegov amandman, ali bez \u010dvrstog obe\u0107anja.<\/p>\n<div id=\"mojev-4080712902\" class=\"mojev-kraj-teksta mojev-entity-placement\" style=\"margin-bottom: 20px;margin-left: auto;margin-right: auto;text-align: center;\"><div class=\"mojev-adlabel\">oglas<\/div><div style=\"height: 250px;\"><script async src=\"https:\/\/pagead2.googlesyndication.com\/pagead\/js\/adsbygoogle.js?client=ca-pub-8106111766207173\"\r\n     crossorigin=\"anonymous\"><\/script>\r\n<!-- Display-1 -->\r\n<ins class=\"adsbygoogle\"\r\n     style=\"display:block\"\r\n     data-ad-client=\"ca-pub-8106111766207173\"\r\n     data-ad-slot=\"1465712950\"\r\n     data-ad-format=\"auto\"\r\n     data-full-width-responsive=\"true\"><\/ins>\r\n<script>\r\n     (adsbygoogle = window.adsbygoogle || []).push({});\r\n<\/script><\/div><\/div>","protected":false},"excerpt":{"rendered":"<p>SDP je poku\u0161ao izmjeriti uspjeh Plenkovi\u0107eve vlade rolama toaletnog papira, a premijer je prihvatio igru. No, mo\u017eemo li uskla\u0111ivanja s inflacijom zaista nazvati rastom mirovina od 300 eura?<\/p>\n","protected":false},"author":1,"featured_media":129903,"comment_status":"closed","ping_status":"closed","sticky":false,"template":"","format":"standard","meta":{"footnotes":""},"categories":[9],"tags":[18,4869,4051],"class_list":["post-145276","post","type-post","status-publish","format-standard","has-post-thumbnail","hentry","category-vijesti","tag-mirovine","tag-plenkovic","tag-uskladivanje"],"_links":{"self":[{"href":"https:\/\/www.mojevrijeme.hr\/magazin\/wp-json\/wp\/v2\/posts\/145276","targetHints":{"allow":["GET"]}}],"collection":[{"href":"https:\/\/www.mojevrijeme.hr\/magazin\/wp-json\/wp\/v2\/posts"}],"about":[{"href":"https:\/\/www.mojevrijeme.hr\/magazin\/wp-json\/wp\/v2\/types\/post"}],"author":[{"embeddable":true,"href":"https:\/\/www.mojevrijeme.hr\/magazin\/wp-json\/wp\/v2\/users\/1"}],"replies":[{"embeddable":true,"href":"https:\/\/www.mojevrijeme.hr\/magazin\/wp-json\/wp\/v2\/comments?post=145276"}],"version-history":[{"count":4,"href":"https:\/\/www.mojevrijeme.hr\/magazin\/wp-json\/wp\/v2\/posts\/145276\/revisions"}],"predecessor-version":[{"id":145284,"href":"https:\/\/www.mojevrijeme.hr\/magazin\/wp-json\/wp\/v2\/posts\/145276\/revisions\/145284"}],"wp:featuredmedia":[{"embeddable":true,"href":"https:\/\/www.mojevrijeme.hr\/magazin\/wp-json\/wp\/v2\/media\/129903"}],"wp:attachment":[{"href":"https:\/\/www.mojevrijeme.hr\/magazin\/wp-json\/wp\/v2\/media?parent=145276"}],"wp:term":[{"taxonomy":"category","embeddable":true,"href":"https:\/\/www.mojevrijeme.hr\/magazin\/wp-json\/wp\/v2\/categories?post=145276"},{"taxonomy":"post_tag","embeddable":true,"href":"https:\/\/www.mojevrijeme.hr\/magazin\/wp-json\/wp\/v2\/tags?post=145276"}],"curies":[{"name":"wp","href":"https:\/\/api.w.org\/{rel}","templated":true}]}}