{"id":145285,"date":"2025-11-28T06:15:00","date_gmt":"2025-11-28T05:15:00","guid":{"rendered":"https:\/\/www.mojevrijeme.hr\/magazin\/?p=145285"},"modified":"2025-11-28T08:55:13","modified_gmt":"2025-11-28T07:55:13","slug":"gnomovi-pod-povecalom-zasto-bi-ikome-smetala-ta-vesela-figura-pod-jelkom","status":"publish","type":"post","link":"https:\/\/www.mojevrijeme.hr\/magazin\/2025\/11\/gnomovi-pod-povecalom-zasto-bi-ikome-smetala-ta-vesela-figura-pod-jelkom\/","title":{"rendered":"Gnomovi pod pove\u0107alom: Za\u0161to bi ikome smetala ta vesela figura pod jelkom?"},"content":{"rendered":"\n<p>Ora\u0161ar ili gnom? Sezona je kada neki katoli\u010dki sve\u0107enici i rigidniji vjernici kre\u0107u u rat protiv &#8220;svega \u0161to nije kr\u0161\u0107ansko u Bo\u017ei\u0107u&#8221;. Tako smo <a href=\"https:\/\/www.mojevrijeme.hr\/magazin\/2025\/11\/svecenik-iz-broda-porucio-orasara-mozete-imati-u-svoja-cetiri-zida-javno-ne\/\">nakon napada na Ora\u0161ara<\/a> u Gorskom kotaru, imali priliku svjedo\u010diti i napadu na skandinavske gnomove koji su, zahvaljuju\u0107i \u0161vedskim trgova\u010dkim lancima, sve popularniji i u hrvatskim domovima.<\/p>\n\n\n\n<p>No je li simpati\u010dni ljutko s bradom neprijatelj Bo\u017ei\u0107a? On je tu da razveseli, a ne da zamjenjuje ro\u0111enje Isusa. Koliko vidimo, nitko mu se ne klanja, nitko mu se ne moli, s njim ne dolaze vjerski rituali i nitko mu ne pridaje religijsko zna\u010denje pa je pitanje za\u0161to mu ga onda mnogi uporno poku\u0161avaju nametnuti.<\/p>\n\n\n\n<p>&#8220;Nema ga u Bibliji&#8221;, ka\u017ee jedna na\u0161a \u010ditateljica koja se zala\u017ee za selektivno tuma\u010denje svete knjige. Ne koristite svete spise stare nekoliko tisu\u0107a godina kao malj, ako niste spremni \u017eivjeti kao \u0161to se \u017eivjelo u vremenima kada su napisani, odgovaramo. &#8220;Nije u hrvatskoj tradiciji&#8221;, ka\u017ee druga. Nije bila ni bo\u017ei\u0107na jelka prije 150 godina pa je u\u0161la u tradiciju, ka\u017eemo. Tradicije se, o\u010dito mijenjaju.<\/p><div id=\"mojev-2022521062\" class=\"mojev-u-tekstu mojev-entity-placement\" style=\"margin-left: auto;margin-right: auto;text-align: center;\"><div class=\"mojev-adlabel\">oglas<\/div><div style=\"height: 250px;\"><script async src=\"https:\/\/pagead2.googlesyndication.com\/pagead\/js\/adsbygoogle.js?client=ca-pub-8106111766207173\"\r\n     crossorigin=\"anonymous\"><\/script>\r\n<!-- Prikazni 1 u tekstu -->\r\n<ins class=\"adsbygoogle\"\r\n     style=\"display:block\"\r\n     data-ad-client=\"ca-pub-8106111766207173\"\r\n     data-ad-slot=\"8535551207\"\r\n     data-ad-format=\"auto\"\r\n     data-full-width-responsive=\"true\"><\/ins>\r\n<script>\r\n     (adsbygoogle = window.adsbygoogle || []).push({});\r\n<\/script><\/div><\/div><br style=\"clear: both; display: block; float: none;\"\/>\n\n\n\n<p>Na koncu, za\u0161to bismo uop\u0107e ovu simpati\u010dnu figuricu promatrali tako prizemno i strogo, kao da blagdani ne dopu\u0161taju ni trunku dodatne radosti?  Tko su ti gnomovi o kojima govorimo i \u0161to zapravo predstavljaju?<\/p>\n\n\n\n<h3 class=\"wp-block-heading\">Nisse, tomte i tonttu<\/h3>\n\n\n\n<p>Odgovor na postavljeno pitanje dolazi iz vrlo stare skandinavske tradicije. Filcani gnomovi, koji nam danas o Bo\u017ei\u0107u ulaze u ku\u0107e i stanove, nisu posljedica internetskih trendova, nego daleki, vizualno &#8220;omek\u0161ani&#8221; potomci jednog od najstarijih nordijskih ku\u0107nih duhova: <strong>nissea <\/strong>u Danskoj i Norve\u0161koj, odnosno <strong>tomtea <\/strong>u \u0160vedskoj i <strong>tonttua <\/strong>u Finskoj.<\/p>\n\n\n\n<p>Izvorni folklorni zapisi nisu nissea predstavljali kao slatkog bradatog djeda, ve\u0107 je on predstavljan kao strogi \u010duvar doma i seoskog gospodarstva. Predaje iz 17. i 18. stolje\u0107a opisuju ga kao bi\u0107e visoko do koljena odraslog \u010dovjeka, odjeveno u sivo, s crvenom kapicom i neugodnom navikom da ka\u017enjava lijenost i bezobzirnost. Nisse je bio zadu\u017een za red i disciplinu u seoskom doma\u0107instvu. Doma\u0107inima koji su ga po\u0161tivali \u010duvao je polja i stoku, a onima koji su ga zanemarivali, darivao je kaos i probleme.<\/p>\n\n\n\n<p>Taj odnos po\u0161tovanja posebno je dolazio do izra\u017eaja na Badnjak. Skandinavske obitelji ostavljale bi mu zdjelu tople zobene ka\u0161e, kao \u0161to u nekim dijelovima svijeta djeca ostavljaju mlijeko i kekse svetom Nikoli. Ako bi ka\u0161a bila ukusna i bogata, idu\u0107a godina \u0107e biti dobra. Ako bi zaboravili na njega, nisse bi pokazao svoju osvetoljubivost. Ba\u0161 zato, iako nije bio kr\u0161\u0107anski lik, \u010dvrsto je u\u0161ao u bo\u017ei\u0107ni folklor: kao mali duh koji bdije nad domom u najhladnijem dijelu godine. Ne\u0161to poput &#8220;doma\u0107ih&#8221;, kako se nazivaju ku\u0107ni duhovi &#8211; \u010duvari doma i ognji\u0161ta u slavenskoj mitologiji.<\/p>\n\n\n\n<h3 class=\"wp-block-heading\">Kako je nisse osvojio svijet? <\/h3>\n\n\n\n<p>U 19. stolje\u0107u, pod utjecajem rasko\u0161no ilustriranih \u010destitki i novina, uslijed sve br\u017ee komercijalizacije Bo\u017ei\u0107a, nisse je postupno gubio svoju prgavost. Umjetnici poput Jenny Nystr\u00f6m u \u0160vedskoj pretvorili su ga u vedrog, bradatog pomaga\u010da, \u010desto prikazanog uz bor ili darove. Moderni gnom, onaj s velikom vunenom kapom preko o\u010diju, s okruglim nosom koji proviruje iznad duge brade, izravni je potomak te transformacije.<\/p>\n\n\n\n<p>Dakle, gnomovi nisu jeftina izmi\u0161ljotina, a najmanje vjersko-ideolo\u0161ki projekt. Rije\u010d je o jednom od rijetkih pre\u017eivjelih likova starog nordijskog folklora. Zapravo, trebao bi nas podsje\u0107ati koliko ljubavi i brige trebamo posvetiti domu i obitelji, koliko trebamo \u010duvati svoju stoku i polja, ba\u0161 onako kako je to prema nordijskim predajama radilo malo tvrdoglavo bi\u0107e koje se skrivalo negdje visoko na sjeniku.<\/p>\n\n\n\n<p>Jesu li bo\u017ei\u0107ni gnomovi, kako ovih dana slu\u0161amo, prijetnja kr\u0161\u0107anskom Bo\u017ei\u0107u? Jesu, ako su prijetnja ki\u0107enje jelke, Djed Bo\u017ei\u0107njak ili neko sli\u010dno dodatno veselje. Ljudi ih vole jer unose toplinu, boju i malo vedrine u domove. Sve ostalo je sezonsko \u0161irenje moralne panike koja \u0107e, poput blagdanskih akcija, splasnuti ve\u0107 s prvim danom nove godine.<\/p>\n<div id=\"mojev-1761425870\" class=\"mojev-kraj-teksta mojev-entity-placement\" style=\"margin-bottom: 20px;margin-left: auto;margin-right: auto;text-align: center;\"><div class=\"mojev-adlabel\">oglas<\/div><div style=\"height: 250px;\"><script async src=\"https:\/\/pagead2.googlesyndication.com\/pagead\/js\/adsbygoogle.js?client=ca-pub-8106111766207173\"\r\n     crossorigin=\"anonymous\"><\/script>\r\n<!-- Display-1 -->\r\n<ins class=\"adsbygoogle\"\r\n     style=\"display:block\"\r\n     data-ad-client=\"ca-pub-8106111766207173\"\r\n     data-ad-slot=\"1465712950\"\r\n     data-ad-format=\"auto\"\r\n     data-full-width-responsive=\"true\"><\/ins>\r\n<script>\r\n     (adsbygoogle = window.adsbygoogle || []).push({});\r\n<\/script><\/div><\/div>","protected":false},"excerpt":{"rendered":"<p>U poplavi vjerskog \u010distunstva, na udaru se, nakon Ora\u0161ara, na\u0161ao i nisse &#8211; bo\u017ei\u0107ni gnom. neki ga progla\u0161avaju opasnim strancem, iako malo tko zna tko je taj simpati\u010dni bradati prgavac. <\/p>\n","protected":false},"author":1,"featured_media":145299,"comment_status":"closed","ping_status":"closed","sticky":false,"template":"","format":"standard","meta":{"footnotes":""},"categories":[2],"tags":[385,1070],"class_list":["post-145285","post","type-post","status-publish","format-standard","has-post-thumbnail","hentry","category-mozaik","tag-bozic","tag-katolici"],"_links":{"self":[{"href":"https:\/\/www.mojevrijeme.hr\/magazin\/wp-json\/wp\/v2\/posts\/145285","targetHints":{"allow":["GET"]}}],"collection":[{"href":"https:\/\/www.mojevrijeme.hr\/magazin\/wp-json\/wp\/v2\/posts"}],"about":[{"href":"https:\/\/www.mojevrijeme.hr\/magazin\/wp-json\/wp\/v2\/types\/post"}],"author":[{"embeddable":true,"href":"https:\/\/www.mojevrijeme.hr\/magazin\/wp-json\/wp\/v2\/users\/1"}],"replies":[{"embeddable":true,"href":"https:\/\/www.mojevrijeme.hr\/magazin\/wp-json\/wp\/v2\/comments?post=145285"}],"version-history":[{"count":30,"href":"https:\/\/www.mojevrijeme.hr\/magazin\/wp-json\/wp\/v2\/posts\/145285\/revisions"}],"predecessor-version":[{"id":145318,"href":"https:\/\/www.mojevrijeme.hr\/magazin\/wp-json\/wp\/v2\/posts\/145285\/revisions\/145318"}],"wp:featuredmedia":[{"embeddable":true,"href":"https:\/\/www.mojevrijeme.hr\/magazin\/wp-json\/wp\/v2\/media\/145299"}],"wp:attachment":[{"href":"https:\/\/www.mojevrijeme.hr\/magazin\/wp-json\/wp\/v2\/media?parent=145285"}],"wp:term":[{"taxonomy":"category","embeddable":true,"href":"https:\/\/www.mojevrijeme.hr\/magazin\/wp-json\/wp\/v2\/categories?post=145285"},{"taxonomy":"post_tag","embeddable":true,"href":"https:\/\/www.mojevrijeme.hr\/magazin\/wp-json\/wp\/v2\/tags?post=145285"}],"curies":[{"name":"wp","href":"https:\/\/api.w.org\/{rel}","templated":true}]}}